{"id":19918,"date":"2020-07-13T09:56:37","date_gmt":"2020-07-13T07:56:37","guid":{"rendered":"https:\/\/www.generationsanstabac.org\/actualites\/etat-de-lindiana-entree-en-vigueur-de-la-nouvelle-loi-federale-elevant-lage-pour-fumer-et-vapoter\/"},"modified":"2020-07-13T09:56:37","modified_gmt":"2020-07-13T07:56:37","slug":"etat-de-lindiana-entree-en-vigueur-de-la-nouvelle-loi-federale-elevant-lage-pour-fumer-et-vapoter","status":"publish","type":"actualites","link":"https:\/\/www.generationsanstabac.org\/fr\/actualites\/etat-de-lindiana-entree-en-vigueur-de-la-nouvelle-loi-federale-elevant-lage-pour-fumer-et-vapoter\/","title":{"rendered":"Etat de l\u2019Indiana : entr\u00e9e en vigueur de la nouvelle loi f\u00e9d\u00e9rale \u00e9levant l\u2019\u00e2ge pour fumer et vapoter"},"content":{"rendered":"<p style=\"text-align: justify;\"><em>Afin de lutter contre la mont\u00e9e en puissance des vapoteuses chez les coll\u00e9giens et les lyc\u00e9ens, le gouvernement am\u00e9ricain avait amend\u00e9 en d\u00e9cembre 2019 une loi relevant de 18 \u00e0 21 ans l&rsquo;\u00e2ge minimum l\u00e9gal pour acheter des produits du tabac[1]. Cette mesure longtemps soutenue par les d\u00e9mocrates et r\u00e9publicains est entr\u00e9e en vigueur le 1er juillet 2020 dans l\u2019\u00c9tat de l\u2019Indiana et dans l\u2019ensemble des \u00c9tats-Unis<\/em>.[2].<\/p>\n<h2 style=\"text-align: justify;\">Mise en application de la l\u00e9gislation f\u00e9d\u00e9rale sur la vente des produits de tabac<\/h2>\n<p style=\"text-align: justify;\">Les produits du tabac et cigarettes \u00e9lectroniques rejoignent donc les boissons alcoolis\u00e9es pour lesquelles la vente aux moins de 21 ans est prohib\u00e9e.<\/p>\n<p style=\"text-align: justify;\">Par cons\u00e9quent, les distributeurs auront l\u2019interdiction de vendre du tabac \u00e0 tout consommateur de moins de 21 ans. En cas de non-respect et d\u2019infraction \u00e0 la loi, les d\u00e9taillants devront alors payer une amende de 400 dollars, soit le double du montant de l\u2019amende initiale \u00e9valu\u00e9e \u00e0 200 dollars.<\/p>\n<h2 style=\"text-align: justify;\">Une mesure pour r\u00e9duire le tabagisme<\/h2>\n<p style=\"text-align: justify;\">La loi sur le rel\u00e8vement de 18 \u00e0 21 ans de l&rsquo;\u00e2ge l\u00e9gal pour acheter du tabac ou des produits d\u00e9riv\u00e9s du tabac aux \u00c9tats-Unis constitue un progr\u00e8s majeur dans la lutte contre le tabagisme et pourrait avoir une incidence significative sur le long terme en mati\u00e8re de sant\u00e9 publique quand \u201cdeux adolescents sur trois qui exp\u00e9rimentent la cigarette ne peuvent plus s\u2019en passer\u201d[3].<\/p>\n<p style=\"text-align: justify;\">Faisant partie des \u00c9tats am\u00e9ricains ayant l\u2019un des taux de tabagisme le plus \u00e9lev\u00e9[4], l\u2019\u00c9tat de l\u2019Indiana a mis en place en collaboration avec l\u2019organisation <em>Tobacco Prevention and Cessation Commission of the Indiana State Department of Health<\/em> (TPC), un programme de lutte contre le tabac visant \u00e0 r\u00e9duire l&rsquo;utilisation de tous les produits du tabac dans l&rsquo;Indiana ainsi qu\u2019\u00e0 r\u00e9duire l&rsquo;exposition \u00e0 la fum\u00e9e de tabac[5].<\/p>\n<p style=\"text-align: justify;\">Par ailleurs, sur les 556,9 millions de dollars &#8211; estim\u00e9s &#8211; de recettes fiscales li\u00e9es au tabac, l&rsquo;\u00c9tat de l\u2019Indiana a renvers\u00e9 pr\u00e8s de 7,5 millions de dollars de fonds publics \u00e0 la pr\u00e9vention du tabagisme au cours de l&rsquo;exercice 2019, soit 10,2% de l&rsquo;objectif de d\u00e9penses annuel du <em>Centers for Disease Control and Prevention<\/em>.[6]<\/p>\n<p>&nbsp;<\/p>\n<p><span style=\"color: #666699;\"><a style=\"color: #666699;\" href=\"https:\/\/www.generationsanstabac.org\/\">\u00a9G\u00e9n\u00e9ration Sans Tabac<\/a><\/span><\/p>\n<hr \/>\n<p>[1] DNF, <a href=\"https:\/\/www.generationsanstabac.org\/actualites\/quand-armee-americaine-se-saisit-fleau-tabagisme-rangs\/\" target=\"_blank\" rel=\"noopener noreferrer\"><em>Quand l\u2019arm\u00e9e am\u00e9ricaine se saisit du fl\u00e9au du tabagisme dans ses rangs<\/em><\/a>, G\u00e9n\u00e9ration sans tabac (11 mai 2020 &#8211; consult\u00e9 le 7 juillet 2020).<\/p>\n<p>[2] SPRINGGATE Jack,<a href=\"https:\/\/www.wndu.com\/content\/news\/Indiana-officially-raises-age-to-buy-tobacco-products-to-21-on-July-1st-571533131.html\" target=\"_blank\" rel=\"noopener noreferrer\"><em> Indiana officially raises age to buy tobacco products to 21 on July 1st<\/em><\/a>, www.wndu.com (29 juin 2020 &#8211; consult\u00e9 le 7 juillet 2020).<\/p>\n<p>[3] CNCT, <a href=\"https:\/\/www.generationsanstabac.org\/actualites\/relever-age-minimum-vente-tabac-freiner-tabagisme-jeunes\/\" target=\"_blank\" rel=\"noopener noreferrer\"><em>Relever l\u2019\u00e2ge minimum de vente du tabac pour freiner le tabagisme chez les jeunes<\/em><\/a>, G\u00e9n\u00e9ration sans tabac (7 juillet 2020 &#8211; consult\u00e9 le 7 juillet 2020).<\/p>\n<p>[4] <a href=\"https:\/\/truthinitiative.org\/research-resources\/smoking-region\/what-do-us-states-highest-smoking-rates-have-common\" target=\"_blank\" rel=\"noopener noreferrer\"><em>What do the U.S. states with the highest smoking rates have in common?<\/em><\/a>, www.truthinitiative.org (6 juin 2019 &#8211; consult\u00e9 le 7 juillet 2020).<\/p>\n<p>[5] <a href=\"http:\/\/www.state.in.us\/isdh\/tpc\/files\/2020%20Strategic%20Plan_PDF_FINAL.pdf\" target=\"_blank\" rel=\"noopener noreferrer\"><em>Indiana Tobacco Control 2020 Strategic Plan<\/em><\/a> (consult\u00e9 le 7 juillet 2020).<\/p>\n<p>[6] <a href=\"https:\/\/truthinitiative.org\/research-resources\/smoking-region\/tobacco-use-indiana-2019\" target=\"_blank\" rel=\"noopener noreferrer\"><em>Tobacco use in Indiana 2019<\/em><\/a>, www.truthinitiative.org (28 juin 2019 &#8211; consult\u00e9 le 7 juillet 2020).<\/p>\n<p><span style=\"color: #e8e8e8;\"><strong><a style=\"color: #e8e8e8;\" href=\"http:\/\/dnf.asso.fr\/\/\" target=\"_blank\" rel=\"noopener noreferrer\">DNF &#8211; Pour un Monde ZeroTabac | ML<\/a><\/strong><\/span><\/p>\n","protected":false},"excerpt":{"rendered":"<p>Afin de lutter contre la mont\u00e9e en puissance des vapoteuses chez les coll\u00e9giens et les lyc\u00e9ens, le gouvernement am\u00e9ricain avait amend\u00e9 en d\u00e9cembre 2019 une loi relevant de 18 \u00e0 21 ans l&rsquo;\u00e2ge minimum l\u00e9gal pour acheter des produits du tabac. Cette mesure longtemps soutenue par les d\u00e9mocrates et r\u00e9publicains est entr\u00e9e en vigueur le 1er juillet 2020 dans l\u2019\u00c9tat de l\u2019Indiana et dans l\u2019ensemble des \u00c9tats-Unis.<\/p>\n","protected":false},"featured_media":19919,"template":"","tags":[],"thematique":[491,474],"class_list":["post-19918","actualites","type-actualites","status-publish","has-post-thumbnail","hentry","thematique-politiques-publiques","thematique-sante"],"acf":[],"_links":{"self":[{"href":"https:\/\/www.generationsanstabac.org\/fr\/wp-json\/wp\/v2\/actualites\/19918","targetHints":{"allow":["GET"]}}],"collection":[{"href":"https:\/\/www.generationsanstabac.org\/fr\/wp-json\/wp\/v2\/actualites"}],"about":[{"href":"https:\/\/www.generationsanstabac.org\/fr\/wp-json\/wp\/v2\/types\/actualites"}],"version-history":[{"count":0,"href":"https:\/\/www.generationsanstabac.org\/fr\/wp-json\/wp\/v2\/actualites\/19918\/revisions"}],"wp:featuredmedia":[{"embeddable":true,"href":"https:\/\/www.generationsanstabac.org\/fr\/wp-json\/wp\/v2\/media\/19919"}],"wp:attachment":[{"href":"https:\/\/www.generationsanstabac.org\/fr\/wp-json\/wp\/v2\/media?parent=19918"}],"wp:term":[{"taxonomy":"post_tag","embeddable":true,"href":"https:\/\/www.generationsanstabac.org\/fr\/wp-json\/wp\/v2\/tags?post=19918"},{"taxonomy":"thematique","embeddable":true,"href":"https:\/\/www.generationsanstabac.org\/fr\/wp-json\/wp\/v2\/thematique?post=19918"}],"curies":[{"name":"wp","href":"https:\/\/api.w.org\/{rel}","templated":true}]}}