{"id":19914,"date":"2020-07-09T13:04:43","date_gmt":"2020-07-09T11:04:43","guid":{"rendered":"https:\/\/www.generationsanstabac.org\/actualites\/jeanne-polles-philip-morris-tribune-opinion\/"},"modified":"2020-07-09T13:04:43","modified_gmt":"2020-07-09T11:04:43","slug":"jeanne-polles-philip-morris-tribune-opinion","status":"publish","type":"actualites","link":"https:\/\/www.generationsanstabac.org\/fr\/actualites\/jeanne-polles-philip-morris-tribune-opinion\/","title":{"rendered":"Philip Morris France s\u2019offre une tribune dans l\u2019Opinion"},"content":{"rendered":"<p style=\"text-align: justify;\"><em>Dans une tribune publi\u00e9e le 3 juillet 2020 dans le quotidien l\u2019Opinion, Jeanne Poll\u00e8s, pr\u00e9sidente de Philip Morris France, d\u00e9veloppe un argumentaire en faveur des nouveaux produits du tabac, et appelle les pouvoirs publics \u00e0 reconsid\u00e9rer la place des cigarettiers dans la soci\u00e9t\u00e9, pr\u00e9sent\u00e9s comme \u00e0 m\u00eame de participer \u00e0 l\u2019\u00e9laboration de politiques publiques ambitieuses, notamment sur la sant\u00e9. Cette tribune, dont la plateforme G\u00e9n\u00e9ration Sans Tabac propose un <a href=\"https:\/\/www.generationsanstabac.org\/article\/quand-pmi-soffre-une-tribune-quotidien-francais-jeanne-polles\/\" target=\"_blank\" rel=\"noopener noreferrer\">d\u00e9cryptage<\/a>, est un condens\u00e9 de contre-v\u00e9rit\u00e9s et d\u2019\u00e9l\u00e9ments de langage des cigarettiers. <\/em><\/p>\n<p style=\"text-align: justify;\"><strong>Une op\u00e9ration de promotion<\/strong><\/p>\n<p style=\"text-align: justify;\">On peut d\u2019abord voir dans cette tribune un contournement de la loi fran\u00e7aise, interdisant toute forme de publicit\u00e9 directe ou indirecte des produits du tabac. Jeanne Poll\u00e8s fait en effet la promotion des nouveaux produits, pr\u00e9sent\u00e9s comme une alternative moins nocive \u00e0 la cigarette traditionnelle. Dans les faits, la moindre dangerosit\u00e9 des nouveaux produits du tabac est invalid\u00e9e par les \u00e9tudes scientifiques ind\u00e9pendantes. Cette strat\u00e9gie de pr\u00e9senter successivement des nouvelles solutions autoproclam\u00e9es pour r\u00e9duire le risque sanitaire de ses propres produits est une constante de l\u2019industrie du tabac (cigarettes \u00ab l\u00e9g\u00e8res \u00bb, menthol, filtre, etc).<\/p>\n<p style=\"text-align: justify;\"><strong>Assouplir  le cadre r\u00e9glementaire fran\u00e7ais<\/strong><\/p>\n<p style=\"text-align: justify;\">Au-del\u00e0 d\u2019une simple op\u00e9ration de promotion, il s\u2019agit d\u2019un v\u00e9ritable plaidoyer visant \u00e0 faire de l\u2019industrie du tabac un partenaire l\u00e9gitime et indispensable dans l\u2019\u00e9laboration des politiques de sant\u00e9 publiques. L\u2019objectif est donc de red\u00e9finir le cadre r\u00e9glementaire en vigueur, qui souligne la n\u00e9cessit\u00e9 d\u2019exclure l\u2019industrie du tabac dans les processus d\u2019\u00e9laboration et de mise en \u0153uvre de politiques antitabac, condition <em>sine qua non<\/em> de leur efficacit\u00e9. Par d\u00e9finition, les int\u00e9r\u00eats de l\u2019industrie du tabac sont fonci\u00e8rement incompatibles avec ceux de la sant\u00e9 publique<a href=\"#_ftn1\" name=\"_ftnref1\">[1]<\/a>. Syst\u00e9matiquement, les cigarettiers s\u2019opposent \u00e0 la mise en place de mesures de pr\u00e9vention et de contr\u00f4le du tabagisme, responsable direct de plus de huit millions de personnes \u00e0 travers le monde.<\/p>\n<p style=\"text-align: justify;\"><span style=\"color: #800080;\"><a style=\"color: #800080;\" href=\"https:\/\/www.generationsanstabac.org\/\">\u00a9G\u00e9n\u00e9ration Sans Tabac<\/a><\/span><\/p>\n<hr \/>\n<p><a href=\"#_ftnref1\" name=\"_ftn1\">[1]<\/a> Voir l\u2019article 5.3 de la Convention Cadre de l\u2019Organisation Mondiale de la Sant\u00e9 pour la Lutte AntiTabac (CCLAT)<\/p>\n<p><a href=\"https:\/\/apps.who.int\/iris\/bitstream\/handle\/10665\/42812\/9242591017.pdf;jsessionid=8AFEA55994B16AC318D152A4D102B165?sequence=1\">https:\/\/apps.who.int\/iris\/bitstream\/handle\/10665\/42812\/9242591017.pdf;jsessionid=8AFEA55994B16AC318D152A4D102B165?sequence=1<\/a><\/p>\n<p><span style=\"color: #999999;\"><strong><a style=\"color: #999999;\" href=\"http:\/\/www.cnct.fr\/\" target=\"_blank\" rel=\"noopener noreferrer\">\u00a9Comit\u00e9 National Contre le Tabagisme |<\/a><\/strong><\/span><\/p>\n","protected":false},"excerpt":{"rendered":"<p>Dans une tribune publi\u00e9e le 3 juillet 2020 dans le quotidien l\u2019Opinion, Jeanne Poll\u00e8s, pr\u00e9sidente de Philip Morris France, d\u00e9veloppe un argumentaire en faveur des nouveaux produits du tabac, et appelle les pouvoirs publics \u00e0 reconsid\u00e9rer la place des cigarettiers dans la soci\u00e9t\u00e9, pr\u00e9sent\u00e9s comme \u00e0 m\u00eame de participer \u00e0 l\u2019\u00e9laboration de politiques publiques ambitieuses, notamment sur la sant\u00e9. Cette tribune, dont la plateforme G\u00e9n\u00e9ration Sans Tabac propose un d\u00e9cryptage, est un condens\u00e9 de contre-v\u00e9rit\u00e9s et d\u2019\u00e9l\u00e9ments de langage des cigarettiers.<\/p>\n","protected":false},"featured_media":19537,"template":"","tags":[],"thematique":[499,507],"class_list":["post-19914","actualites","type-actualites","status-publish","has-post-thumbnail","hentry","thematique-lobby","thematique-marketing-publicite"],"acf":[],"_links":{"self":[{"href":"https:\/\/www.generationsanstabac.org\/fr\/wp-json\/wp\/v2\/actualites\/19914","targetHints":{"allow":["GET"]}}],"collection":[{"href":"https:\/\/www.generationsanstabac.org\/fr\/wp-json\/wp\/v2\/actualites"}],"about":[{"href":"https:\/\/www.generationsanstabac.org\/fr\/wp-json\/wp\/v2\/types\/actualites"}],"version-history":[{"count":0,"href":"https:\/\/www.generationsanstabac.org\/fr\/wp-json\/wp\/v2\/actualites\/19914\/revisions"}],"wp:featuredmedia":[{"embeddable":true,"href":"https:\/\/www.generationsanstabac.org\/fr\/wp-json\/wp\/v2\/media\/19537"}],"wp:attachment":[{"href":"https:\/\/www.generationsanstabac.org\/fr\/wp-json\/wp\/v2\/media?parent=19914"}],"wp:term":[{"taxonomy":"post_tag","embeddable":true,"href":"https:\/\/www.generationsanstabac.org\/fr\/wp-json\/wp\/v2\/tags?post=19914"},{"taxonomy":"thematique","embeddable":true,"href":"https:\/\/www.generationsanstabac.org\/fr\/wp-json\/wp\/v2\/thematique?post=19914"}],"curies":[{"name":"wp","href":"https:\/\/api.w.org\/{rel}","templated":true}]}}