{"id":19912,"date":"2020-07-09T13:03:11","date_gmt":"2020-07-09T11:03:11","guid":{"rendered":"https:\/\/www.generationsanstabac.org\/actualites\/un-rebond-des-espaces-sans-tabac\/"},"modified":"2020-07-09T13:03:11","modified_gmt":"2020-07-09T11:03:11","slug":"un-rebond-des-espaces-sans-tabac","status":"publish","type":"actualites","link":"https:\/\/www.generationsanstabac.org\/fr\/actualites\/un-rebond-des-espaces-sans-tabac\/","title":{"rendered":"Un rebond des espaces sans tabac"},"content":{"rendered":"<p style=\"text-align: justify;\"><em>Si la loi Evin de 1991 puis son d\u00e9cret d\u2019application Bertrand de 1992 r\u00e9gissent d\u00e9sormais l\u2019interdiction de fumer dans les lieux clos \u00e0 usage collectif <\/em><a href=\"https:\/\/www.legifrance.gouv.fr\/affichCode.do?idSectionTA=LEGISCTA000033045219&amp;cidTexte=LEGITEXT000006072665\">[1]<\/a><em>, un \u00e9largissement des lieux sans tabac en ext\u00e9rieur est n\u00e9cessaire pour limiter efficacement l\u2019exposition au tabagisme et les risques li\u00e9s. Le label \u201cEspace sans tabac\u201d lanc\u00e9 par la Ligue contre le cancer \u201cpour d\u00e9sintoxiquer la soci\u00e9t\u00e9 fran\u00e7aise\u201d<\/em><a href=\"https:\/\/www.ligue-cancer.net\/article\/56740_desintoxiquer-les-espaces-publics-espace-sans-tabac\">[2]<\/a><em> est sous le feu des projecteurs.<\/em><\/p>\n<h2 style=\"text-align: justify;\">Des nouveaux lieux o\u00f9 il est interdit de fumer<\/h2>\n<p style=\"text-align: justify;\">L\u2019association \u00ab DNF-Pour un Monde ZeroTabac \u00bb r\u00e9v\u00e9lait en 2019, au moyen d\u2019une enqu\u00eate effectu\u00e9e par OpinionWay, que 73% des Fran\u00e7ais \u00e9taient favorables \u00e0 un accroissement de l&rsquo;interdiction de fumer dans des lieux accueillant du public, comme les abords des \u00e9coles, les terrasses, les abribus, les plages ou les stades.<\/p>\n<p style=\"text-align: justify;\">A ce jour, on d\u00e9nombre pr\u00e8s de 1570 espaces sans tabac en France, r\u00e9partis dans 381 communes et 41 d\u00e9partements. Chaque ann\u00e9e, de nouveaux lieux ext\u00e9rieurs s\u2019inscrivent dans le dispositif \u201cespace sans tabac\u201d, gr\u00e2ce \u00e0 des d\u00e9crets municipaux. Par exemple, depuis la premi\u00e8re plage sans tabac, \u00e0 Nice en 2011, diff\u00e9rentes villes fran\u00e7aises ont embo\u00eet\u00e9 le pas pour atteindre, en 2020, le nombre de 60 plages interdisant la consommation de tabac.<\/p>\n<p style=\"text-align: justify;\">La ville de Paris n\u2019est pas en reste malgr\u00e9 l\u2019absence de plage.<br \/>\nOn y compte aujourd\u2019hui 52 parcs sans tabac.<\/p>\n<p style=\"text-align: justify;\">Plus innovant, le parc d\u2019attractions Fraispertuis-City<a href=\"https:\/\/actu.fr\/pays-de-la-loire\/saint-nazaire_44184\/saint-nazaire-bientot-quatre-espaces-sans-tabac-sur-la-ville_34401594.html\">[3]<\/a>, situ\u00e9 \u00e0 Jeanm\u00e9nil dans les Vosges, est devenu cette ann\u00e9e le premier parc d\u2019attraction non-fumeur en France. Sa r\u00e9ouverture est pr\u00e9vue pour le 11 juillet 2020.<\/p>\n<h2>Des espaces sans tabac pour d\u00e9normaliser le tabac et lutter contre le tabagisme passif<\/h2>\n<p>Les espaces sans tabac ont une triple utilit\u00e9 :<\/p>\n<p style=\"text-align: justify;\">\u2022 Prot\u00e9ger les non-fumeurs de l\u2019exposition \u00e0 la fum\u00e9e de tabac<br \/>\n\u2022 Lutter contre la pollution tabagique et les risques d\u2019incendie<br \/>\n\u2022 D\u00e9normaliser le tabac.<\/p>\n<p style=\"text-align: justify;\">En multipliant les espaces sans tabac, les associations et municipalit\u00e9s \u0153uvrent pour la protection de la sant\u00e9 et de l\u2019environnement. Promouvoir des espaces sans tabac, c\u2019est agir contre la premi\u00e8re cause de mort \u00e9vitable et contre le premier d\u00e9chet retrouv\u00e9 au sol, par ailleurs extr\u00eamement polluant.<\/p>\n<p style=\"text-align: justify;\">Plus important encore, promouvoir des espaces sans tabac c\u2019est aller dans le prolongement de l\u2019interdiction de la publicit\u00e9 en faveur des produits du tabac ou encore de l\u2019introduction des paquets neutres. Interdire le tabac dans la sph\u00e8re publique, c\u2019est renverser la tendance actuelle qui accorde au tabagisme une image sociale positive qu\u2019il ne m\u00e9rite pas. Dans les chiffres, plusieurs milliers de Fran\u00e7ais d\u00e9c\u00e8dent chaque ann\u00e9e de pathologies induites par l\u2019exposition au tabac des autres (Ils sont presque 1 million, \u00e0 l\u2019\u00e9chelle mondiale).<\/p>\n<p style=\"text-align: justify;\">Les \u00ab\u00a0Espaces sans tabac\u00a0\u00bb s\u2019inscrivent en outre dans l\u2019objectif d\u2019atteindre une g\u00e9n\u00e9ration sans tabac d\u2019ici 2032 en ne laissant pas penser aux plus jeunes que fumer est un acte anodin.<\/p>\n<p><span style=\"color: #666699;\"><a style=\"color: #666699;\" href=\"https:\/\/www.generationsanstabac.org\/\">\u00a9G\u00e9n\u00e9ration Sans Tabac<\/a><\/span><\/p>\n<hr \/>\n<p>[1] Code de la sant\u00e9 publique, <a href=\"https:\/\/www.legifrance.gouv.fr\/affichCode.do?idSectionTA=LEGISCTA000033045219&amp;cidTexte=LEGITEXT000006072665\" target=\"_blank\" rel=\"noopener noreferrer\"><em>Sous-section 3 : Interdiction de fumer dans certains lieux collectifs<\/em><\/a>, www.legifrance.gouv.fr (consult\u00e9 le 23 juin 2020).<\/p>\n<p>[2] Ligue contre le cancer, <a href=\"https:\/\/www.ligue-cancer.net\/article\/56740_desintoxiquer-les-espaces-publics-espace-sans-tabac\" target=\"_blank\" rel=\"noopener noreferrer\"><em>D\u00e9sintoxiquer les espaces publics : espace sans tabac<\/em><\/a>, www.ligue-cancer.net (19 ao\u00fbt 2015 &#8211; consult\u00e9 le 23 juin 2020).<\/p>\n<p>[3] MEHL Amandine, <a href=\"https:\/\/actu.fr\/grand-est\/jeanmenil_88251\/en-lorraine-le-parc-d-attractions-fraispertuis-city-devient-non-fumeur_33987284.html\" target=\"_blank\" rel=\"noopener noreferrer\"><em>En Lorraine, le parc d\u2019attractions Fraispertuis-City devient non-fumeur<\/em><\/a>, www.actu.fr (1er juin 2020 &#8211; consult\u00e9 le 23 juin 2020).<\/p>\n<p><strong>Ces articles pourraient \u00e9galement vous int\u00e9resser :<\/strong><\/p>\n<p>DNF,<a href=\"https:\/\/www.generationsanstabac.org\/actualites\/polson-montana-de-nouveaux-espaces-non-fumeurs\/\" target=\"_blank\" rel=\"noopener noreferrer\"><em> Polson, Montana : de nouveaux espaces non-fumeurs<\/em><\/a>, G\u00e9n\u00e9ration sans tabac (28 mai 2020 &#8211; consult\u00e9 le 23 juin 2020).<\/p>\n<p>DNF, <a href=\"https:\/\/www.generationsanstabac.org\/actualites\/lewisville-un-exemple-venu-du-texas\/\" target=\"_blank\" rel=\"noopener noreferrer\"><em>Lewisville, un exemple venu du Texas<\/em><\/a>, G\u00e9n\u00e9ration sans tabac (29 avril 2020 &#8211; consult\u00e9 le 23 juin 2020).<\/p>\n<p>DNF, <a href=\"https:\/\/www.generationsanstabac.org\/actualites\/les-megots-du-pur-poison-pour-les-vegetaux\/\" target=\"_blank\" rel=\"noopener noreferrer\"><em>Les m\u00e9gots : du pur poison pour les v\u00e9g\u00e9taux<\/em><\/a>, G\u00e9n\u00e9ration sans tabac (8 juin 2020 &#8211; consult\u00e9 le 23 juin 2020).<\/p>\n<p><span style=\"color: #e8e8e8;\"><strong><a style=\"color: #e8e8e8;\" href=\"http:\/\/dnf.asso.fr\/\/\" target=\"_blank\" rel=\"noopener noreferrer\">DNF &#8211; Pour un Monde ZeroTabac | AMK<\/a><\/strong><\/span><\/p>\n","protected":false},"excerpt":{"rendered":"<p>Si la loi Evin de 1991 puis son d\u00e9cret d\u2019application Bertrand de 1992 r\u00e9gissent d\u00e9sormais l\u2019interdiction de fumer dans les lieux clos \u00e0 usage collectif, un \u00e9largissement des lieux sans tabac en ext\u00e9rieur est n\u00e9cessaire pour limiter efficacement l\u2019exposition au tabagisme et les risques li\u00e9s. Le label \u201cEspace sans tabac\u201d lanc\u00e9 par la Ligue contre le cancer \u201cpour d\u00e9sintoxiquer la soci\u00e9t\u00e9 fran\u00e7aise\u201d est sous le feu des projecteurs.<\/p>\n","protected":false},"featured_media":19913,"template":"","tags":[],"thematique":[491,474],"class_list":["post-19912","actualites","type-actualites","status-publish","has-post-thumbnail","hentry","thematique-politiques-publiques","thematique-sante"],"acf":[],"_links":{"self":[{"href":"https:\/\/www.generationsanstabac.org\/fr\/wp-json\/wp\/v2\/actualites\/19912","targetHints":{"allow":["GET"]}}],"collection":[{"href":"https:\/\/www.generationsanstabac.org\/fr\/wp-json\/wp\/v2\/actualites"}],"about":[{"href":"https:\/\/www.generationsanstabac.org\/fr\/wp-json\/wp\/v2\/types\/actualites"}],"version-history":[{"count":0,"href":"https:\/\/www.generationsanstabac.org\/fr\/wp-json\/wp\/v2\/actualites\/19912\/revisions"}],"wp:featuredmedia":[{"embeddable":true,"href":"https:\/\/www.generationsanstabac.org\/fr\/wp-json\/wp\/v2\/media\/19913"}],"wp:attachment":[{"href":"https:\/\/www.generationsanstabac.org\/fr\/wp-json\/wp\/v2\/media?parent=19912"}],"wp:term":[{"taxonomy":"post_tag","embeddable":true,"href":"https:\/\/www.generationsanstabac.org\/fr\/wp-json\/wp\/v2\/tags?post=19912"},{"taxonomy":"thematique","embeddable":true,"href":"https:\/\/www.generationsanstabac.org\/fr\/wp-json\/wp\/v2\/thematique?post=19912"}],"curies":[{"name":"wp","href":"https:\/\/api.w.org\/{rel}","templated":true}]}}