{"id":19909,"date":"2020-07-09T11:24:03","date_gmt":"2020-07-09T09:24:03","guid":{"rendered":"https:\/\/www.generationsanstabac.org\/actualites\/reouverture-des-commerces-et-lieux-de-convivialite-avec-zones-fumeuses-en-afrique-du-sud\/"},"modified":"2020-07-09T11:24:03","modified_gmt":"2020-07-09T09:24:03","slug":"reouverture-des-commerces-et-lieux-de-convivialite-avec-zones-fumeuses-en-afrique-du-sud","status":"publish","type":"actualites","link":"https:\/\/www.generationsanstabac.org\/fr\/actualites\/reouverture-des-commerces-et-lieux-de-convivialite-avec-zones-fumeuses-en-afrique-du-sud\/","title":{"rendered":"R\u00e9ouverture des commerces et lieux de convivialit\u00e9 avec zones fumeuses, en Afrique du Sud"},"content":{"rendered":"<p style=\"text-align: justify;\"><em>Pour se donner les moyens de ralentir au mieux la progression du virus du COVID-19 et d\u2019\u00e9viter l\u2019aggravation des sympt\u00f4mes chez les patients fumeurs, le gouvernement sud-africain avait, d\u00e8s avril 2020, pris la d\u00e9cision d\u2019interdire totalement la vente de cigarettes et de produits du tabac dans le pays<\/em><a href=\"https:\/\/www.generationsanstabac.org\/actualites\/en-afrique-du-sud-les-cigarettiers-sopposent-aux-mesures-du-covid-19\/\">[1]<\/a><em>. Derni\u00e8rement, pour relancer l\u2019activit\u00e9 \u00e9conomique et le tourisme dans la ville de Durban, les commerces ainsi que les h\u00f4tels, les restaurants, et les lieux de divertissement ont \u00e9t\u00e9 autoris\u00e9s \u00e0 r\u00e9ouvrir<\/em><a href=\"https:\/\/fr.africanews.com\/2020\/07\/05\/l-afrique-du-sud-rouvre-ses-espaces-publics\/\">[2]<\/a><em> \u00e0 condition de respecter une r\u00e9glementation et des protocoles sanitaires stricts.<\/em><\/p>\n<h2 style=\"text-align: justify;\">Mise en place de zones fumeuses, dans le cadre de la loi sudafricaine sur l\u2019interdiction de fumer dans les lieux accueillant du public<\/h2>\n<p style=\"text-align: justify;\">\u00c0 la suite de cette annonce, les casinos, les h\u00f4tels et les lieux de divertissements Suncoast de la ville de Durban ont rapidement inform\u00e9 leurs abonn\u00e9s de leur r\u00e9ouverture prochaine et pr\u00e9cis\u00e9, via un SMS, la mise en place de zones r\u00e9serv\u00e9es aux fumeurs.<a href=\"https:\/\/www.iol.co.za\/sunday-tribune\/news\/smoking-allowed-at-durban-casinos-despite-sale-ban-50449274\">[3]<\/a><\/p>\n<p style=\"text-align: justify;\">Selon Lungi Mtshali, le porte-parole du <em>Department of Cooperative Governance and Traditional Affairs<\/em>, seule la vente des cigarettes est prohib\u00e9e en Afrique du Sud, pas la consommation du tabac. Cependant, cr\u00e9er des zones fumeuses, alors que l\u2019usage du tabac dans les lieux de convivialit\u00e9 est banni depuis 1993 semble contestable.<\/p>\n<h2 style=\"text-align: justify;\">L\u2019Afrique du Sud, \u00e0 l\u2019\u00e9preuve de la pand\u00e9mie<\/h2>\n<p style=\"text-align: justify;\">Au-del\u00e0 de sa conformit\u00e9 ou non-conformit\u00e9 l\u00e9gale, cette d\u00e9cision reste incompatible avec les efforts du gouvernement sudafricain pour ralentir la progression de la pand\u00e9mie. Actuellement, l\u2019Afrique du Sud reste le pays africain le plus touch\u00e9 par la crise sanitaire. Depuis mars, elle comptabilise pr\u00e8s de 190 000 cas et les autorit\u00e9s craignent que ce chiffre n\u2019explose encore dans les prochaines semaines.<a href=\"https:\/\/www.france24.com\/fr\/20200706-covid-19-afrique-du-sud-flambee-contamination-armee-renfort\">[4]<\/a><\/p>\n<p style=\"text-align: justify;\">Tout comme l\u2019affirment l\u2019Organisation mondiale de la sant\u00e9 (OMS), les Centres am\u00e9ricains pour le contr\u00f4le et la pr\u00e9vention des maladies (CDC), l\u2019Administration am\u00e9ricaine des denr\u00e9es alimentaires et des m\u00e9dicaments (FDA) ainsi que la Soci\u00e9t\u00e9 europ\u00e9enne de cardiologie (ESC)<a href=\"https:\/\/medicalxpress.com\/news\/2020-06-comparison-dangers-tobacco-cigarettes-e-cigarettes.html\">[5]<\/a> le tabagisme est un facteur aggravant des sympt\u00f4mes du coronavirus, pouvant potentiellement entra\u00eener une saturation des \u00e9tablissements de sant\u00e9.<\/p>\n<p style=\"text-align: justify;\">Par ailleurs, dans les lieux accueillant du public, le virus qui se fixe sur les particules de fum\u00e9e de tabac peut s\u2019en retrouver inhal\u00e9 ou touch\u00e9 (sur le mobilier, les poign\u00e9es, etc) par les clients ou les employ\u00e9s.<a href=\"https:\/\/www.generationsanstabac.org\/actualites\/deconfinement-dnf-recommande-cafetiers-restaurateurs-mesures-securite-adaptees-crise-pandemique\/\">[6]<\/a><\/p>\n<p style=\"text-align: justify;\">Les zones fumeuses constituent donc un risque de contamination r\u00e9el et non n\u00e9gligeable et en cela, une parfaite contradiction avec les initiatives du gouvernement.<\/p>\n<p><span style=\"color: #666699;\"><a style=\"color: #666699;\" href=\"https:\/\/www.generationsanstabac.org\/\">\u00a9G\u00e9n\u00e9ration Sans Tabac<\/a><\/span><\/p>\n<hr \/>\n<p>[1] CNCT, <a href=\"https:\/\/www.generationsanstabac.org\/actualites\/en-afrique-du-sud-les-cigarettiers-sopposent-aux-mesures-du-covid-19\/\" target=\"_blank\" rel=\"noopener noreferrer\"><em>En Afrique du Sud, les cigarettiers s\u2019opposent aux mesures du COVID-19<\/em><\/a>, G\u00e9n\u00e9ration sans tabac (27 avril 2020 &#8211; consult\u00e9 le 8 juillet 2020).<\/p>\n<p>[2] SEHOSSOLO C\u00e9dric Lyonnel, <a href=\"https:\/\/fr.africanews.com\/2020\/07\/05\/l-afrique-du-sud-rouvre-ses-espaces-publics\/\" target=\"_blank\" rel=\"noopener noreferrer\"><em>L&rsquo;Afrique du Sud rouvre ses espaces publics,<\/em><\/a> www.africanews.com (5 juillet 2020 &#8211; consult\u00e9 le 8 juillet 2020).<\/p>\n<p>[3] <a href=\"https:\/\/www.iol.co.za\/sunday-tribune\/news\/smoking-allowed-at-durban-casinos-despite-sale-ban-50449274\">https:\/\/www.iol.co.za\/sunday-tribune\/news\/smoking-allowed-at-durban-casinos-despite-sale-ban-50449274<\/a><\/p>\n<p>[4] MOUSSET Laura, <a href=\"https:\/\/www.france24.com\/fr\/20200706-covid-19-afrique-du-sud-flambee-contamination-armee-renfort\" target=\"_blank\" rel=\"noopener noreferrer\"><em>Covid-19 en Afrique du Sud : flamb\u00e9e des contaminations, l\u2019arm\u00e9e en renfort<\/em><\/a>, www.france24.com (6 juillet 2020 &#8211; consult\u00e9 le 8 juillet 2020).<\/p>\n<p>[5] European Society of Cardiology, <a href=\"https:\/\/medicalxpress.com\/news\/2020-06-comparison-dangers-tobacco-cigarettes-e-cigarettes.html\" target=\"_blank\" rel=\"noopener noreferrer\"><em>First comparison of dangers of tobacco cigarettes, e-cigarettes and waterpipes<\/em><\/a>, www.medicalxpress.com (26 juin 2020 &#8211; consult\u00e9 le 8 juillet 2020).<\/p>\n<p>[6] DNF, <a href=\"https:\/\/www.generationsanstabac.org\/actualites\/deconfinement-dnf-recommande-cafetiers-restaurateurs-mesures-securite-adaptees-crise-pandemique\/\" target=\"_blank\" rel=\"noopener noreferrer\"><em>D\u00e9confinement : DNF recommande aux cafetiers et restaurateurs des mesures de s\u00e9curit\u00e9 adapt\u00e9es \u00e0 la crise pand\u00e9mique<\/em><\/a>, G\u00e9n\u00e9ration sans tabac (2 juin 2020 &#8211; consult\u00e9 le 8 juillet 2020).<\/p>\n<p><span style=\"color: #e8e8e8;\"><strong><a style=\"color: #e8e8e8;\" href=\"http:\/\/dnf.asso.fr\/\/\" target=\"_blank\" rel=\"noopener noreferrer\">DNF &#8211; Pour un Monde ZeroTabac | ML<\/a><\/strong><\/span><\/p>\n","protected":false},"excerpt":{"rendered":"<p>Pour se donner les moyens de ralentir au mieux la progression du virus du COVID-19 et d\u2019\u00e9viter l\u2019aggravation des sympt\u00f4mes chez les patients fumeurs, le gouvernement sud-africain avait, d\u00e8s avril 2020, pris la d\u00e9cision d\u2019interdire totalement la vente de cigarettes et de produits du tabac dans le pays.<\/p>\n","protected":false},"featured_media":18678,"template":"","tags":[],"thematique":[474],"class_list":["post-19909","actualites","type-actualites","status-publish","has-post-thumbnail","hentry","thematique-sante"],"acf":[],"_links":{"self":[{"href":"https:\/\/www.generationsanstabac.org\/fr\/wp-json\/wp\/v2\/actualites\/19909","targetHints":{"allow":["GET"]}}],"collection":[{"href":"https:\/\/www.generationsanstabac.org\/fr\/wp-json\/wp\/v2\/actualites"}],"about":[{"href":"https:\/\/www.generationsanstabac.org\/fr\/wp-json\/wp\/v2\/types\/actualites"}],"version-history":[{"count":0,"href":"https:\/\/www.generationsanstabac.org\/fr\/wp-json\/wp\/v2\/actualites\/19909\/revisions"}],"wp:featuredmedia":[{"embeddable":true,"href":"https:\/\/www.generationsanstabac.org\/fr\/wp-json\/wp\/v2\/media\/18678"}],"wp:attachment":[{"href":"https:\/\/www.generationsanstabac.org\/fr\/wp-json\/wp\/v2\/media?parent=19909"}],"wp:term":[{"taxonomy":"post_tag","embeddable":true,"href":"https:\/\/www.generationsanstabac.org\/fr\/wp-json\/wp\/v2\/tags?post=19909"},{"taxonomy":"thematique","embeddable":true,"href":"https:\/\/www.generationsanstabac.org\/fr\/wp-json\/wp\/v2\/thematique?post=19909"}],"curies":[{"name":"wp","href":"https:\/\/api.w.org\/{rel}","templated":true}]}}