{"id":19906,"date":"2020-07-07T15:11:24","date_gmt":"2020-07-07T13:11:24","guid":{"rendered":"https:\/\/www.generationsanstabac.org\/actualites\/relever-age-minimum-vente-tabac-freiner-tabagisme-jeunes\/"},"modified":"2020-07-07T15:11:24","modified_gmt":"2020-07-07T13:11:24","slug":"relever-age-minimum-vente-tabac-freiner-tabagisme-jeunes","status":"publish","type":"actualites","link":"https:\/\/www.generationsanstabac.org\/fr\/actualites\/relever-age-minimum-vente-tabac-freiner-tabagisme-jeunes\/","title":{"rendered":"Relever l&rsquo;\u00e2ge minimum de vente du tabac pour freiner le tabagisme chez les jeunes"},"content":{"rendered":"<p style=\"text-align: justify;\"><em>Le tabagisme est une \u00e9pid\u00e9mie p\u00e9diatrique. En effet, la plupart des gens commencent \u00e0 fumer leur premi\u00e8re cigarette aux alentours de 13 \u2013 14 ans et ils tombent tr\u00e8s rapidement, sans forc\u00e9ment s\u2019en rendre compte, dans une d\u00e9pendance \u00e0 l\u2019\u00e9gard des produits du tabac. <\/em><\/p>\n<p style=\"text-align: justify;\"><strong>\u00c2ge l\u00e9gal minimum de vente des produits du tabac<\/strong><\/p>\n<p style=\"text-align: justify;\">Une des mesures les plus efficaces pour r\u00e9duire l\u2019acc\u00e8s des jeunes aux produits du tabac consiste \u00e0 \u00e9tablir une politique d\u2019\u00e2ge minimum de vente. Le trait\u00e9 de l\u2019OMS, la convention cadre pour la lutte antitabac pr\u00e9voit un article particulier \u00e0 ce sujet<a href=\"#_ftn1\" name=\"_ftnref1\">[1]<\/a>.  L\u2019efficacit\u00e9 de cette mesure est conditionn\u00e9e au fait qu\u2019elle soit pleinement appliqu\u00e9e et donc effective. Dans le monde entier, lorsqu\u2019il existe des l\u00e9gislations dans ce domaine, l&rsquo;\u00e2ge minimum pour acheter des cigarettes ou d&rsquo;autres produits du tabac et de nicotine varie entre 16 ans et 25 ans (Sri Lanka)<a href=\"#_ftn2\" name=\"_ftnref2\">[2]<\/a>. 22 pays d\u00e9clarent ne pas avoir d&rsquo;\u00e2ge minimum de vente en place. Alors que les pays tentent de limiter les cons\u00e9quences d\u00e9vastatrices du tabagisme chez les jeunes, le rel\u00e8vement de l&rsquo;\u00e2ge minimum de vente du tabac \u00e0 21 ans se d\u00e9veloppe. La \u00ab Tobacco 21 law \u00bb<a href=\"#_ftn3\" name=\"_ftnref3\">[3]<\/a> prend de plus en plus d\u2019ampleur \u00e0 travers le monde et particuli\u00e8rement aux Etats-Unis o\u00f9 de plus en plus d\u2019\u00e9tats adoptent cette mesure.<\/p>\n<p style=\"text-align: justify;\"><img fetchpriority=\"high\" decoding=\"async\" class=\"aligncenter size-full wp-image-2316\" src=\"https:\/\/www.generationsanstabac.org\/wp-content\/uploads\/2024\/07\/age-minimum-legal-achat-tabac.jpg\" alt=\"age-minimum-legal-achat-tabac\" width=\"917\" height=\"600\" \/><\/p>\n<p style=\"text-align: justify;\"><strong>Efficacit\u00e9 des politiques de hausse de l\u2019\u00e2ge minimum <\/strong><\/p>\n<p style=\"text-align: justify;\">Les <a href=\"https:\/\/www.ncbi.nlm.nih.gov\/books\/NBK179276\/pdf\/Bookshelf_NBK179276.pdf\">recherches<\/a> montrent que la plupart des fumeurs adultes ont commenc\u00e9 \u00e0 consommer du tabac \u00e0 l&rsquo;adolescence. Les risques pour eux de mourir d&rsquo;une maladie li\u00e9e au tabac en sont major\u00e9s. Relever l\u2019\u00e2ge minimum l\u00e9gal pour acheter des produits du tabac est une strat\u00e9gie efficace de pr\u00e9vention qui rend plus difficile pour les jeunes l&rsquo;acc\u00e8s aux produits du tabac et de la nicotine \u00e0 un moment o\u00f9 leur cerveau peut \u00eatre particuli\u00e8rement <a href=\"https:\/\/www.ncbi.nlm.nih.gov\/books\/NBK99237\/pdf\/Bookshelf_NBK99237.pdf\">vuln\u00e9rable aux effets de la nicotine<\/a>. Ainsi les restrictions d\u2019acc\u00e8s des jeunes \u00e0 l\u2019\u00e9gard des produits concernent aussi bien les produits du tabac classiques : cigarettes traditionnelles, tabac \u00e0 rouler, papier \u00e0 cigarettes que les nouveaux produits du tabac (tabac chauff\u00e9) et de la nicotine (cigarettes \u00e9lectroniques, e-liquides) pour \u00e9viter tout transfert possible.<\/p>\n<p style=\"text-align: justify;\"><strong>Consid\u00e9rations cl\u00e9s pour une effectivit\u00e9 maximale<a href=\"#_ftn4\" name=\"_ftnref4\">[4]<\/a> <\/strong><\/p>\n<p style=\"text-align: justify;\">Cette disposition d\u2019un accroissement de l\u2019\u00e2ge minimum auquel vendre un de ces produits appara\u00eet prometteuse d\u00e8s lors qu\u2019elle est mise en place sur la base de bonnes pratiques. S\u2019agissant d\u2019une interdiction de vente, l\u2019obligation doit avant tout incomber au vendeur de produits du tabac et \u00eatre assortie de contr\u00f4les et de sanctions dissuasives en cas de manquements.<\/p>\n<p style=\"text-align: justify;\">Cette mesure s\u2019inscrit par ailleurs dans le cadre d\u2019une strat\u00e9gie globale de pr\u00e9vention du tabagisme des jeunes comportant des hausses de taxes r\u00e9guli\u00e8res et significatives, le d\u00e9veloppement de lieux sans tabac, la suppression de toute promotion en faveur des produits du tabac et de la nicotine pour assurer une coh\u00e9rence avec la mesure etc.<\/p>\n<p style=\"text-align: justify;\"><a href=\"https:\/\/cnct.fr\/wp-content\/uploads\/2019\/10\/Pour-consulter-notre-dossier-de-presse.pdf\">Pour en savoir plus sur l\u2019interdiction de vente aux mineurs (en France)<\/a><\/p>\n<p><span style=\"color: #800080;\"><a style=\"color: #800080;\" href=\"https:\/\/www.generationsanstabac.org\/\">\u00a9G\u00e9n\u00e9ration Sans Tabac<\/a><\/span><\/p>\n<hr \/>\n<p><a href=\"#_ftnref1\" name=\"_ftn1\">[1]<\/a> Article 16 de la CCLAT <a href=\"https:\/\/www.generationsanstabac.org\/application-de-la-cclat-par-les-parties\/\">https:\/\/www.generationsanstabac.org\/application-de-la-cclat-par-les-parties\/<\/a><\/p>\n<p><a href=\"#_ftnref2\" name=\"_ftn2\">[2]<\/a> <a href=\"https:\/\/tobaccoatlas.org\/2020\/06\/25\/tobacco-21-policies-raising-the-minimum-age-of-sale-of-tobacco-to-curb-youth-smoking\/\">https:\/\/tobaccoatlas.org\/2020\/06\/25\/tobacco-21-policies-raising-the-minimum-age-of-sale-of-tobacco-to-curb-youth-smoking\/<\/a><\/p>\n<p><a href=\"#_ftnref3\" name=\"_ftn3\">[3]<\/a> <a href=\"https:\/\/www.fda.gov\/tobacco-products\/retail-sales-tobacco-products\/tobacco-21\">https:\/\/www.fda.gov\/tobacco-products\/retail-sales-tobacco-products\/tobacco-21<\/a><\/p>\n<p><a href=\"#_ftnref4\" name=\"_ftn4\">[4]<\/a> <a href=\"https:\/\/cnct.fr\/actualites\/linterdiction-de-vente-de-tabac-aux-mineurs-une-mesure-largement-inappliquee\/\">https:\/\/cnct.fr\/actualites\/linterdiction-de-vente-de-tabac-aux-mineurs-une-mesure-largement-inappliquee\/<\/a><\/p>\n<p><span style=\"color: #999999;\"><strong><a style=\"color: #999999;\" href=\"http:\/\/www.cnct.fr\/\" target=\"_blank\" rel=\"noopener noreferrer\">\u00a9Comit\u00e9 National Contre le Tabagisme |<\/a><\/strong><\/span><\/p>\n","protected":false},"excerpt":{"rendered":"<p>Le tabagisme est une \u00e9pid\u00e9mie p\u00e9diatrique. En effet, la plupart des gens commencent \u00e0 fumer leur premi\u00e8re cigarette aux alentours de 13 \u2013 14 ans et ils tombent tr\u00e8s rapidement, sans forc\u00e9ment s\u2019en rendre compte, dans une d\u00e9pendance \u00e0 l\u2019\u00e9gard des produits du tabac.<\/p>\n","protected":false},"featured_media":10000,"template":"","tags":[],"thematique":[491],"class_list":["post-19906","actualites","type-actualites","status-publish","has-post-thumbnail","hentry","thematique-politiques-publiques"],"acf":[],"_links":{"self":[{"href":"https:\/\/www.generationsanstabac.org\/fr\/wp-json\/wp\/v2\/actualites\/19906","targetHints":{"allow":["GET"]}}],"collection":[{"href":"https:\/\/www.generationsanstabac.org\/fr\/wp-json\/wp\/v2\/actualites"}],"about":[{"href":"https:\/\/www.generationsanstabac.org\/fr\/wp-json\/wp\/v2\/types\/actualites"}],"version-history":[{"count":0,"href":"https:\/\/www.generationsanstabac.org\/fr\/wp-json\/wp\/v2\/actualites\/19906\/revisions"}],"wp:featuredmedia":[{"embeddable":true,"href":"https:\/\/www.generationsanstabac.org\/fr\/wp-json\/wp\/v2\/media\/10000"}],"wp:attachment":[{"href":"https:\/\/www.generationsanstabac.org\/fr\/wp-json\/wp\/v2\/media?parent=19906"}],"wp:term":[{"taxonomy":"post_tag","embeddable":true,"href":"https:\/\/www.generationsanstabac.org\/fr\/wp-json\/wp\/v2\/tags?post=19906"},{"taxonomy":"thematique","embeddable":true,"href":"https:\/\/www.generationsanstabac.org\/fr\/wp-json\/wp\/v2\/thematique?post=19906"}],"curies":[{"name":"wp","href":"https:\/\/api.w.org\/{rel}","templated":true}]}}