{"id":19900,"date":"2020-07-03T15:48:24","date_gmt":"2020-07-03T13:48:24","guid":{"rendered":"https:\/\/www.generationsanstabac.org\/actualites\/tabagisme-chez-les-jeunes-au-liban-une-hausse-inquietante\/"},"modified":"2020-07-03T15:48:24","modified_gmt":"2020-07-03T13:48:24","slug":"tabagisme-chez-les-jeunes-au-liban-une-hausse-inquietante","status":"publish","type":"actualites","link":"https:\/\/www.generationsanstabac.org\/fr\/actualites\/tabagisme-chez-les-jeunes-au-liban-une-hausse-inquietante\/","title":{"rendered":"Tabagisme chez les jeunes au Liban : une hausse inqui\u00e9tante"},"content":{"rendered":"<p style=\"text-align: justify;\"><em>Alors que la consommation de tabac chez les jeunes d\u00e9cro\u00eet en Europe et en Am\u00e9rique du Nord depuis 20 ans, on note au Moyen-Orient une augmentation de cette pratique.<\/em><\/p>\n<h2 style=\"text-align: justify;\">Un tabagisme marqu\u00e9 et pr\u00e9coce<\/h2>\n<p style=\"text-align: justify;\">En 10 ans, la consommation de tabac a explos\u00e9 au Liban, notamment chez les jeunes consommateurs : 1 jeune sur 3 fume, contre 1 sur 4 il y a une d\u00e9cennie. Entre 13 et 15 ans, ils sont d\u00e9j\u00e0 40 % \u00e0 fumer cigarette ou narguil\u00e9. L\u2019\u00e2ge auquel le tabagisme commence a \u00e9galement chang\u00e9 : de 13-14 ans il y a quelques ann\u00e9es, il est pass\u00e9 \u00e0 11-12 ans et est donc devenu particuli\u00e8rement pr\u00e9coce.<\/p>\n<h2 style=\"text-align: justify;\">L\u2019exposition en cause<\/h2>\n<p style=\"text-align: justify;\">Une des raisons qui pourraient expliquer ce constat alarmant est l\u2019exposition des jeunes libanais au tabac. Ainsi, pr\u00e8s de 50 % des \u00e9l\u00e8ves sont expos\u00e9s \u00e0 la fum\u00e9e de narguil\u00e9 chez eux et dans les espaces publics, et 70 % sont expos\u00e9s \u00e0 la cigarette dans les m\u00eames conditions. L\u2019OMS (Organisation mondiale de la sant\u00e9) s\u2019est d\u00e9j\u00e0 inqui\u00e9t\u00e9e de ces chiffres et a d\u2019ailleurs \u00e9voqu\u00e9 \u00ab l\u2019une des plus grandes menaces de sant\u00e9 publique \u00bb.<\/p>\n<h2 style=\"text-align: justify;\">Le narguil\u00e9, une pratique culturelle qui n\u2019est pas sans cons\u00e9quences<\/h2>\n<p style=\"text-align: justify;\">Les mises en garde contre les m\u00e9faits du tabagisme ne concernent jamais le tabac du narguil\u00e9, \u00e9l\u00e9ment culturel fort de la population libanaise, voire atout touristique. En 2009, sur l\u2019ensemble des jeunes consommant du tabac, un tiers fumait la pipe \u00e0 eau qu\u2019est le narguil\u00e9. Aujourd\u2019hui, ce chiffre a doubl\u00e9, et l\u2019augmentation de la consommation chez les filles est particuli\u00e8rement forte.<\/p>\n<h2 style=\"text-align: justify;\">Des mesures insuffisantes<\/h2>\n<p style=\"text-align: justify;\">Dans le cadre de la lutte anti-tabac, une loi a \u00e9t\u00e9 adopt\u00e9e en 2011, mais son impact sur les jeunes est inexistant. Les paquets quant \u00e0 eux portent certes un avertissement sur les risques li\u00e9s au tabac, mais lors de la vente, l\u2019\u00e2ge de l\u2019acheteur n\u2019est jamais contr\u00f4l\u00e9. Le prix du paquet, \u00e0 moins de 2 euros, pose \u00e9galement probl\u00e8me. Malheureusement, chaque tentative d\u2019augmentation se heurte \u00e0 \u00ab la r\u00e9gie des tabacs, dont les recettes vont \u00e0 l\u2019\u00c9tat, qui sous-traite pour de grands fabricants de la plan\u00e8te et qui fait vivre 25 000 petits producteurs dans le pays \u00bb.<\/p>\n<h2 style=\"text-align: justify;\">Une tendance moyen-orientale<\/h2>\n<p style=\"text-align: justify;\">Le Liban n\u2019est pas un cas isol\u00e9. En \u00c9gypte, 7 % des 13-15 ans fumaient en 2009, 10 % en 2014, 15 % aujourd\u2019hui. On peut faire le m\u00eame constat en Irak. L\u2019OMS indique que dans certains pays de la M\u00e9diterran\u00e9e orientale, le taux de tabagisme peut concerner jusqu\u2019\u00e0 40 % des gar\u00e7ons de moins de 18 ans, et 30 % chez les filles.<\/p>\n<p><span style=\"color: #666699;\"><a style=\"color: #666699;\" href=\"https:\/\/www.generationsanstabac.org\/\">\u00a9G\u00e9n\u00e9ration Sans Tabac<\/a><\/span><\/p>\n<hr \/>\n<p>[i] \u00ab\u00a0Prot\u00e9ger les jeunes contre les manipulations de l\u2019industrie et les pr\u00e9server de la consommation tabagique et nicotinique\u00a0\u00bb<br \/>\n<a href=\"https:\/\/www.generationsanstabac.org\/actualites\/proteger-les-jeunes-contre-les-manipulations-de-lindustrie-et-les-preserver-de-la-consommation-tabagique-et-nicotinique\/\">https:\/\/www.generationsanstabac.org\/actualites\/proteger-les-jeunes-contre-les-manipulations-de-lindustrie-et-les-preserver-de-la-consommation-tabagique-et-nicotinique\/<\/a><\/p>\n<p>\u00ab Au Liban, le tabac explose chez les plus jeunes, qui fument de plus en plus t\u00f4t \u00bb, bas\u00e9 sur un entretien avec Aur\u00e9lien Colly, correspondant au Liban, <a href=\"http:\/\/www.francetvinfo.fr\">www.francetvinfo.fr<\/a>, 19 juin 2019<\/p>\n<p>[i] <a href=\"https:\/\/www.francetvinfo.fr\/replay-radio\/en-direct-du-monde\/au-liban-le-tabac-explose-chez-les-jeunes-qui-fument-de-plus-en-plus-tot_3475151.html\">https:\/\/www.francetvinfo.fr\/replay-radio\/en-direct-du-monde\/au-liban-le-tabac-explose-chez-les-jeunes-qui-fument-de-plus-en-plus-tot_3475151.html<\/a><\/p>\n<p><span style=\"color: #e8e8e8;\"><strong><a style=\"color: #e8e8e8;\" href=\"http:\/\/dnf.asso.fr\/\/\" target=\"_blank\" rel=\"noopener noreferrer\"> \u00a9DNF &#8211; Pour un Monde ZeroTabac |<\/a><\/strong><\/span><\/p>\n","protected":false},"excerpt":{"rendered":"<p>Alors que la consommation de tabac chez les jeunes d\u00e9cro\u00eet en Europe et en Am\u00e9rique du Nord depuis 20 ans, on note au Moyen-Orient une augmentation de cette pratique.<\/p>\n","protected":false},"featured_media":19469,"template":"","tags":[],"thematique":[474],"class_list":["post-19900","actualites","type-actualites","status-publish","has-post-thumbnail","hentry","thematique-sante"],"acf":[],"_links":{"self":[{"href":"https:\/\/www.generationsanstabac.org\/fr\/wp-json\/wp\/v2\/actualites\/19900","targetHints":{"allow":["GET"]}}],"collection":[{"href":"https:\/\/www.generationsanstabac.org\/fr\/wp-json\/wp\/v2\/actualites"}],"about":[{"href":"https:\/\/www.generationsanstabac.org\/fr\/wp-json\/wp\/v2\/types\/actualites"}],"version-history":[{"count":0,"href":"https:\/\/www.generationsanstabac.org\/fr\/wp-json\/wp\/v2\/actualites\/19900\/revisions"}],"wp:featuredmedia":[{"embeddable":true,"href":"https:\/\/www.generationsanstabac.org\/fr\/wp-json\/wp\/v2\/media\/19469"}],"wp:attachment":[{"href":"https:\/\/www.generationsanstabac.org\/fr\/wp-json\/wp\/v2\/media?parent=19900"}],"wp:term":[{"taxonomy":"post_tag","embeddable":true,"href":"https:\/\/www.generationsanstabac.org\/fr\/wp-json\/wp\/v2\/tags?post=19900"},{"taxonomy":"thematique","embeddable":true,"href":"https:\/\/www.generationsanstabac.org\/fr\/wp-json\/wp\/v2\/thematique?post=19900"}],"curies":[{"name":"wp","href":"https:\/\/api.w.org\/{rel}","templated":true}]}}