{"id":19896,"date":"2020-07-03T14:26:24","date_gmt":"2020-07-03T12:26:24","guid":{"rendered":"https:\/\/www.generationsanstabac.org\/actualites\/linterdiction-tres-controversee-de-la-e-cig-sur-le-territoire-thailandais\/"},"modified":"2020-07-03T14:26:24","modified_gmt":"2020-07-03T12:26:24","slug":"linterdiction-tres-controversee-de-la-e-cig-sur-le-territoire-thailandais","status":"publish","type":"actualites","link":"https:\/\/www.generationsanstabac.org\/fr\/actualites\/linterdiction-tres-controversee-de-la-e-cig-sur-le-territoire-thailandais\/","title":{"rendered":"L\u2019interdiction tr\u00e8s controvers\u00e9e de la e-cig sur le territoire Tha\u00eflandais"},"content":{"rendered":"<p style=\"text-align: justify;\"><em>L\u2019interdiction d\u2019utiliser la cigarette \u00e9lectronique en Tha\u00eflande a \u00e9t\u00e9 mise en place depuis 2014 pour limiter l\u2019entr\u00e9e des jeunes dans le tabagisme. Devant cette interdiction stricte, le march\u00e9 parall\u00e8le se d\u00e9veloppe et pose des interrogations au sein du gouvernement du pays du sourire.<\/em><\/p>\n<h2 style=\"text-align: justify;\">Une interdiction stricte de la cigarette \u00e9lectronique en Tha\u00eflande<\/h2>\n<p style=\"text-align: justify;\">Le gouvernement Tha\u00eflandais a introduit, en d\u00e9cembre 2014, l\u2019interdiction de la cigarette \u00e9lectronique et de la chicha sur tout le territoire. Le non-respect de ces interdictions est passible d\u2019une peine d&#8217;emprisonnement ou\/et \u00e0 des amendes. Il s\u2019agit en outre d\u2019une sanction qui s\u2019applique aussi bien aux nationaux qu\u2019aux \u00e9trangers.<\/p>\n<p style=\"text-align: justify;\">Quant aux fabricants et importateurs, ceux-ci encourent une amende s\u2019\u00e9levant \u00e0 un million de bahts et une peine maximale de 10 ans d&#8217;emprisonnement.<\/p>\n<p style=\"text-align: justify;\">Bien que l\u2019OMS ait mis en garde contre la nocivit\u00e9 de la cigarette \u00e9lectronique sur la sant\u00e9, les autorit\u00e9s r\u00e9examinent la possibilit\u00e9 d\u2019une l\u00e9galisation et la taxation des cigarettes \u00e9lectroniques pour limiter le march\u00e9 parall\u00e8le qui devient un vrai probl\u00e8me de sant\u00e9 publique.<\/p>\n<h2 style=\"text-align: justify;\">Vers une l\u00e9galisation pour un meilleur contr\u00f4le de la cigarette \u00e9lectronique<\/h2>\n<p style=\"text-align: justify;\">Malheureusement l\u2019interdiction de la cigarette \u00e9lectronique en Tha\u00eflande n\u2019emp\u00eache pas les adolescents d\u2019en acheter de fa\u00e7on ill\u00e9gale. Il a \u00e9t\u00e9 sugg\u00e9r\u00e9 au gouvernement de l\u00e9galiser les cigarettes \u00e9lectroniques afin que des dispositions l\u00e9gales soient mises en place pour mieux encadrer son utilisation et sa promotion. Cette suggestion ne semble pourtant pas consid\u00e9rer l\u2019extr\u00eame attractivit\u00e9 de ces nouveaux produits du tabac et des \u00e9normes enjeux \u00e9conomiques qu\u2019ils repr\u00e9sentent pour les industriels qui parviennent \u00e0 les promouvoir par l\u2019argument de la r\u00e9duction des risques. Pour preuve<a href=\"https:\/\/siamactu.fr\/cigarette-electronique-thailande-controverse\/\">[1]<\/a> : jusqu&rsquo;\u00e0 trente pour cent des personnes qui fument des cigarettes \u00e9lectroniques ont pens\u00e9, \u00e0 tort, que celles-ci avaient un bon parfum, \u00e9taient s\u00fbres et modernes et n&rsquo;\u00e9taient pas addictives&#8230; \u00bb<a href=\"https:\/\/siamactu.fr\/cigarette-electronique-nouvelle-vague-de-repression-de-la-part-des-autorites-thailandaises\/\">[2]<\/a>.<\/p>\n<p style=\"text-align: justify;\">En 2017 sur 10,7 millions de fumeurs en Tha\u00eflande, 72 565* ont succomb\u00e9 de maladies li\u00e9es au tabagisme. Ce chiffre alarmant motive le gouvernement tha\u00eflandais \u00e0 adopter toujours plus de lois relatives au contr\u00f4le du tabac pour en r\u00e9duire la consommation et sauver des vies. La derni\u00e8re \u00e9volution l\u00e9gislative en date \u00e9tait l\u2019interdiction de fumer \u00e0 la maison, en ao\u00fbt 2019, pour lutter contre le tabagisme passif. pour lutter contre le tabagisme passif.<\/p>\n<p><span style=\"color: #666699;\"><a style=\"color: #666699;\" href=\"https:\/\/www.generationsanstabac.org\/\">\u00a9G\u00e9n\u00e9ration Sans Tabac<\/a><\/span><\/p>\n<hr \/>\n<p>[1] <a href=\"https:\/\/siamactu.fr\/cigarette-electronique-thailande-controverse\/\">https:\/\/siamactu.fr\/cigarette-electronique-thailande-controverse\/<\/a><\/p>\n<p>[2] <a href=\"https:\/\/siamactu.fr\/cigarette-electronique-nouvelle-vague-de-repression-de-la-part-des-autorites-thailandaises\/\">https:\/\/siamactu.fr\/cigarette-electronique-nouvelle-vague-de-repression-de-la-part-des-autorites-thailandaises\/<\/a><\/p>\n<p><span style=\"color: #e8e8e8;\"><strong><a style=\"color: #e8e8e8;\" href=\"http:\/\/dnf.asso.fr\/\/\" target=\"_blank\" rel=\"noopener noreferrer\"> \u00a9DNF &#8211; Pour un Monde ZeroTabac |<\/a><\/strong><\/span><\/p>\n","protected":false},"excerpt":{"rendered":"<p>L\u2019interdiction d\u2019utiliser la cigarette \u00e9lectronique en Tha\u00eflande a \u00e9t\u00e9 mise en place depuis 2014 pour limiter l\u2019entr\u00e9e des jeunes dans le tabagisme. Devant cette interdiction stricte, le march\u00e9 parall\u00e8le se d\u00e9veloppe et pose des interrogations au sein du gouvernement du pays du sourire.<\/p>\n","protected":false},"featured_media":19897,"template":"","tags":[],"thematique":[516,491],"class_list":["post-19896","actualites","type-actualites","status-publish","has-post-thumbnail","hentry","thematique-nouveaux-produits","thematique-politiques-publiques"],"acf":[],"_links":{"self":[{"href":"https:\/\/www.generationsanstabac.org\/fr\/wp-json\/wp\/v2\/actualites\/19896","targetHints":{"allow":["GET"]}}],"collection":[{"href":"https:\/\/www.generationsanstabac.org\/fr\/wp-json\/wp\/v2\/actualites"}],"about":[{"href":"https:\/\/www.generationsanstabac.org\/fr\/wp-json\/wp\/v2\/types\/actualites"}],"version-history":[{"count":0,"href":"https:\/\/www.generationsanstabac.org\/fr\/wp-json\/wp\/v2\/actualites\/19896\/revisions"}],"wp:featuredmedia":[{"embeddable":true,"href":"https:\/\/www.generationsanstabac.org\/fr\/wp-json\/wp\/v2\/media\/19897"}],"wp:attachment":[{"href":"https:\/\/www.generationsanstabac.org\/fr\/wp-json\/wp\/v2\/media?parent=19896"}],"wp:term":[{"taxonomy":"post_tag","embeddable":true,"href":"https:\/\/www.generationsanstabac.org\/fr\/wp-json\/wp\/v2\/tags?post=19896"},{"taxonomy":"thematique","embeddable":true,"href":"https:\/\/www.generationsanstabac.org\/fr\/wp-json\/wp\/v2\/thematique?post=19896"}],"curies":[{"name":"wp","href":"https:\/\/api.w.org\/{rel}","templated":true}]}}