{"id":19883,"date":"2020-07-02T10:43:12","date_gmt":"2020-07-02T08:43:12","guid":{"rendered":"https:\/\/www.generationsanstabac.org\/actualites\/3e-plan-cancer-heure-est-bilan\/"},"modified":"2020-07-02T10:43:12","modified_gmt":"2020-07-02T08:43:12","slug":"3e-plan-cancer-heure-est-bilan","status":"publish","type":"actualites","link":"https:\/\/www.generationsanstabac.org\/fr\/actualites\/3e-plan-cancer-heure-est-bilan\/","title":{"rendered":"3e plan cancer : l\u2019heure est au bilan"},"content":{"rendered":"<p style=\"text-align: justify;\"><em>Le 3e plan cancer s\u2019est d\u00e9roul\u00e9 de 2014 \u00e0 2019. Lanc\u00e9 par Fran\u00e7ois Hollande en 2014, il devait r\u00e9duire les in\u00e9galit\u00e9s en donnant priorit\u00e9 au d\u00e9pistage, \u00e0 l\u2019\u00e9galit\u00e9 d\u2019acc\u00e8s aux soins, \u00e0 la recherche, \u00e0 la vie pendant et apr\u00e8s la maladie et enfin \u00e0 la lutte contre le tabagisme. Dans son 6e et dernier bilan annuel, l\u2019Institut national du cancer (INca) estime que 90 % des objectifs fix\u00e9s ont \u00e9t\u00e9 atteints.<\/em><\/p>\n<h2 style=\"text-align: justify;\">Le cancer aujourd\u2019hui<\/h2>\n<p style=\"text-align: justify;\">3,8 millions de personnes vivent avec ou apr\u00e8s un cancer. Malgr\u00e9 une baisse du taux de mortalit\u00e9 entre 2010 et 2018 (- 0,7 % par an pour les femmes, &#8211; 2 % par an pour les hommes), pr\u00e8s de 400 000 personnes apprennent chaque ann\u00e9e qu\u2019elles souffrent d\u2019un cancer et plus de 157 000 en meurent.<\/p>\n<h2 style=\"text-align: justify;\">De nombreuses avanc\u00e9es<\/h2>\n<p style=\"text-align: justify;\">Le plan cancer a permis de r\u00e9elles am\u00e9liorations. Le bilan final de ce 3e plan a \u00e9t\u00e9 r\u00e9alis\u00e9 par l\u2019Inspection g\u00e9n\u00e9rale des affaires sociales (Igas). Le droit \u00e0 l&rsquo;oubli (de la maladie) s&rsquo;\u00e9tend d\u00e9sormais aux pr\u00eats \u00e0 la consommation. Par ailleurs, un forfait post-cancer, garantissant un bilan d&rsquo;activit\u00e9 physique, nutritionnel et psychologique, est inscrit dans la loi de financement de la S\u00e9curit\u00e9 sociale de 2020. Le programme de d\u00e9pistage organis\u00e9 du cancer du col de l\u2019ut\u00e9rus a \u00e9galement \u00e9t\u00e9 initi\u00e9 et la qualit\u00e9 du d\u00e9pistage du cancer du sein renforc\u00e9e. Enfin, on saluera l\u2019acc\u00e9l\u00e9ration de l\u2019acc\u00e8s aux traitements innovants et leur prise en charge par la S\u00e9curit\u00e9 sociale, sous conditions strictes.<\/p>\n<h2 style=\"text-align: justify;\">La lutte anti-tabac porte ses fruits<\/h2>\n<p style=\"text-align: justify;\">Le bilan r\u00e9v\u00e8le que le tabagisme a baiss\u00e9 de 12 % et que 1,6 millions de personnes ont arr\u00eat\u00e9 de fumer ces deux derni\u00e8res ann\u00e9es : le constat est donc encourageant. Il semble donc que l\u2019instauration du paquet neutre, l\u2019augmentation des prix, la mise en place en 2019 du remboursement de 84 substituts nicotiniques et la politique anti-tabac aient pay\u00e9.<br \/>\nN\u00e9anmoins, l\u2019INCa rel\u00e8ve que le tabagisme chez les femmes est en hausse et que des in\u00e9galit\u00e9s sociales face au tabac existent toujours.<\/p>\n<h2 style=\"text-align: justify;\">Et maintenant ?<\/h2>\n<p style=\"text-align: justify;\">Une strat\u00e9gie d\u00e9cennale 2021-2031 de lutte contre le cancer devrait \u00eatre propos\u00e9e au gouvernement en fin d\u2019ann\u00e9e pour poursuivre les efforts. D\u00e8s le 2 septembre, les Fran\u00e7ais seront consult\u00e9s pendant 4 semaines sur 3 axes consid\u00e9r\u00e9s comme prioritaires :<br \/>\n&#8211; l\u2019am\u00e9lioration de la pr\u00e9vention,<br \/>\n&#8211; la limitation des s\u00e9quelles et l\u2019am\u00e9lioration de la qualit\u00e9 de vie des patients,<br \/>\n&#8211; la lutte contre les cancers de mauvais pronostics chez l\u2019adulte et l\u2019enfant.<\/p>\n<p><span style=\"color: #666699;\"><a style=\"color: #666699;\" href=\"https:\/\/www.generationsanstabac.org\/\">\u00a9G\u00e9n\u00e9ration Sans Tabac<\/a><\/span><\/p>\n<hr \/>\n<p>[i] \u00ab\u00a0D\u00e9c\u00e8s dus au tabac en France : une forte hausse chez les femmes\u00a0\u00bb<br \/>\n<a href=\"https:\/\/www.generationsanstabac.org\/actualites\/deces-dus-tabac-france-forte-hausse-femmes\/\">https:\/\/www.generationsanstabac.org\/actualites\/deces-dus-tabac-france-forte-hausse-femmes\/<\/a><\/p>\n<p>[i] \u00ab\u00a0Arr\u00eat du tabac : il faudrait accompagner davantage les classes sociales d\u00e9favoris\u00e9es\u00a0\u00bb<br \/>\n<a href=\"https:\/\/www.generationsanstabac.org\/actualites\/arret-tabac-il-faudrait-accompagner-davantage-les-classes-sociales-defavorisees\/\">https:\/\/www.generationsanstabac.org\/actualites\/arret-tabac-il-faudrait-accompagner-davantage-les-classes-sociales-defavorisees\/<\/a><\/p>\n<p>\u00ab Bilan annuel du 3e plan cancer : progr\u00e8s ind\u00e9niables, mais peut mieux faire \u00bb, 24 juin 2020,<br \/>\n<a href=\"https:\/\/www.notretemps.com\/droit\/bilan-annuel-du-3e-plan-cancer-progres-afp-202006,i222288\">https:\/\/www.notretemps.com\/droit\/bilan-annuel-du-3e-plan-cancer-progres-afp-202006,i222288<\/a><\/p>\n<p><span style=\"color: #e8e8e8;\"><strong><a style=\"color: #e8e8e8;\" href=\"http:\/\/dnf.asso.fr\/\/\" target=\"_blank\" rel=\"noopener noreferrer\"> \u00a9DNF &#8211; Pour un Monde ZeroTabac |<\/a><\/strong><\/span><\/p>\n","protected":false},"excerpt":{"rendered":"<p>Le 3e plan cancer s\u2019est d\u00e9roul\u00e9 de 2014 \u00e0 2019. Lanc\u00e9 par Fran\u00e7ois Hollande en 2014, il devait r\u00e9duire les in\u00e9galit\u00e9s en donnant priorit\u00e9 au d\u00e9pistage, \u00e0 l\u2019\u00e9galit\u00e9 d\u2019acc\u00e8s aux soins, \u00e0 la recherche, \u00e0 la vie pendant et apr\u00e8s la maladie et enfin \u00e0 la lutte contre le tabagisme. Dans son 6e et dernier bilan annuel, l\u2019Institut national du cancer (INca) estime que 90 % des objectifs fix\u00e9s ont \u00e9t\u00e9 atteints.<\/p>\n","protected":false},"featured_media":19480,"template":"","tags":[],"thematique":[474],"class_list":["post-19883","actualites","type-actualites","status-publish","has-post-thumbnail","hentry","thematique-sante"],"acf":[],"_links":{"self":[{"href":"https:\/\/www.generationsanstabac.org\/fr\/wp-json\/wp\/v2\/actualites\/19883","targetHints":{"allow":["GET"]}}],"collection":[{"href":"https:\/\/www.generationsanstabac.org\/fr\/wp-json\/wp\/v2\/actualites"}],"about":[{"href":"https:\/\/www.generationsanstabac.org\/fr\/wp-json\/wp\/v2\/types\/actualites"}],"version-history":[{"count":0,"href":"https:\/\/www.generationsanstabac.org\/fr\/wp-json\/wp\/v2\/actualites\/19883\/revisions"}],"wp:featuredmedia":[{"embeddable":true,"href":"https:\/\/www.generationsanstabac.org\/fr\/wp-json\/wp\/v2\/media\/19480"}],"wp:attachment":[{"href":"https:\/\/www.generationsanstabac.org\/fr\/wp-json\/wp\/v2\/media?parent=19883"}],"wp:term":[{"taxonomy":"post_tag","embeddable":true,"href":"https:\/\/www.generationsanstabac.org\/fr\/wp-json\/wp\/v2\/tags?post=19883"},{"taxonomy":"thematique","embeddable":true,"href":"https:\/\/www.generationsanstabac.org\/fr\/wp-json\/wp\/v2\/thematique?post=19883"}],"curies":[{"name":"wp","href":"https:\/\/api.w.org\/{rel}","templated":true}]}}