{"id":19882,"date":"2020-07-02T10:25:06","date_gmt":"2020-07-02T08:25:06","guid":{"rendered":"https:\/\/www.generationsanstabac.org\/actualites\/exposition-au-tabagisme-obesite-infantile-liens-averes\/"},"modified":"2020-07-02T10:25:06","modified_gmt":"2020-07-02T08:25:06","slug":"exposition-au-tabagisme-obesite-infantile-liens-averes","status":"publish","type":"actualites","link":"https:\/\/www.generationsanstabac.org\/fr\/actualites\/exposition-au-tabagisme-obesite-infantile-liens-averes\/","title":{"rendered":"Exposition au tabagisme et ob\u00e9sit\u00e9 infantile : des liens av\u00e9r\u00e9s"},"content":{"rendered":"<p style=\"text-align: justify;\"><em>L\u2019ob\u00e9sit\u00e9 infantile est devenue de plus en plus fr\u00e9quente. Selon la F\u00e9d\u00e9ration nationale contre l&rsquo;ob\u00e9sit\u00e9, 250 millions d\u2019enfants seront ob\u00e8ses en 2030. Un chiffre tr\u00e8s inqui\u00e9tant quand on sait que cette pathologie peut engendrer un diab\u00e8te de type 2, un cancer, une maladie cardiaque ou encore des troubles de la sant\u00e9 mentale. Une \u00e9tude r\u00e9cente, men\u00e9e par l\u2019Institut de Barcelone pour la sant\u00e9 mondiale (ISGlobal) et l\u2019University of Southern California (USC) a list\u00e9 les facteurs environnementaux li\u00e9s \u00e0 l\u2019ob\u00e9sit\u00e9 infantile. L\u2019exposition au tabagisme en fait partie.<\/em><\/p>\n<h2 style=\"text-align: justify;\">Une \u00e9tude globale des influences environnementales<\/h2>\n<p style=\"text-align: justify;\">Dans cette \u00e9tude, dont les r\u00e9sultats ont \u00e9t\u00e9 publi\u00e9s dans la revue Perspectives de sant\u00e9 environnementale, les chercheurs ont tent\u00e9 de comprendre l\u2019impact des influences environnementales sur la sant\u00e9 d\u2019un \u00eatre humain, depuis la conception. L\u2019\u00e9tude a suivi 1300 enfants \u00e2g\u00e9s de 6 \u00e0 11 ans, ainsi que leurs m\u00e8res, vivant dans 6 pays europ\u00e9ens diff\u00e9rents : France, Gr\u00e8ce, Lituanie, Norv\u00e8ge, Espagne, Royaume-Uni. Elle a pris en compte 173 facteurs \u2013 77 in utero et 96 au cours de l\u2019enfance : polluants atmosph\u00e9riques, acc\u00e8s aux espaces verts, exposition \u00e0 la fum\u00e9e de tabac, etc.<\/p>\n<h2 style=\"text-align: justify;\">L\u2019impact du tabagisme<\/h2>\n<p style=\"text-align: justify;\">Selon l\u2019\u00e9tude, \u00ab L\u2019exposition au tabagisme maternel pendant la grossesse, l\u2019exposition de l\u2019enfance aux polluants atmosph\u00e9riques int\u00e9rieurs et ext\u00e9rieurs, l\u2019exposition passive \u00e0 la fum\u00e9e infantile, la r\u00e9sidence d\u2019enfance dans les zones plus dens\u00e9ment peupl\u00e9es et la fr\u00e9quentation scolaire dans les r\u00e9gions o\u00f9 les installations sont moins nombreuses ont \u00e9t\u00e9 associ\u00e9es \u00e0 une augmentation de l\u2019IMC des enfants. Les taux sanguins d\u2019enfants en cuivre et en c\u00e9sium ont \u00e9t\u00e9 \u00e9galement associ\u00e9s \u00e0 un IMC plus \u00e9lev\u00e9 \u00bb. C\u2019est la premi\u00e8re fois que ces expositions sont \u00e9tudi\u00e9es simultan\u00e9ment.<br \/>\nLe tabagisme de la m\u00e8re pendant la grossesse \u00e9tait l&rsquo;association la plus importante avec un IMC (indice de masse corporelle) \u00e9lev\u00e9 chez les enfants et \u00e9galement le seul facteur pr\u00e9natal avec une association significative. La fum\u00e9e secondaire peut elle aussi engendrer un IMC \u00e9lev\u00e9.<br \/>\nL\u2019exposition environnementale est donc \u00e0 prendre en compte pour lutter efficacement contre certaines pathologies. Aujourd\u2019hui, le tabagisme pendant la grossesse et le tabagisme passif d\u00fb aux fum\u00e9es secondaires et tertiaires sont encore largement r\u00e9pandus.<\/p>\n<p><span style=\"color: #666699;\"><a style=\"color: #666699;\" href=\"https:\/\/www.generationsanstabac.org\/\">\u00a9G\u00e9n\u00e9ration Sans Tabac<\/a><\/span><\/p>\n<hr \/>\n<p>[i] <a href=\"https:\/\/liguecontrelobesite.org\/actualite\/la-pollution-le-tabagisme-et-la-densite-de-population-augmente-le-risque-dobesite-infantile\/\">https:\/\/liguecontrelobesite.org\/actualite\/la-pollution-le-tabagisme-et-la-densite-de-population-augmente-le-risque-dobesite-infantile\/<\/a><\/p>\n<p>[i] \u00ab Une nouvelle \u00e9tude \u00e9tablit un profil complet des facteurs environnementaux li\u00e9s \u00e0 l&rsquo;ob\u00e9sit\u00e9 infantile \u00bb, <a href=\"https:\/\/www.cliniquemutualisteamberieu.fr\/une-nouvelle-etude-etablit-un-profil-complet-des-facteurs-environnementaux-lies-a-lobesite-infantile\">https:\/\/www.cliniquemutualisteamberieu.fr\/une-nouvelle-etude-etablit-un-profil-complet-des-facteurs-environnementaux-lies-a-lobesite-infantile<\/a><\/p>\n<p>AFP\/Relaxnews, \u00ab Une \u00e9tude r\u00e9v\u00e8le de nombreux facteurs li\u00e9s \u00e0 l&rsquo;ob\u00e9sit\u00e9 infantile \u00bb, 26 juin 2020<\/p>\n<p>[i] <a href=\"https:\/\/www.doctissimo.fr\/sante\/news\/etude-nombreux-facteurs-obesite-infantile\">https:\/\/www.doctissimo.fr\/sante\/news\/etude-nombreux-facteurs-obesite-infantile<\/a><\/p>\n<p>[i] <a href=\"https:\/\/ehp.niehs.nih.gov\/doi\/10.1289\/EHP5975\">https:\/\/ehp.niehs.nih.gov\/doi\/10.1289\/EHP5975<\/a><\/p>\n<p><span style=\"color: #e8e8e8;\"><strong><a style=\"color: #e8e8e8;\" href=\"http:\/\/dnf.asso.fr\/\/\" target=\"_blank\" rel=\"noopener noreferrer\"> \u00a9DNF &#8211; Pour un Monde ZeroTabac |<\/a><\/strong><\/span><\/p>\n","protected":false},"excerpt":{"rendered":"<p>L\u2019ob\u00e9sit\u00e9 infantile est devenue de plus en plus fr\u00e9quente. Selon la F\u00e9d\u00e9ration nationale contre l&rsquo;ob\u00e9sit\u00e9, 250 millions d\u2019enfants seront ob\u00e8ses en 2030. Un chiffre tr\u00e8s inqui\u00e9tant quand on sait que cette pathologie peut engendrer un diab\u00e8te de type 2, un cancer, une maladie cardiaque ou encore des troubles de la sant\u00e9 mentale. Une \u00e9tude r\u00e9cente, men\u00e9e par l\u2019Institut de Barcelone pour la sant\u00e9 mondiale (ISGlobal) et l\u2019University of Southern California (USC) a list\u00e9 les facteurs environnementaux li\u00e9s \u00e0 l\u2019ob\u00e9sit\u00e9 infantile. L\u2019exposition au tabagisme en fait partie.<\/p>\n","protected":false},"featured_media":19819,"template":"","tags":[],"thematique":[474],"class_list":["post-19882","actualites","type-actualites","status-publish","has-post-thumbnail","hentry","thematique-sante"],"acf":[],"_links":{"self":[{"href":"https:\/\/www.generationsanstabac.org\/fr\/wp-json\/wp\/v2\/actualites\/19882","targetHints":{"allow":["GET"]}}],"collection":[{"href":"https:\/\/www.generationsanstabac.org\/fr\/wp-json\/wp\/v2\/actualites"}],"about":[{"href":"https:\/\/www.generationsanstabac.org\/fr\/wp-json\/wp\/v2\/types\/actualites"}],"version-history":[{"count":0,"href":"https:\/\/www.generationsanstabac.org\/fr\/wp-json\/wp\/v2\/actualites\/19882\/revisions"}],"wp:featuredmedia":[{"embeddable":true,"href":"https:\/\/www.generationsanstabac.org\/fr\/wp-json\/wp\/v2\/media\/19819"}],"wp:attachment":[{"href":"https:\/\/www.generationsanstabac.org\/fr\/wp-json\/wp\/v2\/media?parent=19882"}],"wp:term":[{"taxonomy":"post_tag","embeddable":true,"href":"https:\/\/www.generationsanstabac.org\/fr\/wp-json\/wp\/v2\/tags?post=19882"},{"taxonomy":"thematique","embeddable":true,"href":"https:\/\/www.generationsanstabac.org\/fr\/wp-json\/wp\/v2\/thematique?post=19882"}],"curies":[{"name":"wp","href":"https:\/\/api.w.org\/{rel}","templated":true}]}}