{"id":19879,"date":"2020-07-01T10:59:56","date_gmt":"2020-07-01T08:59:56","guid":{"rendered":"https:\/\/www.generationsanstabac.org\/actualites\/oms-la-prevalence-tabagique-en-baisse-en-europe\/"},"modified":"2020-07-01T10:59:56","modified_gmt":"2020-07-01T08:59:56","slug":"oms-la-prevalence-tabagique-en-baisse-en-europe","status":"publish","type":"actualites","link":"https:\/\/www.generationsanstabac.org\/fr\/actualites\/oms-la-prevalence-tabagique-en-baisse-en-europe\/","title":{"rendered":"OMS : la pr\u00e9valence tabagique en baisse en Europe"},"content":{"rendered":"<p style=\"text-align: justify;\">Selon une \u00e9tude de l\u2019Organisation Mondiale de la Sant\u00e9 (OMS), parue fin juin 2020, la pr\u00e9valence tabagique chez les adultes a diminu\u00e9 de 7,9 points dans la r\u00e9gion Europe<a href=\"#_ftn1\" name=\"_ftnref1\">[1]<\/a>, passant de 34,2% en 2000 \u00e0 26,3% en 2018. Dans le m\u00eame intervalle de temps, le nombre de fumeurs est pass\u00e9 de 227 \u00e0 186 millions de personnes. Entre 2010 et 2025, il est estim\u00e9 que cette pr\u00e9valence aura diminu\u00e9 de 18%, soit un chiffre en de\u00e7\u00e0 des attentes du Plan d\u2019Action de l\u2019OMS pour la Pr\u00e9vention et le Contr\u00f4le des Maladies Non Transmissibles entre 2013 et 2020 (-30%)<a href=\"#_ftn2\" name=\"_ftnref2\">[2]<\/a>.<\/p>\n<p style=\"text-align: justify;\"><strong>Des disparit\u00e9s sexuelles et r\u00e9gionales <\/strong><\/p>\n<p style=\"text-align: justify;\">Le nombre de fumeuses dans cette r\u00e9gion est estim\u00e9 \u00e0 67 millions, correspondant \u00e0 une pr\u00e9valence tabagique l\u00e9g\u00e8rement inf\u00e9rieure \u00e0 20%, tandis que l\u2019on d\u00e9compte 119 millions de fumeurs parmi les hommes (34%).<\/p>\n<p style=\"text-align: justify;\">Le taux moyen de tabagisme chez les hommes en Europe septentrionale en 2010 \u00e9tait le plus bas de la r\u00e9gion Europe, et devrait conna\u00eetre la plus forte baisse d&rsquo;ici \u00e0 2025, passant de 30% \u00e0 17%. En Europe occidentale, la pr\u00e9valence tabagique pour les hommes \u00e9tait l\u00e9g\u00e8rement plus \u00e9lev\u00e9e et devrait diminuer plus lentement (de 32% \u00e0 26%). Enfin, la pr\u00e9valence tabagique en Europe de l\u2019Est reste la plus \u00e9lev\u00e9e, \u00e0 l\u2019instar de la Serbie, la Bosnie-Herz\u00e9govine, la Lettonie, la Gr\u00e8ce, ou encore la Bulgarie o\u00f9 plus de 30% des hommes sont fumeurs.<\/p>\n<p style=\"text-align: justify;\">En 2010, la pr\u00e9valence tabagique chez les femmes en Europe de l\u2019Est \u00e9tait la plus basse des quatre sous-r\u00e9gions, et devrait conna\u00eetre une l\u00e9g\u00e8re baisse d&rsquo;ici 2025 (de 14% \u00e0 12%). Le sud de l\u2019Europe devrait enregistrer la plus faible baisse (de 21% \u00e0 19%), l\u00e9g\u00e8rement inf\u00e9rieure \u00e0 celle de l\u2019Europe de l\u2019Ouest (de 25% \u00e0 22%). La plus forte pr\u00e9valence chez les femmes a \u00e9t\u00e9 observ\u00e9e dans le nord de l\u2019Europe, qui devrait toutefois enregistrer une tr\u00e8s forte r\u00e9duction d&rsquo;ici \u00e0 2025 (de 28 \u00e0 17%).<\/p>\n<p style=\"text-align: justify;\"><span style=\"color: #800080;\"><a style=\"color: #800080;\" href=\"https:\/\/www.generationsanstabac.org\/\">\u00a9G\u00e9n\u00e9ration Sans Tabac<\/a><\/span><\/p>\n<hr \/>\n<p><a href=\"#_ftnref1\" name=\"_ftn1\">[1]<\/a> La r\u00e9gion Europe de l\u2019OMS inclut des pays au-del\u00e0 de l\u2019Union europ\u00e9enne, \u00e0 l\u2019instar de la Russie, des Balkans, la Suisse, ou certains pays d\u2019Asie centrale  (Ouzb\u00e9kistan, Kazakhstan, etc).<\/p>\n<p><a href=\"#_ftnref2\" name=\"_ftn2\">[2]<\/a> OMS, \u00ab Prevalence of tobacco use among adults in the WHO European Region \u00bb<\/p>\n<p><a href=\"https:\/\/www.euro.who.int\/__data\/assets\/pdf_file\/0005\/447323\/Prevalence-of-tobacco-use-eng.pdf\">https:\/\/www.euro.who.int\/__data\/assets\/pdf_file\/0005\/447323\/Prevalence-of-tobacco-use-eng.pdf<\/a><\/p>\n<p><span style=\"color: #999999;\"><strong><a style=\"color: #999999;\" href=\"http:\/\/www.cnct.fr\/\" target=\"_blank\" rel=\"noopener noreferrer\">\u00a9Comit\u00e9 National Contre le Tabagisme |<\/a><\/strong><\/span><\/p>\n","protected":false},"excerpt":{"rendered":"<p>Selon une \u00e9tude de l\u2019Organisation Mondiale de la Sant\u00e9 (OMS), parue fin juin 2020, la pr\u00e9valence tabagique chez les adultes a diminu\u00e9 de 7,9 points dans la r\u00e9gion Europe, passant de 34,2% en 2000 \u00e0 26,3% en 2018. Dans le m\u00eame intervalle de temps, le nombre de fumeurs est pass\u00e9 de 227 \u00e0 186 millions de personnes. Entre 2010 et 2025, il est estim\u00e9 que cette pr\u00e9valence aura diminu\u00e9 de 18%, soit un chiffre en de\u00e7\u00e0 des attentes du Plan d\u2019Action de l\u2019OMS pour la Pr\u00e9vention et le Contr\u00f4le des Maladies Non Transmissibles entre 2013 et 2020 (-30%).<\/p>\n","protected":false},"featured_media":9980,"template":"","tags":[],"thematique":[474],"class_list":["post-19879","actualites","type-actualites","status-publish","has-post-thumbnail","hentry","thematique-sante"],"acf":[],"_links":{"self":[{"href":"https:\/\/www.generationsanstabac.org\/fr\/wp-json\/wp\/v2\/actualites\/19879","targetHints":{"allow":["GET"]}}],"collection":[{"href":"https:\/\/www.generationsanstabac.org\/fr\/wp-json\/wp\/v2\/actualites"}],"about":[{"href":"https:\/\/www.generationsanstabac.org\/fr\/wp-json\/wp\/v2\/types\/actualites"}],"version-history":[{"count":0,"href":"https:\/\/www.generationsanstabac.org\/fr\/wp-json\/wp\/v2\/actualites\/19879\/revisions"}],"wp:featuredmedia":[{"embeddable":true,"href":"https:\/\/www.generationsanstabac.org\/fr\/wp-json\/wp\/v2\/media\/9980"}],"wp:attachment":[{"href":"https:\/\/www.generationsanstabac.org\/fr\/wp-json\/wp\/v2\/media?parent=19879"}],"wp:term":[{"taxonomy":"post_tag","embeddable":true,"href":"https:\/\/www.generationsanstabac.org\/fr\/wp-json\/wp\/v2\/tags?post=19879"},{"taxonomy":"thematique","embeddable":true,"href":"https:\/\/www.generationsanstabac.org\/fr\/wp-json\/wp\/v2\/thematique?post=19879"}],"curies":[{"name":"wp","href":"https:\/\/api.w.org\/{rel}","templated":true}]}}