{"id":19868,"date":"2020-06-29T10:30:01","date_gmt":"2020-06-29T08:30:01","guid":{"rendered":"https:\/\/www.generationsanstabac.org\/actualites\/justice-nouvelle-defaite-pour-industrie-du-tabac-en-afrique-du-sud\/"},"modified":"2020-06-29T10:30:01","modified_gmt":"2020-06-29T08:30:01","slug":"justice-nouvelle-defaite-pour-industrie-du-tabac-en-afrique-du-sud","status":"publish","type":"actualites","link":"https:\/\/www.generationsanstabac.org\/fr\/actualites\/justice-nouvelle-defaite-pour-industrie-du-tabac-en-afrique-du-sud\/","title":{"rendered":"Justice. Nouvelle d\u00e9faite pour l\u2019industrie du tabac en Afrique du Sud"},"content":{"rendered":"<p style=\"text-align: justify;\"><em>La justice sud-africaine vient de donner raison au gouvernement face aux cigarettiers sur <\/em><a href=\"https:\/\/www.generationsanstabac.org\/actualites\/en-afrique-du-sud-les-cigarettiers-sopposent-aux-mesures-du-covid-19\/\"><em>l\u2019interdiction de vente de produits du tabac<\/em><\/a><em>, d\u00e9cr\u00e9t\u00e9e fin mars \u00e0 l\u2019occasion de r\u00e9glementations exceptionnelles pour lutter contre la pand\u00e9mie de COVID-19. <\/em><\/p>\n<p style=\"text-align: justify;\">La Fair Trade Independant Tobacco Association (FITA) avait en effet d\u00e9pos\u00e9 un recours en justice, arguant qu\u2019une telle mesure correspondait \u00e0 une prohibition mettant en p\u00e9ril la sant\u00e9 financi\u00e8re de l\u2019ensemble des acteurs du tabac, et encourageant les r\u00e9seaux de contrebande. Par ailleurs, la FITA avait demand\u00e9 que le tabac soit consid\u00e9r\u00e9 comme un produit \u00ab <em>essentiel<\/em> \u00bb, en raison de l\u2019addiction que sa consommation entra\u00eene. Toutefois, la Haute-Cour de Pretoria a indiqu\u00e9 que cette restriction reposait sur une base \u00ab <em>rationnelle et ferme<\/em> \u00bb, visant notamment \u00e0 r\u00e9duire l\u2019impact sanitaire de la pand\u00e9mie comme \u00e0 diminuer la pression sur le syst\u00e8me de sant\u00e9 sud-africain<a href=\"#_ftn1\" name=\"_ftnref1\">[1]<\/a>. L\u2019argument du caract\u00e8re essentiel du tabagisme a par ailleurs \u00e9t\u00e9 \u00e9galement rejet\u00e9 par la justice.<\/p>\n<p style=\"text-align: justify;\">De la m\u00eame mani\u00e8re, British American Tobacco (BAT), qui avait pr\u00e9vu de contester la d\u00e9cision gouvernementale sud-africaine lors de la semaine du 29 juin, a vu son audience repouss\u00e9e au 5 ao\u00fbt. La compagnie, d\u00e9tenant 78% du march\u00e9 national, a indiqu\u00e9 qu\u2019un tel report mettait en danger des milliers d\u2019emplois, et co\u00fbterait \u00e0 l\u2019Afrique du Sud plus de 1,4 milliards de rands, soit plus de 72 millions d\u2019euros<a href=\"#_ftn2\" name=\"_ftnref2\">[2]<\/a>.<\/p>\n<p style=\"text-align: justify;\">Cette rh\u00e9torique, r\u00e9guli\u00e8rement d\u00e9velopp\u00e9e par l\u2019industrie du tabac, repose sur l\u2019id\u00e9e selon laquelle la consommation de tabac rapporterait plus qu\u2019il ne co\u00fbterait \u00e0 la soci\u00e9t\u00e9 ou \u00e0 l\u2019Etat. Ce postulat a pourtant \u00e9t\u00e9 d\u00e9montr\u00e9 comme invalide : en Afrique du Sud, le co\u00fbt \u00e9conomique du tabagisme avoisine les 60 milliards de rands, soit un peu plus de 3 milliards d\u2019euros. Sur le plan sanitaire, le tabagisme est la cause directe de 42 000 d\u00e9c\u00e8s par an<a href=\"#_ftn3\" name=\"_ftnref3\">[3]<\/a> dans le pays.<\/p>\n<p style=\"text-align: justify;\"><span style=\"color: #800080;\"><a style=\"color: #800080;\" href=\"https:\/\/www.generationsanstabac.org\/\">\u00a9G\u00e9n\u00e9ration Sans Tabac<\/a><\/span><\/p>\n<hr \/>\n<p style=\"text-align: justify;\"><a href=\"#_ftnref1\" name=\"_ftn1\">[1]<\/a> Bloomberg, \u00ab South Africa Wins Lawsuit Over Decision to Ban Tobacco Sales \u00bb, 26 juin 2020<\/p>\n<p style=\"text-align: justify;\"><a href=\"https:\/\/www.bloomberg.com\/news\/articles\/2020-06-26\/south-africa-wins-court-case-over-decision-to-ban-tobacco-sales\">https:\/\/www.bloomberg.com\/news\/articles\/2020-06-26\/south-africa-wins-court-case-over-decision-to-ban-tobacco-sales<\/a><\/p>\n<p style=\"text-align: justify;\"><a href=\"#_ftnref2\" name=\"_ftn2\">[2]<\/a> Financial Times, \u00ab BAT court bid to overturn South Africa tobacco ban hit by delay \u00bb, 26 juin 2020<\/p>\n<p style=\"text-align: justify;\"><a href=\"https:\/\/www.ft.com\/content\/5a5d3511-e5fa-4b04-b02e-800218de4cba\">https:\/\/www.ft.com\/content\/5a5d3511-e5fa-4b04-b02e-800218de4cba<\/a><\/p>\n<p style=\"text-align: justify;\"><a href=\"#_ftnref3\" name=\"_ftn3\">[3]<\/a> Tobacco Atlas. Fiche pays : Afrique du Sud<\/p>\n<p style=\"text-align: justify;\"><a href=\"https:\/\/tobaccoatlas.org\/country\/south-africa\/\">https:\/\/tobaccoatlas.org\/country\/south-africa\/<\/a><\/p>\n<p style=\"text-align: justify;\"><span style=\"color: #999999;\"><strong><a style=\"color: #999999;\" href=\"http:\/\/www.cnct.fr\/\" target=\"_blank\" rel=\"noopener noreferrer\">\u00a9Comit\u00e9 National Contre le Tabagisme |<\/a><\/strong><\/span><\/p>\n<p style=\"text-align: justify;\">\n","protected":false},"excerpt":{"rendered":"<p>La justice sud-africaine vient de donner raison au gouvernement face aux cigarettiers sur l\u2019interdiction de vente de produits du tabac, d\u00e9cr\u00e9t\u00e9e fin mars \u00e0 l\u2019occasion de r\u00e9glementations exceptionnelles pour lutter contre la pand\u00e9mie de COVID-19. La Fair Trade Independant Tobacco Association (FITA) avait en effet d\u00e9pos\u00e9 un recours en justice, arguant qu\u2019une telle mesure correspondait [&hellip;]<\/p>\n","protected":false},"featured_media":19869,"template":"","tags":[],"thematique":[502],"class_list":["post-19868","actualites","type-actualites","status-publish","has-post-thumbnail","hentry","thematique-justice"],"acf":[],"_links":{"self":[{"href":"https:\/\/www.generationsanstabac.org\/fr\/wp-json\/wp\/v2\/actualites\/19868","targetHints":{"allow":["GET"]}}],"collection":[{"href":"https:\/\/www.generationsanstabac.org\/fr\/wp-json\/wp\/v2\/actualites"}],"about":[{"href":"https:\/\/www.generationsanstabac.org\/fr\/wp-json\/wp\/v2\/types\/actualites"}],"version-history":[{"count":0,"href":"https:\/\/www.generationsanstabac.org\/fr\/wp-json\/wp\/v2\/actualites\/19868\/revisions"}],"wp:featuredmedia":[{"embeddable":true,"href":"https:\/\/www.generationsanstabac.org\/fr\/wp-json\/wp\/v2\/media\/19869"}],"wp:attachment":[{"href":"https:\/\/www.generationsanstabac.org\/fr\/wp-json\/wp\/v2\/media?parent=19868"}],"wp:term":[{"taxonomy":"post_tag","embeddable":true,"href":"https:\/\/www.generationsanstabac.org\/fr\/wp-json\/wp\/v2\/tags?post=19868"},{"taxonomy":"thematique","embeddable":true,"href":"https:\/\/www.generationsanstabac.org\/fr\/wp-json\/wp\/v2\/thematique?post=19868"}],"curies":[{"name":"wp","href":"https:\/\/api.w.org\/{rel}","templated":true}]}}