{"id":19864,"date":"2020-06-26T14:32:27","date_gmt":"2020-06-26T12:32:27","guid":{"rendered":"https:\/\/www.generationsanstabac.org\/actualites\/mises-en-garde-illustrees-et-emballages-neutres-travers-monde\/"},"modified":"2020-06-26T14:32:27","modified_gmt":"2020-06-26T12:32:27","slug":"mises-en-garde-illustrees-et-emballages-neutres-travers-monde","status":"publish","type":"actualites","link":"https:\/\/www.generationsanstabac.org\/fr\/actualites\/mises-en-garde-illustrees-et-emballages-neutres-travers-monde\/","title":{"rendered":"Mises en garde illustr\u00e9es et emballages neutres \u00e0 travers le monde"},"content":{"rendered":"<p style=\"text-align: justify;\"><em>Dans un rapport de septembre 2018, la Soci\u00e9t\u00e9 canadienne du cancer a pr\u00e9sent\u00e9 un classement de 206 pays\/territoires en fonction de la taille des mises en garde pr\u00e9sentes sur les paquets de cigarettes et les exigences de certains. L\u2019occasion de revenir sur l\u2019utilit\u00e9 de ce proc\u00e9d\u00e9, ainsi que sur l\u2019efficacit\u00e9 des emballages neutres.<\/em><\/p>\n<h2 style=\"text-align: justify;\">\u00ab Une image vaut mille mots \u00bb<\/h2>\n<p style=\"text-align: justify;\">Les mises en garde illustr\u00e9es sont un moyen tr\u00e8s rentable de communiquer et de r\u00e9duire le tabagisme, comme mentionn\u00e9 dans les Directives pour l\u2019application de l\u2019article 11 (emballage et \u00e9tiquetage) adopt\u00e9es en vertu de la Convention-cadre de l\u2019OMS (Organisation mondiale pour la sant\u00e9) pour la lutte antitabac (CCLAT). Les images peuvent en effet parfois v\u00e9hiculer un message plus percutant qu\u2019un texte. On notera aussi que plus les mises en garde sont grandes, plus elles sont efficaces : elles laissent la place \u00e0 des images de meilleure qualit\u00e9, des textes plus grands, ou encore de l\u2019information suppl\u00e9mentaire, notamment sur l\u2019abandon du tabac.<\/p>\n<h2 style=\"text-align: justify;\">Une tendance encourageante<\/h2>\n<p style=\"text-align: justify;\">Le rapport pr\u00e9cise que de grands progr\u00e8s ont \u00e9t\u00e9 r\u00e9alis\u00e9s :<br \/>\n&#8211; de nombreux pays ont augment\u00e9 la taille des mises en garde illustr\u00e9es,<br \/>\n&#8211; davantage de pays exigent des mises en garde illustr\u00e9es,<br \/>\n&#8211; davantage de pays imposent plusieurs s\u00e9ries de mises en garde illustr\u00e9es.<br \/>\n&#8211; les emballages neutres sont eux aussi \u00e0 la hausse.<\/p>\n<p style=\"text-align: justify;\">Si le Canada a \u00e9t\u00e9 le premier pays \u00e0 recourir aux mises en garde illustr\u00e9es, ce sont aujourd\u2019hui 118 pays\/territoires, h\u00e9bergeant 58 % de la population mondiale, qui ont suivi l\u2019exemple. Dans 107 pays, les mises en garde occupent au moins 50 % de la surface du paquet. Le Timor oriental est le plus exigeant en la mati\u00e8re : les mises en garde couvrent 85 % de l\u2019avant du paquet et 100 % de l\u2019arri\u00e8re.<\/p>\n<h2 style=\"text-align: justify;\">Les atouts des emballages neutres<\/h2>\n<p style=\"text-align: justify;\">Sur un emballage neutre \u2013 \u00e9galement appel\u00e9 \u00ab emballage banalis\u00e9 \u00bb, \u00ab emballage standardis\u00e9 \u00bb, \u00ab emballage neutre standardis\u00e9 \u00bb et \u00ab emballage g\u00e9n\u00e9rique \u00bb \u2013 les couleurs, les logos et les \u00e9l\u00e9ments graphiques de la marque sont interdits. Les emballages poss\u00e8dent tous la m\u00eame forme, la m\u00eame mati\u00e8re et le m\u00eame format.<br \/>\nLes emballages neutres pourraient mettre un terme \u00e0 l\u2019utilisation du paquet comme outil de promotion par l\u2019industrie, augmenter l\u2019efficacit\u00e9 des mises en garde et r\u00e9duire ainsi le tabagisme. Les directives internationales \u00e9mises en vertu de la CCLAT recommandaient d\u2019ailleurs l\u2019instauration de l\u2019emballage neutre, et le th\u00e8me de la Journ\u00e9e mondiale sans tabac 2016 de l\u2019Organisation mondiale de la Sant\u00e9, le 31 mai 2016, \u00e9tait : \u00ab Pr\u00e9parez-vous au conditionnement neutre \u00bb.<\/p>\n<p style=\"text-align: justify;\">L\u2019Australie a \u00e9t\u00e9 la premi\u00e8re \u00e0 mettre en place l\u2019utilisation d\u2019emballages neutres, le 1er d\u00e9cembre 2012. En septembre 2018, 9 pays avaient recours aux emballages neutres, et 16 autres pensaient le faire. L\u2019emballage neutre est en vigueur en Australie (2012), en France (2016), au Royaume-Uni (2016), en Norv\u00e8ge (2017), en Irlande (2017), en Nouvelle-Z\u00e9lande (2018), en Hongrie (2018), en Uruguay (2019), au Canada (2020) et en Slov\u00e9nie (2020). Il est en voie d\u2019implantation ou \u00e0 l\u2019\u00e9tude au Canada, en Belgique, en Tha\u00eflande, en G\u00e9orgie, \u00e0 Singapour, au N\u00e9pal, au Sri Lanka, en Afrique du Sud, en Roumanie, \u00e0 Jersey, \u00e0 Guernesey, \u00e0 Ta\u00efwan, au Chili, en Finlande, en Turquie et en Arabie saoudite.<\/p>\n<p style=\"text-align: justify;\">Comme l\u2019a rappel\u00e9 le Dr Margaret Chan, directrice g\u00e9n\u00e9rale de l\u2019OMS, durant la Journ\u00e9e mondiale sans tabac du 31 mai 2016 : \u00ab Retirez l\u2019emballage \u00e9l\u00e9gant de carton glac\u00e9 qui renferme les produits du tabac, et que reste-t-il ? Des produits qui tuent pr\u00e8s de 6 millions de gens chaque ann\u00e9e. L\u2019emballage du tabac est une forme de publicit\u00e9 et de promotion souvent trompeuse, qui sert \u00e0 cacher aux consommateurs les cons\u00e9quences mortelles du tabagisme. (&#8230;) Le conditionnement neutre est efficace. \u00bb*<\/p>\n<p style=\"text-align: justify;\"><span style=\"color: #666699;\"><a style=\"color: #666699;\" href=\"https:\/\/www.generationsanstabac.org\/\">\u00a9G\u00e9n\u00e9ration Sans Tabac<\/a><\/span><\/p>\n<hr \/>\n<p style=\"text-align: justify;\">Soci\u00e9t\u00e9 canadienne du cancer, \u00ab Mises en garde sanitaires sur les paquets de cigarettes \u2013 Rapport international \u00bb, septembre 2018, 6e \u00e9dition.<\/p>\n<p style=\"text-align: justify;\">[i] \u00ab\u00a0Etats-Unis : de nouveaux avertissements sanitaires sur les paquets\u00a0\u00bb<br \/>\n<a href=\"https:\/\/www.generationsanstabac.org\/actualites\/etats-unis-de-nouveaux-avertissements-sanitaires-sur-les-paquets\/\">https:\/\/www.generationsanstabac.org\/actualites\/etats-unis-de-nouveaux-avertissements-sanitaires-sur-les-paquets\/<\/a><\/p>\n<p style=\"text-align: justify;\">[i] \u00ab\u00a0La Cor\u00e9e du Sud adopte de nouveaux avertissements sanitaires y compris pour les nouvelles cigarettes de tabac chauff\u00e9\u00a0\u00bb <a href=\"https:\/\/www.generationsanstabac.org\/actualites\/la-coree-du-sud-adopte-de-nouveaux-avertissements-sanitaires-y-compris-pour-les-nouvelles-cigarettes-de-tabac-chauffe\/\">https:\/\/www.generationsanstabac.org\/actualites\/la-coree-du-sud-adopte-de-nouveaux-avertissements-sanitaires-y-compris-pour-les-nouvelles-cigarettes-de-tabac-chauffe\/<\/a><\/p>\n<p style=\"text-align: justify;\">[i] \u00ab\u00a0Au Canada, tous les paquets vendus sont d\u00e9sormais neutres\u00a0\u00bb<br \/>\n<a href=\"https:\/\/www.generationsanstabac.org\/actualites\/au-canada-tous-les-paquets-vendus-sont-desormais-neutres\/\">https:\/\/www.generationsanstabac.org\/actualites\/au-canada-tous-les-paquets-vendus-sont-desormais-neutres\/<\/a><\/p>\n<p style=\"text-align: justify;\">[i] \u00ab\u00a0L\u2019OMC confirme en appel la conformit\u00e9 des paquets neutres australiens\u00a0\u00bb<br \/>\n<a href=\"https:\/\/www.generationsanstabac.org\/actualites\/omc-confirme-conformite-paquets-neutres-australie\/\">https:\/\/www.generationsanstabac.org\/actualites\/omc-confirme-conformite-paquets-neutres-australie\/<\/a><\/p>\n<p style=\"text-align: justify;\">[i] \u00ab\u00a0Les Pays-Bas forc\u00e9s par l\u2019industrie de reporter l\u2019introduction du paquet neutre\u00a0\u00bb<br \/>\n<a href=\"https:\/\/www.generationsanstabac.org\/actualites\/les-pays-bas-forces-par-lindustrie-de-reporter-lintroduction-du-paquet-neutre\/\">https:\/\/www.generationsanstabac.org\/actualites\/les-pays-bas-forces-par-lindustrie-de-reporter-lintroduction-du-paquet-neutre\/<\/a><\/p>\n<p style=\"text-align: justify;\">[i] \u00ab\u00a0Les paquets neutres du tabac rebutent les fumeurs\u00a0\u00bb<br \/>\n<a href=\"https:\/\/www.generationsanstabac.org\/actualites\/les-paquets-neutres-du-tabac-rebutent-les-fumeurs\/\">https:\/\/www.generationsanstabac.org\/actualites\/les-paquets-neutres-du-tabac-rebutent-les-fumeurs\/<\/a><\/p>\n<p style=\"text-align: justify;\"><span style=\"color: #e8e8e8;\"><strong><a style=\"color: #e8e8e8;\" href=\"http:\/\/dnf.asso.fr\/\/\" target=\"_blank\" rel=\"noopener noreferrer\"> \u00a9DNF &#8211; Pour un Monde ZeroTabac |<\/a><\/strong><\/span><\/p>\n","protected":false},"excerpt":{"rendered":"<p>Dans un rapport de 2018, la Soci\u00e9t\u00e9 canadienne du cancer a fait un classement de 206 pays\/territoires selon la taille des mises en garde pr\u00e9sentes sur les paquets de cigarettes.<\/p>\n","protected":false},"featured_media":15232,"template":"","tags":[],"thematique":[491],"class_list":["post-19864","actualites","type-actualites","status-publish","has-post-thumbnail","hentry","thematique-politiques-publiques"],"acf":[],"_links":{"self":[{"href":"https:\/\/www.generationsanstabac.org\/fr\/wp-json\/wp\/v2\/actualites\/19864","targetHints":{"allow":["GET"]}}],"collection":[{"href":"https:\/\/www.generationsanstabac.org\/fr\/wp-json\/wp\/v2\/actualites"}],"about":[{"href":"https:\/\/www.generationsanstabac.org\/fr\/wp-json\/wp\/v2\/types\/actualites"}],"version-history":[{"count":0,"href":"https:\/\/www.generationsanstabac.org\/fr\/wp-json\/wp\/v2\/actualites\/19864\/revisions"}],"wp:featuredmedia":[{"embeddable":true,"href":"https:\/\/www.generationsanstabac.org\/fr\/wp-json\/wp\/v2\/media\/15232"}],"wp:attachment":[{"href":"https:\/\/www.generationsanstabac.org\/fr\/wp-json\/wp\/v2\/media?parent=19864"}],"wp:term":[{"taxonomy":"post_tag","embeddable":true,"href":"https:\/\/www.generationsanstabac.org\/fr\/wp-json\/wp\/v2\/tags?post=19864"},{"taxonomy":"thematique","embeddable":true,"href":"https:\/\/www.generationsanstabac.org\/fr\/wp-json\/wp\/v2\/thematique?post=19864"}],"curies":[{"name":"wp","href":"https:\/\/api.w.org\/{rel}","templated":true}]}}