{"id":19862,"date":"2020-06-26T14:13:37","date_gmt":"2020-06-26T12:13:37","guid":{"rendered":"https:\/\/www.generationsanstabac.org\/actualites\/ethiopie-avertissements-paquets-de-cigarette\/"},"modified":"2020-06-26T14:13:37","modified_gmt":"2020-06-26T12:13:37","slug":"ethiopie-avertissements-paquets-de-cigarette","status":"publish","type":"actualites","link":"https:\/\/www.generationsanstabac.org\/fr\/actualites\/ethiopie-avertissements-paquets-de-cigarette\/","title":{"rendered":"\u00c9thiopie : des avertissements graphiques sur les paquets de cigarettes"},"content":{"rendered":"<p style=\"text-align: justify;\"><em>Consciente que la population doit absolument \u00eatre inform\u00e9e des risques li\u00e9s \u00e0 la consommation des produits de tabac, et que les avertissements sanitaires illustr\u00e9s ont fait leurs preuves en la mati\u00e8re, l\u2019\u00c9thiopie a rendu ces derniers obligatoires.<\/em><\/p>\n<h2 style=\"text-align: justify;\">Une directive pour r\u00e9duire le tabagisme<\/h2>\n<p style=\"text-align: justify;\">Le 21 janvier 2014, l\u2019\u00c9thiopie avait ratifi\u00e9 la Convention-cadre de l\u2019OMS pour la lutte antitabac. En 2019, une directive vou\u00e9e \u00e0 lutter contre l\u2019\u00e9pid\u00e9mie de tabagisme a mis en place l\u2019interdiction de fumer dans les lieux publics et \u00e0 usage collectif, l\u2019interdiction de publicit\u00e9, de nouvelles restrictions pour la vente aux mineurs ou par des mineurs de produits de tabac ou de cigarettes \u00e9lectroniques.<\/p>\n<h2 style=\"text-align: justify;\">Des avertissements visibles<\/h2>\n<p style=\"text-align: justify;\">Faisant suite \u00e0 cette directive, l\u2019\u00c9thiopie a \u00e9galement exig\u00e9 qu\u2019un avertissement sanitaire avec image figure sur la face et le dos des paquets de cigarettes, la taille de l\u2019avertissement devant repr\u00e9senter 70 % de la surface. Les inscriptions doivent \u00eatre inscrites en amharique sur la face du paquet, en anglais ou autre langage sur le dos.<\/p>\n<h2 style=\"text-align: justify;\">En 2020, une augmentation des taxes<\/h2>\n<p style=\"text-align: justify;\">En f\u00e9vrier 2020, le pays a \u00e9galement adopt\u00e9 un projet de loi instaurant une augmentation des taxes sur les produits de tabac via l\u2019introduction d\u2019une accise sp\u00e9cifique. L\u2019\u00c9thiopie faisait en effet partie des pays \u00e0 revenus faibles ou interm\u00e9diaires o\u00f9 les produits du tabac \u00e9taient financi\u00e8rement abordables. L\u2019augmentation du prix moyen du paquet de cigarettes, coupl\u00e9e aux avertissements, devrait donc participer \u00e0 la baisse du tabagisme.<br \/>\n\u00ab\u2009Le cancer et les maladies non transmissibles sont en hausse en Afrique. Cette nouvelle loi r\u00e9duira significativement la consommation de cigarettes par les \u00c9thiopiens et permettra de sauver des vies\u2009\u00bb, estime Boureima Hama Sambo, repr\u00e9sentant de l\u2019OMS<a href=\"https:\/\/letempstg.com\/2020\/02\/29\/ethiopie-renforcement-de-la-legislation-sur-le-tabac\/\">[1]<\/a>.<\/p>\n<h2 style=\"text-align: justify;\">Le tabagisme en \u00c9thiopie<\/h2>\n<p style=\"text-align: justify;\">En 2016, l\u2019enqu\u00eate mondiale sur le tabagisme chez les adultes montrait que 5 % de la population \u00e9thiopienne \u00e2g\u00e9e de 15 ans et plus consommaient le tabac. 29,3% \u00e9taient quant \u00e0 eux expos\u00e9s \u00e0 la fum\u00e9e sur leur lieu de travail. Pour Bintou Camara, directrice des programmes Afrique pour la \u00ab Campagne des enfants sans tabac \u00bb, \u00ab cette loi adopt\u00e9e \u00e0 l\u2019unanimit\u00e9 par le parlement (allait) permettre de sauver des vies et de prot\u00e9ger plus de 105 millions de personnes dans le 2e pays le plus peupl\u00e9 d\u2019Afrique \u00bb.<a href=\"https:\/\/atca-africa.org\/fr\/l-ethiopie-desenfume-sa-population\">[2]<\/a><\/p>\n<p style=\"text-align: justify;\"><span style=\"color: #666699;\"><a style=\"color: #666699;\" href=\"https:\/\/www.generationsanstabac.org\/\">\u00a9G\u00e9n\u00e9ration Sans Tabac<\/a><\/span><\/p>\n<hr \/>\n<p style=\"text-align: justify;\">[1] <a href=\"https:\/\/letempstg.com\/2020\/02\/29\/ethiopie-renforcement-de-la-legislation-sur-le-tabac\/\">https:\/\/letempstg.com\/2020\/02\/29\/ethiopie-renforcement-de-la-legislation-sur-le-tabac\/<\/a><\/p>\n<p style=\"text-align: justify;\">[2] <a href=\"https:\/\/atca-africa.org\/fr\/l-ethiopie-desenfume-sa-population\">https:\/\/atca-africa.org\/fr\/l-ethiopie-desenfume-sa-population<\/a><\/p>\n<p style=\"text-align: justify;\">\u00ab Tobacco Products Pictorial Health Warning and Labeling Directive \u00bb, Ethiopian Food, Medecine and Healthcare Administration and Control Authority, octobre 2019.<\/p>\n<p style=\"text-align: justify;\">[i] \u00ab\u00a0L\u2019Ethiopie augmente ses taxes sur le tabac en introduisant une accise sp\u00e9cifique\u00a0\u00bb<br \/>\n<a href=\"https:\/\/www.generationsanstabac.org\/actualites\/ethiopie-augmente-ses-taxes-sur-le-tabac-en-introduisant-une-accise-specifique\/\">https:\/\/www.generationsanstabac.org\/actualites\/ethiopie-augmente-ses-taxes-sur-le-tabac-en-introduisant-une-accise-specifique\/<\/a><\/p>\n<p style=\"text-align: justify;\"><span style=\"color: #e8e8e8;\"><strong><a style=\"color: #e8e8e8;\" href=\"http:\/\/dnf.asso.fr\/\/\" target=\"_blank\" rel=\"noopener noreferrer\"> \u00a9DNF &#8211; Pour un Monde ZeroTabac |<\/a><\/strong><\/span><\/p>\n","protected":false},"excerpt":{"rendered":"<p>Pour informer la population sur les risques li\u00e9s \u00e0 la consommation de tabac, l&rsquo;\u00c9thiopie a rendu les avertissements sanitaires illustr\u00e9s obligatoires.<\/p>\n","protected":false},"featured_media":19863,"template":"","tags":[],"thematique":[491],"class_list":["post-19862","actualites","type-actualites","status-publish","has-post-thumbnail","hentry","thematique-politiques-publiques"],"acf":[],"_links":{"self":[{"href":"https:\/\/www.generationsanstabac.org\/fr\/wp-json\/wp\/v2\/actualites\/19862","targetHints":{"allow":["GET"]}}],"collection":[{"href":"https:\/\/www.generationsanstabac.org\/fr\/wp-json\/wp\/v2\/actualites"}],"about":[{"href":"https:\/\/www.generationsanstabac.org\/fr\/wp-json\/wp\/v2\/types\/actualites"}],"version-history":[{"count":0,"href":"https:\/\/www.generationsanstabac.org\/fr\/wp-json\/wp\/v2\/actualites\/19862\/revisions"}],"wp:featuredmedia":[{"embeddable":true,"href":"https:\/\/www.generationsanstabac.org\/fr\/wp-json\/wp\/v2\/media\/19863"}],"wp:attachment":[{"href":"https:\/\/www.generationsanstabac.org\/fr\/wp-json\/wp\/v2\/media?parent=19862"}],"wp:term":[{"taxonomy":"post_tag","embeddable":true,"href":"https:\/\/www.generationsanstabac.org\/fr\/wp-json\/wp\/v2\/tags?post=19862"},{"taxonomy":"thematique","embeddable":true,"href":"https:\/\/www.generationsanstabac.org\/fr\/wp-json\/wp\/v2\/thematique?post=19862"}],"curies":[{"name":"wp","href":"https:\/\/api.w.org\/{rel}","templated":true}]}}