{"id":19857,"date":"2020-06-26T10:20:26","date_gmt":"2020-06-26T08:20:26","guid":{"rendered":"https:\/\/www.generationsanstabac.org\/actualites\/efforts-republique-tcheque-lutte-contre-le-tabac\/"},"modified":"2020-06-26T10:20:26","modified_gmt":"2020-06-26T08:20:26","slug":"efforts-republique-tcheque-lutte-contre-le-tabac","status":"publish","type":"actualites","link":"https:\/\/www.generationsanstabac.org\/fr\/actualites\/efforts-republique-tcheque-lutte-contre-le-tabac\/","title":{"rendered":"Les efforts de la R\u00e9publique Tch\u00e8que pour la lutte contre le tabac"},"content":{"rendered":"<p style=\"text-align: justify;\"><em>La R\u00e9publique Tch\u00e8que fait partie des pays europ\u00e9ens o\u00f9 la lutte contre le tabagisme reste encore trop timide pour r\u00e9duire efficacement le taux de tabagisme national. L\u2019augmentation d\u2019environ 10% du prix du paquet de cigarette en mai 2019, derni\u00e8re initiative en date, n\u2019est pas encore suffisante pour rendre le prix dissuasif : un paquet de cigarette co\u00fbte d\u00e9sormais entre 85 et 105 CZK, soit l\u2019\u00e9quivalent de 4 euros<a href=\"https:\/\/francais.radio.cz\/le-gouvernement-pour-une-augmentation-des-taxes-sur-le-tabac-et-lalcool-8129984\">[1]<\/a>.<\/em><\/p>\n<h2 style=\"text-align: justify;\">L\u2019augmentation du prix du tabac, une mesure efficace pour limiter la consommation<\/h2>\n<p style=\"text-align: justify;\">Apr\u00e8s l\u2019augmentation en 2019 du prix du paquet de cigarette, La R\u00e9publique tch\u00e8que souhaite s\u2019aligner sur les taux minimaux appliqu\u00e9s en Europe et semble ne pas s\u2019arr\u00eater en si bon chemin. Le Minist\u00e8re des Finances tch\u00e8que envisage des augmentations successives des taxes sur les produits du tabac dans les ann\u00e9es \u00e0 venir. En effet, le ministre Adam Vojt\u011bch affirme qu\u2019augmenter le prix des cigarettes a un impact consid\u00e9rable sur la consommation et sur la sant\u00e9 de la population : une position que rejoint <a href=\"https:\/\/www.generationsanstabac.org\/actualites\/les-fumeurs-adultes-sont-sensibles-au-prix-du-tabac\/\">G\u00e9n\u00e9ration sans tabac<\/a>.<\/p>\n<p style=\"text-align: justify;\">Les premiers chiffres semblent d\u2019ailleurs confirmer cette th\u00e8se car d\u2019apr\u00e8s une \u00e9tude dirig\u00e9e par l\u2019Institut national de la sant\u00e9 (SZ\u00da), le nombre de fumeurs en R\u00e9publique Tch\u00e8que, a diminu\u00e9 ces sept derni\u00e8res ann\u00e9es, et notamment chez les jeunes. En 2017, 35% des jeunes interrog\u00e9s \u00e2g\u00e9s de 15 \u00e0 24 ans se d\u00e9claraient fumeurs contre 23%, en 2019.<a href=\"https:\/\/francais.radio.cz\/le-nombre-du-fumeurs-en-baisse-en-republique-tcheque-8681968\">[2]<\/a><\/p>\n<h2 style=\"text-align: justify;\">Les timides efforts encourageants de la R\u00e9publique Tch\u00e8que pour lutter contre le tabagisme<\/h2>\n<p style=\"text-align: justify;\">Ayant \u00e9t\u00e9 consid\u00e9r\u00e9 comme le pays le moins s\u00e9v\u00e8re de l\u2019Union europ\u00e9enne en mati\u00e8re de lutte contre le tabagisme, la R\u00e9publique Tch\u00e8que t\u00e9moigne aujourd\u2019hui d\u2019une volont\u00e9 affirm\u00e9e d\u2019agir en faveur de la sant\u00e9 publique. Les progr\u00e8s accomplis ces derni\u00e8res ann\u00e9es et les projets du gouvernement attestent d\u2019une r\u00e9elle politique de contr\u00f4le du tabac, en R\u00e9publique Tch\u00e8que. Pour rappel, il est interdit de fumer dans tous les lieux accueillant du public, depuis le 31 mai 2017. Le gouvernement tch\u00e8que vient en outre d\u2019adopter le projet de loi visant \u00e0 interdire la publicit\u00e9 sur les produits du tabac<a href=\"https:\/\/francais.radio.cz\/le-tabac-interdit-de-publicite-en-tchequie-8064612\">[3]<\/a>. On esp\u00e8re que l\u2019adoption des paquets de cigarettes neutres soit pour bient\u00f4t<a href=\"https:\/\/francais.radio.cz\/la-republique-tcheque-refuse-dintroduire-le-paquet-de-cigarettes-neutre-8152853\">[4]<\/a>.<\/p>\n<p style=\"text-align: justify;\"><span style=\"color: #e8e8e8;\"><a style=\"color: #e8e8e8;\" href=\"https:\/\/www.generationsanstabac.org\/\">\u00a9G\u00e9n\u00e9ration Sans Tabac<\/a><\/span><\/p>\n<hr \/>\n<p style=\"text-align: justify;\">[1] <a href=\"https:\/\/francais.radio.cz\/le-gouvernement-pour-une-augmentation-des-taxes-sur-le-tabac-et-lalcool-8129984\">https:\/\/francais.radio.cz\/le-gouvernement-pour-une-augmentation-des-taxes-sur-le-tabac-et-lalcool-8129984<\/a><\/p>\n<p style=\"text-align: justify;\">[2] <a href=\"https:\/\/francais.radio.cz\/le-nombre-du-fumeurs-en-baisse-en-republique-tcheque-8681968\">https:\/\/francais.radio.cz\/le-nombre-du-fumeurs-en-baisse-en-republique-tcheque-8681968<\/a><\/p>\n<p style=\"text-align: justify;\">[3] <a href=\"https:\/\/francais.radio.cz\/le-tabac-interdit-de-publicite-en-tchequie-8064612\">https:\/\/francais.radio.cz\/le-tabac-interdit-de-publicite-en-tchequie-8064612<\/a><\/p>\n<p style=\"text-align: justify;\">[4] <a href=\"https:\/\/francais.radio.cz\/la-republique-tcheque-refuse-dintroduire-le-paquet-de-cigarettes-neutre-8152853\">https:\/\/francais.radio.cz\/la-republique-tcheque-refuse-dintroduire-le-paquet-de-cigarettes-neutre-8152853<\/a><\/p>\n<p style=\"text-align: justify;\">[i] \u00ab\u00a0Les fumeurs adultes sont sensibles au prix du tabac\u00a0\u00bb<br \/>\n<a href=\"https:\/\/www.generationsanstabac.org\/actualites\/les-fumeurs-adultes-sont-sensibles-au-prix-du-tabac\/\">https:\/\/www.generationsanstabac.org\/actualites\/les-fumeurs-adultes-sont-sensibles-au-prix-du-tabac\/<\/a><\/p>\n<p style=\"text-align: justify;\"><span style=\"color: #e8e8e8;\"><strong><a style=\"color: #e8e8e8;\" href=\"http:\/\/dnf.asso.fr\/\/\" target=\"_blank\" rel=\"noopener noreferrer\"> \u00a9DNF &#8211; Pour un Monde ZeroTabac |<\/a><\/strong><\/span><\/p>\n","protected":false},"excerpt":{"rendered":"<p>La R\u00e9publique Tch\u00e8que fait partie des pays europ\u00e9ens o\u00f9 la lutte contre le tabagisme reste timide et l&rsquo;augmentation d\u2019environ 10% du prix du paquet de cigarette en mai 2019 n\u2019est pas encore fort pour rendre le prix dissuasif.<\/p>\n","protected":false},"featured_media":19858,"template":"","tags":[],"thematique":[491,474],"class_list":["post-19857","actualites","type-actualites","status-publish","has-post-thumbnail","hentry","thematique-politiques-publiques","thematique-sante"],"acf":[],"_links":{"self":[{"href":"https:\/\/www.generationsanstabac.org\/fr\/wp-json\/wp\/v2\/actualites\/19857","targetHints":{"allow":["GET"]}}],"collection":[{"href":"https:\/\/www.generationsanstabac.org\/fr\/wp-json\/wp\/v2\/actualites"}],"about":[{"href":"https:\/\/www.generationsanstabac.org\/fr\/wp-json\/wp\/v2\/types\/actualites"}],"version-history":[{"count":0,"href":"https:\/\/www.generationsanstabac.org\/fr\/wp-json\/wp\/v2\/actualites\/19857\/revisions"}],"wp:featuredmedia":[{"embeddable":true,"href":"https:\/\/www.generationsanstabac.org\/fr\/wp-json\/wp\/v2\/media\/19858"}],"wp:attachment":[{"href":"https:\/\/www.generationsanstabac.org\/fr\/wp-json\/wp\/v2\/media?parent=19857"}],"wp:term":[{"taxonomy":"post_tag","embeddable":true,"href":"https:\/\/www.generationsanstabac.org\/fr\/wp-json\/wp\/v2\/tags?post=19857"},{"taxonomy":"thematique","embeddable":true,"href":"https:\/\/www.generationsanstabac.org\/fr\/wp-json\/wp\/v2\/thematique?post=19857"}],"curies":[{"name":"wp","href":"https:\/\/api.w.org\/{rel}","templated":true}]}}