{"id":19856,"date":"2020-06-26T10:01:35","date_gmt":"2020-06-26T08:01:35","guid":{"rendered":"https:\/\/www.generationsanstabac.org\/actualites\/generation-sans-cigarette-electronique-aux-pays-bas\/"},"modified":"2020-06-26T10:01:35","modified_gmt":"2020-06-26T08:01:35","slug":"generation-sans-cigarette-electronique-aux-pays-bas","status":"publish","type":"actualites","link":"https:\/\/www.generationsanstabac.org\/fr\/actualites\/generation-sans-cigarette-electronique-aux-pays-bas\/","title":{"rendered":"Une g\u00e9n\u00e9ration sans cigarette \u00e9lectronique aux Pays-Bas"},"content":{"rendered":"<p style=\"text-align: justify;\"><em>Pour tendre vers une g\u00e9n\u00e9ration sans tabac, les Pays-Bas veulent franchir un cap suppl\u00e9mentaire. Convaincus qu\u2019une g\u00e9n\u00e9ration sans tabac ne sera permise que si elle est \u00e9galement sans cigarette \u00e9lectronique, les Pays-Bas envisagent d\u2019\u00e9largir leur l\u00e9gislation relative au contr\u00f4le du tabac \u00e0 la cigarette \u00e9lectronique et plus pr\u00e9cis\u00e9ment aux produits du tabac aromatis\u00e9s pour les cigarettes \u00e9lectroniques.<\/em><\/p>\n<h2 style=\"text-align: justify;\">Une nouvelle l\u00e9gislation destin\u00e9e \u00e0 mieux encadrer les produits du tabac<\/h2>\n<p style=\"text-align: justify;\">Le gouvernement hollandais est sur le point d\u2019\u00e9largir la l\u00e9gislation en vigueur sur la r\u00e9glementation des produits du tabac pour y englober les cigarettes \u00e9lectroniques \u00e0 compter du 1er juillet 2020. Un prochain projet de loi devrait totalement interdire les produits du tabac aromatis\u00e9s pour cigarettes \u00e9lectroniques, au printemps 2021.<\/p>\n<p style=\"text-align: justify;\">Ces mesures s\u2019appliqueront \u00e9galement \u00e0 l\u2019IQOS, un mod\u00e8le de cigarette \u00e9lectronique qui chauffe le tabac. Concr\u00e8tement, les produits du tabac chauff\u00e9s seront prochainement soumis aux m\u00eames r\u00e8gles d\u2019interdiction de publicit\u00e9 et de vente aux mineurs que les cigarettes actuellement.<\/p>\n<h2 style=\"text-align: justify;\">Prot\u00e9ger la sant\u00e9 de la nouvelle g\u00e9n\u00e9ration<\/h2>\n<p style=\"text-align: justify;\">Si les Pays-Bas s\u2019int\u00e9ressent d\u2019aussi pr\u00e8s aux cigarettes \u00e9lectroniques et d\u00e9cident aujourd\u2019hui de restreindre leur commercialisation, c\u2019est avant tout pour prot\u00e9ger les plus jeunes, aujourd\u2019hui tr\u00e8s attir\u00e9s par ce nouveau produit du tabac, et rendre le tabagisme moins attractif. Une \u00e9tude men\u00e9e par la clinique de toxicomanie de Trimbos estime que 27% des jeunes de 12 \u00e0 16 ans et 44% d\u2019\u00e9tudiants dans le sup\u00e9rieur ont d\u00e9j\u00e0 fum\u00e9 la cigarette \u00e9lectronique. Les ar\u00f4mes attrayants et leur co\u00fbt plut\u00f4t accessible sont des crit\u00e8res incitatifs chez ces jeunes consommateurs.<br \/>\nLa future l\u00e9gislation vise \u00e0 rendre ces nouveaux produits du tabac moins attrayant, \u00e0 en d\u00e9voiler toute la dangerosit\u00e9 pour les jeunes et ainsi \u00e0 entacher l\u2019image positive dont les cigarettes b\u00e9n\u00e9ficient.<br \/>\nD\u00e8s la prochaine ann\u00e9e scolaire, il sera interdit de fumer dans les cours de r\u00e9cr\u00e9ations et les cigarettes \u00e0 rouler seront vendues exclusivement dans les emballages neutres.<\/p>\n<p style=\"text-align: justify;\">Les produits du tabac aromatis\u00e9s pour cigarettes \u00e9lectroniques resteront sur le march\u00e9 en tant que \u201daide ultime\u201d pour le sevrage tabagique chez les grands fumeurs.<\/p>\n<p style=\"text-align: justify;\">Les Pays-Bas fondent l\u2019espoir de voir une nouvelle g\u00e9n\u00e9ration de n\u00e9erlandais sans tabac.<br \/>\nLe Ministre de la sant\u00e9 et toutes les associations de lutte anti-tabac souhaitent une harmonisation de ces dispositions au niveau Europ\u00e9en pour renforcer la lutte anti-tabac.<\/p>\n<p style=\"text-align: justify;\"><span style=\"color: #666699;\"><a style=\"color: #666699;\" href=\"https:\/\/www.generationsanstabac.org\/\">\u00a9G\u00e9n\u00e9ration Sans Tabac<\/a><\/span><\/p>\n<hr \/>\n<p style=\"text-align: justify;\">[i] <a href=\"https:\/\/www.dutchnews.nl\/news\/2020\/06\/dutch-extend-smoking-rules-to-cover-e-cigarettes-plan-to-ban-flavours\/\">https:\/\/www.dutchnews.nl\/news\/2020\/06\/dutch-extend-smoking-rules-to-cover-e-cigarettes-plan-to-ban-flavours\/<\/a><\/p>\n<p style=\"text-align: justify;\"><span style=\"color: #e8e8e8;\"><strong><a style=\"color: #e8e8e8;\" href=\"http:\/\/dnf.asso.fr\/\/\" target=\"_blank\" rel=\"noopener noreferrer\"> \u00a9DNF &#8211; Pour un Monde ZeroTabac |<\/a><\/strong><\/span><\/p>\n","protected":false},"excerpt":{"rendered":"<p>Les Pays-Bas veulent franchir un cap suppl\u00e9mentaire. et envisagent d\u2019\u00e9largir leur l\u00e9gislation relative au contr\u00f4le du tabac.<\/p>\n","protected":false},"featured_media":19691,"template":"","tags":[],"thematique":[516,474],"class_list":["post-19856","actualites","type-actualites","status-publish","has-post-thumbnail","hentry","thematique-nouveaux-produits","thematique-sante"],"acf":[],"_links":{"self":[{"href":"https:\/\/www.generationsanstabac.org\/fr\/wp-json\/wp\/v2\/actualites\/19856","targetHints":{"allow":["GET"]}}],"collection":[{"href":"https:\/\/www.generationsanstabac.org\/fr\/wp-json\/wp\/v2\/actualites"}],"about":[{"href":"https:\/\/www.generationsanstabac.org\/fr\/wp-json\/wp\/v2\/types\/actualites"}],"version-history":[{"count":0,"href":"https:\/\/www.generationsanstabac.org\/fr\/wp-json\/wp\/v2\/actualites\/19856\/revisions"}],"wp:featuredmedia":[{"embeddable":true,"href":"https:\/\/www.generationsanstabac.org\/fr\/wp-json\/wp\/v2\/media\/19691"}],"wp:attachment":[{"href":"https:\/\/www.generationsanstabac.org\/fr\/wp-json\/wp\/v2\/media?parent=19856"}],"wp:term":[{"taxonomy":"post_tag","embeddable":true,"href":"https:\/\/www.generationsanstabac.org\/fr\/wp-json\/wp\/v2\/tags?post=19856"},{"taxonomy":"thematique","embeddable":true,"href":"https:\/\/www.generationsanstabac.org\/fr\/wp-json\/wp\/v2\/thematique?post=19856"}],"curies":[{"name":"wp","href":"https:\/\/api.w.org\/{rel}","templated":true}]}}