{"id":19846,"date":"2020-06-24T14:22:50","date_gmt":"2020-06-24T12:22:50","guid":{"rendered":"https:\/\/www.generationsanstabac.org\/actualites\/lutte-antitabac-tchad-cadre-judiciaire-se-met-en-place\/"},"modified":"2020-06-24T14:22:50","modified_gmt":"2020-06-24T12:22:50","slug":"lutte-antitabac-tchad-cadre-judiciaire-se-met-en-place","status":"publish","type":"actualites","link":"https:\/\/www.generationsanstabac.org\/fr\/actualites\/lutte-antitabac-tchad-cadre-judiciaire-se-met-en-place\/","title":{"rendered":"Lutte antitabac au Tchad : le cadre judiciaire se met en place"},"content":{"rendered":"<p style=\"text-align: justify;\"><em>Au Tchad, un atelier de vulgarisation du d\u00e9cret N\u00b01523, relatif \u00e0 la pr\u00e9vention de l\u2019ing\u00e9rence de l\u2019industrie du tabac, a \u00e9t\u00e9 organis\u00e9 par le Minist\u00e8re de la sant\u00e9 publique, en collaboration avec l\u2019Union internationale contre la tuberculose.<\/em><\/p>\n<h2 style=\"text-align: justify;\">Informer les professions juridiques<\/h2>\n<p style=\"text-align: justify;\">Pendant la mise en \u0153uvre de l\u2019article 5.3 de la Convention-cadre de l\u2019OMS (Organisation mondiale de la sant\u00e9) pour la lutte anti-tabac, la CCLAT, le Tchad a adopt\u00e9 en 2019 le d\u00e9cret N\u00b01523, qui aborde la question de l\u2019ing\u00e9rence de l\u2019industrie du tabac.<\/p>\n<p style=\"text-align: justify;\">Selon le directeur adjoint de la lutte contre la maladie et de la promotion de la sant\u00e9 du Minist\u00e8re de la sant\u00e9 publique, le Dr Ch\u00e9rif Baradine, \u00ab l\u2019ing\u00e9rence de l\u2019industrie du tabac est un ensemble de tactiques et de strat\u00e9gies utilis\u00e9es directement ou indirectement par l\u2019industrie du tabac pour interf\u00e9rer dans les politiques de sant\u00e9, miner les efforts de la lutte antitabac et s\u2019opposer aux mesures allant \u00e0 l\u2019encontre de ses int\u00e9r\u00eats financiers \u00bb.<\/p>\n<p style=\"text-align: justify;\">Il \u00e9tait d\u00e8s lors important que les procureurs, les juges du tribunal de N\u2019Djamena, les greffiers et les pr\u00e9sidents des chambres de tribunal de N\u2019Djamena puissent profiter d\u2019\u00e9claircissements au sujet de ce d\u00e9cret et de ses applications.<\/p>\n<h2 style=\"text-align: justify;\">Sensibiliser les maires<\/h2>\n<p style=\"text-align: justify;\">Un atelier a \u00e9galement \u00e9t\u00e9 organis\u00e9 \u00e0 destination des maires, des administrateurs d\u00e9l\u00e9gu\u00e9s et des agents d\u2019hygi\u00e8ne et d\u2019assainissement des 10 arrondissements de la capitale. Selon le Dr Dionko, pr\u00e9sentateur du d\u00e9cret, \u00ab les maires et les administrateurs doivent \u0153uvrer dans ce cadre pour prot\u00e9ger la sant\u00e9 de leur population \u00bb.<br \/>\nDaoud El Hadj Adam, repr\u00e9sentant de l\u2019Union internationale contre la tuberculose et les maladies respiratoires, a quant \u00e0 lui ajout\u00e9 que \u00ab le v\u0153u de l\u2019Union est de voir les maires du Tchad rejoindre la liste des maires champions en mati\u00e8re de lutte contre le tabac \u00e0 l\u2019exemple de Michail Bloomberg ancien maire de New-York par ailleurs ambassadeur de l\u2019OMS et bailleur de fonds de l\u2019Union. \u00bb<\/p>\n<h2 style=\"text-align: justify;\">Les 3 pouvoirs en action<\/h2>\n<p style=\"text-align: justify;\">Pour Daouda Elhadj Adam, les pouvoirs l\u00e9gislatif et ex\u00e9cutif ont assur\u00e9 leur r\u00f4le, en dotant le Tchad d\u2019un cadre permettant de lutter efficacement contre le tabagisme. C\u2019est \u00e0 pr\u00e9sent au pouvoir judiciaire d\u2019entrer en sc\u00e8ne, de jouer son r\u00f4le et de sanctionner le non-respect. Reste donc \u00e0 voir comment ces textes de lois seront appliqu\u00e9s dans les temps \u00e0 venir.<\/p>\n<p style=\"text-align: justify;\"><span style=\"color: #666699;\"><a style=\"color: #666699;\" href=\"https:\/\/www.generationsanstabac.org\/\">\u00a9G\u00e9n\u00e9ration Sans Tabac<\/a><\/span><\/p>\n<hr \/>\n<p style=\"text-align: justify;\">[i] \u00ab\u00a0Le Tchad dit non aux man\u0153uvres d\u2019Imperial Tobacco\u00a0\u00bb<br \/>\n<a href=\"https:\/\/www.generationsanstabac.org\/actualites\/le-tchad-dit-non-aux-manoeuvres-dimperial-tobacco\/\">https:\/\/www.generationsanstabac.org\/actualites\/le-tchad-dit-non-aux-manoeuvres-dimperial-tobacco\/<\/a><\/p>\n<p style=\"text-align: justify;\">Source<br \/>\n\u00ab Tchad : les magistrats sensibilis\u00e9s sur la pr\u00e9vention de l\u2019ing\u00e9rence de l\u2019industrie de tabac \u00bb, www.tchadinfos.com, 18 octobre 2019<br \/>\n<a href=\"https:\/\/tchadinfos.com\/politique\/tchad-les-magistrats-sensibilises-sur-la-prevention-de-lingerence-de-lindustrie-de-tabac\">https:\/\/tchadinfos.com\/politique\/tchad-les-magistrats-sensibilises-sur-la-prevention-de-lingerence-de-lindustrie-de-tabac<\/a>\/<\/p>\n<p style=\"text-align: justify;\">Alexis Beramgoto, \u00ab Tchad : les maires form\u00e9s sur la pr\u00e9vention et l\u2019ing\u00e9rence de l\u2019industrie du tabac dans la politique de la sant\u00e9 publique \u00bb,<br \/>\n<a href=\"http:\/\/www.tchadinfos.com\">www.tchadinfos.com<\/a>,<br \/>\n26 septembre 2019<\/p>\n<p style=\"text-align: justify;\"><a href=\"https:\/\/tchadinfos.com\/politique\/tchad-les-maires-formes-sur-la-prevention-et-lingerence-de-lindustrie-de-tabac-dans-la-politique-de-la-sante-publique\/\">https:\/\/tchadinfos.com\/politique\/tchad-les-maires-formes-sur-la-prevention-et-lingerence-de-lindustrie-de-tabac-dans-la-politique-de-la-sante-publique\/<\/a><\/p>\n<p style=\"text-align: justify;\"><span style=\"color: #e8e8e8;\"><strong><a style=\"color: #e8e8e8;\" href=\"http:\/\/dnf.asso.fr\/\/\" target=\"_blank\" rel=\"noopener noreferrer\"> \u00a9DNF &#8211; Pour un Monde ZeroTabac |<\/a><\/strong><\/span><\/p>\n","protected":false},"excerpt":{"rendered":"<p>Au Tchad, un atelier de vulgarisation du d\u00e9cret N\u00b01523, relatif \u00e0 la pr\u00e9vention de l\u2019ing\u00e9rence de l\u2019industrie du tabac a \u00e9t\u00e9 organis\u00e9 par le Minist\u00e8re de la sant\u00e9 publique.<\/p>\n","protected":false},"featured_media":19847,"template":"","tags":[],"thematique":[502,491],"class_list":["post-19846","actualites","type-actualites","status-publish","has-post-thumbnail","hentry","thematique-justice","thematique-politiques-publiques"],"acf":[],"_links":{"self":[{"href":"https:\/\/www.generationsanstabac.org\/fr\/wp-json\/wp\/v2\/actualites\/19846","targetHints":{"allow":["GET"]}}],"collection":[{"href":"https:\/\/www.generationsanstabac.org\/fr\/wp-json\/wp\/v2\/actualites"}],"about":[{"href":"https:\/\/www.generationsanstabac.org\/fr\/wp-json\/wp\/v2\/types\/actualites"}],"version-history":[{"count":0,"href":"https:\/\/www.generationsanstabac.org\/fr\/wp-json\/wp\/v2\/actualites\/19846\/revisions"}],"wp:featuredmedia":[{"embeddable":true,"href":"https:\/\/www.generationsanstabac.org\/fr\/wp-json\/wp\/v2\/media\/19847"}],"wp:attachment":[{"href":"https:\/\/www.generationsanstabac.org\/fr\/wp-json\/wp\/v2\/media?parent=19846"}],"wp:term":[{"taxonomy":"post_tag","embeddable":true,"href":"https:\/\/www.generationsanstabac.org\/fr\/wp-json\/wp\/v2\/tags?post=19846"},{"taxonomy":"thematique","embeddable":true,"href":"https:\/\/www.generationsanstabac.org\/fr\/wp-json\/wp\/v2\/thematique?post=19846"}],"curies":[{"name":"wp","href":"https:\/\/api.w.org\/{rel}","templated":true}]}}