{"id":19840,"date":"2020-06-24T08:25:21","date_gmt":"2020-06-24T06:25:21","guid":{"rendered":"https:\/\/www.generationsanstabac.org\/actualites\/tabagisme-burundi-manque-information-moyens-toujours-present\/"},"modified":"2020-06-24T08:25:21","modified_gmt":"2020-06-24T06:25:21","slug":"tabagisme-burundi-manque-information-moyens-toujours-present","status":"publish","type":"actualites","link":"https:\/\/www.generationsanstabac.org\/fr\/actualites\/tabagisme-burundi-manque-information-moyens-toujours-present\/","title":{"rendered":"Tabagisme au Burundi : un manque d\u2019information et de moyens toujours pr\u00e9sent"},"content":{"rendered":"<p style=\"text-align: justify;\"><em>On savait d\u00e9j\u00e0 que les populations jeunes sont une proie facile pour la cigarette. Or, au Burundi, environ 65 % de la population a moins de 25 ans. D\u00e8s lors, comment lutter contre le fl\u00e9au du tabagisme dans de telles circonstances ? Franck Nziza, m\u00e9decin, s\u2019est exprim\u00e9 \u00e0 ce sujet.<\/em><\/p>\n<h2 style=\"text-align: justify;\">Une cible privil\u00e9gi\u00e9e<\/h2>\n<p style=\"text-align: justify;\">Franck Nziza alerte notamment sur un marketing \u00ab agressif \u00bb, des publicit\u00e9s \u00ab mensong\u00e8res \u00bb, ainsi que sur le recours par les industries du tabac \u00e0 la promotion et au parrainage des activit\u00e9s de jeunes. Le tabac est par exemple vendu \u00e0 ces populations comme un atout de s\u00e9duction et les industriels vont m\u00eame jusqu\u2019\u00e0 lui attribuer des vertus th\u00e9rapeutiques pouvant traiter la constipation ou les saignements de nez.<\/p>\n<h2 style=\"text-align: justify;\">Une absence de chiffres<\/h2>\n<p style=\"text-align: justify;\">En mai 2019, aucune \u00e9tude nationale n\u2019avait encore \u00e9t\u00e9 faite sur la consommation de tabac au Burundi, ni sur ses cons\u00e9quences sanitaires ou socio-\u00e9conomiques. N\u00e9anmoins, nous savons que certains jeunes commencent \u00e0 fumer au Burundi d\u00e8s l\u2019\u00e9cole primaire et qu\u2019un d\u00e9but de consommation entra\u00eene, plus facilement \u00e0 l\u2019adolescence, une d\u00e9pendance par la suite. La g\u00e9n\u00e9ralisation de la chicha n\u2019est pas non plus sans cons\u00e9quence sur l\u2019addiction au tabac. De nombreux messages de sensibilisation ont donc \u00e9t\u00e9 communiqu\u00e9s \u00e0 ce sujet.<\/p>\n<h2 style=\"text-align: justify;\">La pr\u00e9vention<\/h2>\n<p style=\"text-align: justify;\">Un loi anti-tabac, promulgu\u00e9e en mai 2018, figure dans le Code de Sant\u00e9 public au Burundi. Mais en juin 2019, elle n\u2019\u00e9tait pas encore effective. \u00c0 ce jour, les jeunes manquent donc d\u2019information, et une \u00e9tude de 2012 a r\u00e9v\u00e9l\u00e9 que m\u00eame les professionnels de sant\u00e9 ne disposent pas d\u2019informations suffisantes pour g\u00e9rer les cons\u00e9quences li\u00e9es au tabagisme. Les centres d\u2019addictologie sont p ar ailleurs inexistants. Les personnes souhaitant arr\u00eater de fumer et ayant besoin de services d\u2019accompagnement ne peuvent donc pas \u00eatre prises en charge correctement. Un constat dramatique lorsque l\u2019on sait que selon l\u2019OMS, le tabac, tuerait environ 8 millions de personnes chaque ann\u00e9e.<\/p>\n<p style=\"text-align: justify;\">De nombreuses actions de pr\u00e9vention, de surveillance et d\u2019aide au sevrage doivent donc encore \u00eatre men\u00e9es pour pr\u00e9server la population burundaise des dangers du tabac.<\/p>\n<p style=\"text-align: justify;\"><span style=\"color: #666699;\"><a style=\"color: #666699;\" href=\"https:\/\/www.generationsanstabac.org\/\">\u00a9G\u00e9n\u00e9ration Sans Tabac<\/a><\/span><\/p>\n<hr \/>\n<p style=\"text-align: justify;\">[i] \u00ab\u00a0La jeunesse africaine, proie de l\u2019industrie du tabac\u00a0\u00bb<br \/>\n<a href=\"https:\/\/www.generationsanstabac.org\/actualites\/jeunes-africaine-proie-de-lindustrie-du-tabac\/\">https:\/\/www.generationsanstabac.org\/actualites\/jeunes-africaine-proie-de-lindustrie-du-tabac\/<\/a><\/p>\n<p style=\"text-align: justify;\">[i] C\u00e9line Pellarin, \u00ab La lutte contre le tabagisme au Burundi \u00bb, interview de Franck Nziza,<br \/>\n<a href=\"http:\/\/www.rfi.fr\">www.rfi.fr<\/a>, 14 juin 2019<br \/>\n<a href=\"http:\/\/www.rfi.fr\/fr\/emission\/20190614-lutte-contre-le-tabagisme-burundi\">http:\/\/www.rfi.fr\/fr\/emission\/20190614-lutte-contre-le-tabagisme-burundi<\/a><\/p>\n<p style=\"text-align: justify;\"><span style=\"color: #e8e8e8;\"><strong><a style=\"color: #e8e8e8;\" href=\"http:\/\/dnf.asso.fr\/\/\" target=\"_blank\" rel=\"noopener noreferrer\"> \u00a9DNF &#8211; Pour un Monde ZeroTabac |<\/a><\/strong><\/span><\/p>\n","protected":false},"excerpt":{"rendered":"<p>Au Burundi, environ 65 % de la population a moins de 25 ans. Comment lutter contre le fl\u00e9au du tabagisme dans de telles circonstances ?<\/p>\n","protected":false},"featured_media":19841,"template":"","tags":[],"thematique":[474],"class_list":["post-19840","actualites","type-actualites","status-publish","has-post-thumbnail","hentry","thematique-sante"],"acf":[],"_links":{"self":[{"href":"https:\/\/www.generationsanstabac.org\/fr\/wp-json\/wp\/v2\/actualites\/19840","targetHints":{"allow":["GET"]}}],"collection":[{"href":"https:\/\/www.generationsanstabac.org\/fr\/wp-json\/wp\/v2\/actualites"}],"about":[{"href":"https:\/\/www.generationsanstabac.org\/fr\/wp-json\/wp\/v2\/types\/actualites"}],"version-history":[{"count":0,"href":"https:\/\/www.generationsanstabac.org\/fr\/wp-json\/wp\/v2\/actualites\/19840\/revisions"}],"wp:featuredmedia":[{"embeddable":true,"href":"https:\/\/www.generationsanstabac.org\/fr\/wp-json\/wp\/v2\/media\/19841"}],"wp:attachment":[{"href":"https:\/\/www.generationsanstabac.org\/fr\/wp-json\/wp\/v2\/media?parent=19840"}],"wp:term":[{"taxonomy":"post_tag","embeddable":true,"href":"https:\/\/www.generationsanstabac.org\/fr\/wp-json\/wp\/v2\/tags?post=19840"},{"taxonomy":"thematique","embeddable":true,"href":"https:\/\/www.generationsanstabac.org\/fr\/wp-json\/wp\/v2\/thematique?post=19840"}],"curies":[{"name":"wp","href":"https:\/\/api.w.org\/{rel}","templated":true}]}}