{"id":19839,"date":"2020-06-24T07:45:50","date_gmt":"2020-06-24T05:45:50","guid":{"rendered":"https:\/\/www.generationsanstabac.org\/actualites\/cinquieme-observatoire-de-lindustrie-du-tabac-face-a-la-pandemie-de-covid19\/"},"modified":"2020-06-24T07:45:50","modified_gmt":"2020-06-24T05:45:50","slug":"cinquieme-observatoire-de-lindustrie-du-tabac-face-a-la-pandemie-de-covid19","status":"publish","type":"actualites","link":"https:\/\/www.generationsanstabac.org\/fr\/actualites\/cinquieme-observatoire-de-lindustrie-du-tabac-face-a-la-pandemie-de-covid19\/","title":{"rendered":"Cinqui\u00e8me observatoire de l\u2019Industrie du tabac face \u00e0 la pand\u00e9mie de COVID19"},"content":{"rendered":"<p style=\"text-align: justify;\"><a href=\"https:\/\/exposetobacco.org\/\">STOP<\/a>, est un organisme de veille \u00e0 l\u2019\u00e9chelle internationale qui suit les pratiques d\u2019interf\u00e9rence de  l\u2019industrie du tabac dans les politiques publiques. L\u2019organisme a relev\u00e9 depuis le d\u00e9but de la pand\u00e9mie un regain d\u2019activit\u00e9 de cette l\u2019industrie dans de nombreux pays \u00e0 travers le monde et diffuse toutes les deux semaines un observatoire des actions de l\u2019industrie. Cette recrudescence de la pr\u00e9sence de l\u2019industrie de tabac est li\u00e9e de tr\u00e8s pr\u00e8s \u00e0 la pand\u00e9mie Covid19 qui lui permet de blanchir son image. Cette \u00e9dition couvre la p\u00e9riode du 30 mai au 12 juin 2020.<\/p>\n<p style=\"text-align: justify;\">Le 8 juin 2020, STOP a aussi publi\u00e9 cette d\u00e9claration sur la responsabilit\u00e9 de l&rsquo;industrie: \u00ab <a href=\"https:\/\/exposetobacco.org\/news\/stop-statement-covid-accountability\/\">Alors que les co\u00fbts s&rsquo;accumulent pour COVID-19, les soci\u00e9t\u00e9s de tabac devraient \u00eatre tenues responsables des m\u00e9faits de la sant\u00e9 li\u00e9s au tabagisme <\/a>\u00bb ; une analyse partag\u00e9e par le directeur de la sant\u00e9 publique de Bloomberg Philanthropies, le Dr Kelly Henning: \u00ab <a href=\"https:\/\/edition.cnn.com\/2020\/06\/02\/opinions\/the-fight-against-covid-19-should-also-be-the-fight-against-tobacco-henning\/index.html\">La lutte contre Covid-19 devrait \u00e9galement \u00eatre la lutte contre le tabac<\/a> \u00bb parue dans cet \u00e9ditorial de CNN.<\/p>\n<p style=\"text-align: justify;\"><strong><u>Les principales caract\u00e9ristiques des actions d\u00e9ploy\u00e9es par l\u2019industrie du tabac au cours de la p\u00e9riode couverte ont \u00e9t\u00e9 les suivantes :<\/u><\/strong><\/p>\n<ul style=\"text-align: justify;\">\n<li>La r\u00e9ponse de l&rsquo;industrie aux accusations selon lesquelles elle profite de la pand\u00e9mie : \u00c0 la suite d&rsquo;accusations d&rsquo;exploitation de la pand\u00e9mie par le biais de dons, PMI et Imperial Tobacco ont r\u00e9pondu en disant que des gouvernements avaient fait directement appel \u00e0 eux pour fournir des respirateurs en Gr\u00e8ce et en Ukraine et que ces dons ne constituent pas, selon elle, une violation de la Convention-cadre de l&rsquo;OMS (art. 5.3).<\/li>\n<li>Les pr\u00e9occupations de l&rsquo;industrie concernant les pertes financi\u00e8res li\u00e9es \u00e0 la pand\u00e9mie : BAT a soulign\u00e9 que les mesures de confinement strictes au Mexique, en Argentine et en Afrique du Sud avaient port\u00e9 atteinte \u00e0 leurs profits.<\/li>\n<li>Le proc\u00e8s contre l&rsquo;interdiction de vente du tabac en Afrique du Sud a commenc\u00e9 le 9 juin 2020 : selon les repr\u00e9sentants de l\u2019industrie du tabac associ\u00e9s \u00e0 des groupes d\u2019int\u00e9r\u00eat des produits du vapotage, cette interdiction aurait renforc\u00e9 le commerce illicite de cigarettes en Afrique du Sud.<\/li>\n<li>Prise de position sur l\u2019effet th\u00e9rapeutique de la nicotine : La Fondation Pour un Monde sans fum\u00e9e de Philip Morris continue de financer des chercheurs \u00e9tudiant l\u2019hypoth\u00e8se d\u2019un effet protecteur de la nicotine.<\/li>\n<\/ul>\n<p style=\"text-align: justify;\">La prochaine mise \u00e0 jour aura lieu le 2 juillet 2020. Entre temps, l\u2019organisation appelle \u00e0 la vigilance de ses lecteurs pour partager les donn\u00e9es de ses observatoires mais \u00e9galement signaler de nouvelles pratiques de l\u2019industrie du tabac dans le cadre de l\u2019actuelle pand\u00e9mie.<\/p>\n<p style=\"text-align: justify;\"><a href=\"https:\/\/www.generationsanstabac.org\/wp-content\/uploads\/2020\/06\/STOP-Covid19-Cinqui\u00e8me-observatoire-en-anglais.pdf\">STOP Covid19 &#8211; Cinqui\u00e8me observatoire (en anglais)<\/a><\/p>\n<p style=\"text-align: justify;\"><span style=\"color: #800080;\"><a style=\"color: #800080;\" href=\"https:\/\/www.generationsanstabac.org\/\">\u00a9G\u00e9n\u00e9ration Sans Tabac<\/a><\/span><\/p>\n<hr \/>\n<p style=\"text-align: justify;\"><span style=\"color: #999999;\"><strong><a style=\"color: #999999;\" href=\"http:\/\/www.cnct.fr\/\" target=\"_blank\" rel=\"noopener noreferrer\">\u00a9Comit\u00e9 National Contre le Tabagisme |<\/a><\/strong><\/span><\/p>\n","protected":false},"excerpt":{"rendered":"<p>L&rsquo;organisme STOP diffuse toutes les deux semaines un observatoire des actions de l\u2019industrie du tabac pendant la pand\u00e9mie de COVID19<\/p>\n","protected":false},"featured_media":19732,"template":"","tags":[],"thematique":[499,507],"class_list":["post-19839","actualites","type-actualites","status-publish","has-post-thumbnail","hentry","thematique-lobby","thematique-marketing-publicite"],"acf":[],"_links":{"self":[{"href":"https:\/\/www.generationsanstabac.org\/fr\/wp-json\/wp\/v2\/actualites\/19839","targetHints":{"allow":["GET"]}}],"collection":[{"href":"https:\/\/www.generationsanstabac.org\/fr\/wp-json\/wp\/v2\/actualites"}],"about":[{"href":"https:\/\/www.generationsanstabac.org\/fr\/wp-json\/wp\/v2\/types\/actualites"}],"version-history":[{"count":0,"href":"https:\/\/www.generationsanstabac.org\/fr\/wp-json\/wp\/v2\/actualites\/19839\/revisions"}],"wp:featuredmedia":[{"embeddable":true,"href":"https:\/\/www.generationsanstabac.org\/fr\/wp-json\/wp\/v2\/media\/19732"}],"wp:attachment":[{"href":"https:\/\/www.generationsanstabac.org\/fr\/wp-json\/wp\/v2\/media?parent=19839"}],"wp:term":[{"taxonomy":"post_tag","embeddable":true,"href":"https:\/\/www.generationsanstabac.org\/fr\/wp-json\/wp\/v2\/tags?post=19839"},{"taxonomy":"thematique","embeddable":true,"href":"https:\/\/www.generationsanstabac.org\/fr\/wp-json\/wp\/v2\/thematique?post=19839"}],"curies":[{"name":"wp","href":"https:\/\/api.w.org\/{rel}","templated":true}]}}