{"id":19838,"date":"2020-06-24T07:33:18","date_gmt":"2020-06-24T05:33:18","guid":{"rendered":"https:\/\/www.generationsanstabac.org\/actualites\/union-europeenne-une-commission-dediee-a-la-lutte-contre-le-cancer\/"},"modified":"2020-06-24T07:33:18","modified_gmt":"2020-06-24T05:33:18","slug":"union-europeenne-une-commission-dediee-a-la-lutte-contre-le-cancer","status":"publish","type":"actualites","link":"https:\/\/www.generationsanstabac.org\/fr\/actualites\/union-europeenne-une-commission-dediee-a-la-lutte-contre-le-cancer\/","title":{"rendered":"Union europ\u00e9enne : une commission d\u00e9di\u00e9e \u00e0 la lutte contre le cancer"},"content":{"rendered":"<p style=\"text-align: justify;\"><em>Jeudi 18 juin, le Parlement europ\u00e9en a adopt\u00e9 l\u2019instauration d\u2019une commission sp\u00e9ciale d\u00e9di\u00e9e \u00e0 la lutte contre le cancer. Cette Commission a rencontr\u00e9 un tr\u00e8s large soutien de la part des parlementaires, qui l\u2019ont approuv\u00e9e \u00e0 651 voix, contre 18 oppositions et 8 abstentions<a href=\"#_ftn1\" name=\"_ftnref1\"><strong>[1]<\/strong><\/a>.<\/em><\/p>\n<p style=\"text-align: justify;\">Plus concr\u00e8tement, cette nouvelle instance aura pour mission d\u2019\u00e9valuer les opportunit\u00e9s d\u2019actions pour l\u2019Union europ\u00e9enne, d\u2019identifier les l\u00e9gislations \u00e0 adopter, ainsi que toutes les mesures pouvant aller dans le sens de la pr\u00e9vention et le combat contre ce fl\u00e9au, et enfin d\u2019examiner la meilleure fa\u00e7on de soutenir la recherche contre cette maladie.<\/p>\n<p style=\"text-align: justify;\">Chaque ann\u00e9e, le cancer, deuxi\u00e8me cause de mortalit\u00e9 apr\u00e8s les maladies cardio-vasculaires, provoque le d\u00e9c\u00e8s de 1,3 millions de personnes dans l\u2019Union europ\u00e9enne. En 2015, plus de 273 000 d\u00e9c\u00e8s \u00e9taient par ailleurs dus au cancer du poumon<a href=\"#_ftn2\" name=\"_ftnref2\">[2]<\/a>.<\/p>\n<p style=\"text-align: justify;\">L\u2019eurod\u00e9put\u00e9e belge Petra De Sutter pointe du doigt la n\u00e9cessit\u00e9 d\u2019interdire certaines substances canc\u00e9rog\u00e8nes, ainsi que celle d\u2019une meilleure r\u00e9glementation de l\u2019industrie agroalimentaire et du tabac.<\/p>\n<p style=\"text-align: justify;\">La Commission europ\u00e9enne devra quant \u00e0 elle pr\u00e9senter avant la fin 2020 son prochain plan de lutte contre le Cancer. La r\u00e9glementation au niveau europ\u00e9en rev\u00eat un enjeu particulier pour la sant\u00e9 publique. En 2014, la directive europ\u00e9enne sur les produits du tabac (TPD) avait notamment permis d\u2019imposer de larges avertissements sanitaires, permis aux Etats Membres d&rsquo;instaurer des paquets neutres et interdit les ar\u00f4mes attractifs dans les cigarettes et le tabac \u00e0 rouler.<\/p>\n<p style=\"text-align: justify;\"><span style=\"color: #800080;\"><a style=\"color: #800080;\" href=\"https:\/\/www.generationsanstabac.org\/\">\u00a9G\u00e9n\u00e9ration Sans Tabac<\/a><\/span><\/p>\n<hr \/>\n<p style=\"text-align: justify;\"><a href=\"#_ftnref1\" name=\"_ftn1\">[1]<\/a> RTBF, \u00ab <em>Le Parlement europ\u00e9en met sur pied une commission sp\u00e9ciale pour la lutte contre le cancer<\/em> \u00bb, 19 juin 2020<\/p>\n<p style=\"text-align: justify;\"><a href=\"https:\/\/www.rtbf.be\/info\/monde\/detail_le-parlement-europeen-met-sur-pied-une-commission-speciale-pour-la-lutte-contre-le-cancer?id=10525564\">https:\/\/www.rtbf.be\/info\/monde\/detail_le-parlement-europeen-met-sur-pied-une-commission-speciale-pour-la-lutte-contre-le-cancer?id=10525564<\/a><\/p>\n<p style=\"text-align: justify;\"><a href=\"#_ftnref2\" name=\"_ftn2\">[2]<\/a> Toute l\u2019Europe, \u00ab <em>Tabac : plus de 273 000 d\u00e9c\u00e8s dus au cancer du poumon dans l&rsquo;UE en 2015<\/em> \u00bb, 7 juin 2018<\/p>\n<p style=\"text-align: justify;\"><a href=\"https:\/\/www.touteleurope.eu\/actualite\/tabac-plus-de-273-000-deces-dus-au-cancer-du-poumon-dans-l-ue-en-2015.html#:~:text=Tabac%20%3A%20plus%20de%20273%20000%20d%C3%A9c%C3%A8s%20dus%20au%20cancer%20du,dans%20l'UE%20en%202015&amp;text=La%20consommation%20de%20tabac%20est,sant%C3%A9%20dans%20l'Union%20europ%C3%A9enne.\">https:\/\/www.touteleurope.eu\/actualite\/tabac-plus-de-273-000-deces-dus-au-cancer-du-poumon-dans-l-ue-en-2015.html#:~:text=Tabac%20%3A%20plus%20de%20273%20000%20d%C3%A9c%C3%A8s%20dus%20au%20cancer%20du,dans%20l&rsquo;UE%20en%202015&amp;text=La%20consommation%20de%20tabac%20est,sant%C3%A9%20dans%20l&rsquo;Union%20europ%C3%A9enne.<\/a><\/p>\n<p style=\"text-align: justify;\"><span style=\"color: #999999;\"><strong><a style=\"color: #999999;\" href=\"http:\/\/www.cnct.fr\/\" target=\"_blank\" rel=\"noopener noreferrer\">\u00a9Comit\u00e9 National Contre le Tabagisme |<\/a><\/strong><\/span><\/p>\n","protected":false},"excerpt":{"rendered":"<p>Jeudi 18 juin, le Parlement europ\u00e9en a adopt\u00e9 l\u2019instauration d\u2019une commission sp\u00e9ciale d\u00e9di\u00e9e \u00e0 la lutte contre le cancer.<\/p>\n","protected":false},"featured_media":15214,"template":"","tags":[],"thematique":[474],"class_list":["post-19838","actualites","type-actualites","status-publish","has-post-thumbnail","hentry","thematique-sante"],"acf":[],"_links":{"self":[{"href":"https:\/\/www.generationsanstabac.org\/fr\/wp-json\/wp\/v2\/actualites\/19838","targetHints":{"allow":["GET"]}}],"collection":[{"href":"https:\/\/www.generationsanstabac.org\/fr\/wp-json\/wp\/v2\/actualites"}],"about":[{"href":"https:\/\/www.generationsanstabac.org\/fr\/wp-json\/wp\/v2\/types\/actualites"}],"version-history":[{"count":0,"href":"https:\/\/www.generationsanstabac.org\/fr\/wp-json\/wp\/v2\/actualites\/19838\/revisions"}],"wp:featuredmedia":[{"embeddable":true,"href":"https:\/\/www.generationsanstabac.org\/fr\/wp-json\/wp\/v2\/media\/15214"}],"wp:attachment":[{"href":"https:\/\/www.generationsanstabac.org\/fr\/wp-json\/wp\/v2\/media?parent=19838"}],"wp:term":[{"taxonomy":"post_tag","embeddable":true,"href":"https:\/\/www.generationsanstabac.org\/fr\/wp-json\/wp\/v2\/tags?post=19838"},{"taxonomy":"thematique","embeddable":true,"href":"https:\/\/www.generationsanstabac.org\/fr\/wp-json\/wp\/v2\/thematique?post=19838"}],"curies":[{"name":"wp","href":"https:\/\/api.w.org\/{rel}","templated":true}]}}