{"id":19837,"date":"2020-06-23T13:29:00","date_gmt":"2020-06-23T11:29:00","guid":{"rendered":"https:\/\/www.generationsanstabac.org\/actualites\/suede-bonne-eleve-union-europeenne\/"},"modified":"2020-06-23T13:29:00","modified_gmt":"2020-06-23T11:29:00","slug":"suede-bonne-eleve-union-europeenne","status":"publish","type":"actualites","link":"https:\/\/www.generationsanstabac.org\/fr\/actualites\/suede-bonne-eleve-union-europeenne\/","title":{"rendered":"La Su\u00e8de, bonne \u00e9l\u00e8ve de l\u2019Union europ\u00e9enne ?"},"content":{"rendered":"<p style=\"text-align: justify;\"><em>Si l\u2019interdiction de fumer dans les espaces publics ferm\u00e9s se retrouve d\u00e9sormais dans de tr\u00e8s nombreux pays, la Su\u00e8de a pris une longueur d\u2019avance en \u00e9tendant cette interdiction \u2013 cigarette \u00e9lectronique incluse \u2013 aux espaces publics de plein air. Fumer \u00e0 l\u2019int\u00e9rieur des lieux publics \u00e9tait prohib\u00e9 dans ce pays depuis 2005.<\/em><\/p>\n<h2 style=\"text-align: justify;\">Une nouvelle loi qui proscrit l\u2019usage du tabac dans certains lieux publics ext\u00e9rieurs<\/h2>\n<p style=\"text-align: justify;\">Depuis le 1er ao\u00fbt 2019, il est interdit en Su\u00e8de de fumer dans les lieux publics ext\u00e9rieurs tels que quais ext\u00e9rieurs, abribus, stations de taxi, march\u00e9s, terrains de jeux, sorties d\u2019\u00e9cole, etc. Au sud du pays, certaines villes ont \u00e9galement interdit la cigarette sur la plage. Afin d\u2019informer au maximum la population et les touristes, une vaste campagne de sensibilisation a \u00e9t\u00e9 mise en place.<\/p>\n<h2 style=\"text-align: justify;\">\u00ab Su\u00e8de sans fum\u00e9e 2025 \u00bb<\/h2>\n<p style=\"text-align: justify;\">C\u2019est le nom du plan voulu par le premier ministre, Stefan Lofven. L\u2019objectif : devenir le premier pays \u00e0 passer sous la barre des 5 % de fumeurs. D\u2019autres pays, comme le Canada, visent ce m\u00eame chiffre \u00e0 l\u2019horizon 2035.<\/p>\n<h2 style=\"text-align: justify;\">Des chiffres encourageants<\/h2>\n<p style=\"text-align: justify;\">Aujourd\u2019hui, la Su\u00e8de d\u00e9tient d\u00e9j\u00e0 le record de la plus faible consommation de cigarette. Si en 1970, les Su\u00e9dois \u00e9taient 35 % \u00e0 fumer quotidiennement, ils n\u2019\u00e9taient en effet plus que 7 % en 2017. Et actuellement, moins de 5 % des hommes entre 30 et 44 ans fument chaque jour : l\u2019objectif du plan \u00ab Su\u00e8de sans fum\u00e9e 2025 \u00bb est donc partiellement atteint. Suite logique : on enregistre en Su\u00e8de deux fois moins de cancers du poumon que dans le reste de l\u2019Europe.<\/p>\n<h2 style=\"text-align: justify;\">Le cas du \u00ab snus \u00bb<\/h2>\n<p style=\"text-align: justify;\">Si cigarette et vapoteuse sont d\u00e9sormais interdites dans beaucoup d\u2019espaces publics en Su\u00e8de, le pays a n\u00e9anmoins obtenu en 1995 \u2013 date de son adh\u00e9sion \u00e0 l\u2019Union europ\u00e9enne \u2013 une d\u00e9rogation concernant le \u00ab snus \u00bb. Cette version modernis\u00e9e du tabac \u00e0 chiquer se pr\u00e9sente sous forme de petits sachets \u00e0 sucer et est interdite partout ailleurs en Union europ\u00e9enne. S\u2019il a l\u2019avantage de ne pas exposer l\u2019entourage \u00e0 la fum\u00e9e, ce substitut peut engendrer chez le consommateur une d\u00e9pendance \u00e0 la nicotine, et provoque \u00e0 haute dose des l\u00e9sions bucco-dentaires. Il favoriserait \u00e9galement le diab\u00e8te et certaines formes de cancers, comme ceux du pancr\u00e9as et du c\u00f4lon. Il s\u2019agit donc d\u2019une pratique dangereuse sur laquelle informer est essentiel.<\/p>\n<p style=\"text-align: justify;\"><span style=\"color: #666699;\"><a style=\"color: #666699;\" href=\"https:\/\/www.generationsanstabac.org\/\">\u00a9G\u00e9n\u00e9ration Sans Tabac<\/a><\/span><\/p>\n<hr \/>\n<p style=\"text-align: justify;\">[1] DNF, <a href=\"https:\/\/www.generationsanstabac.org\/actualites\/snus-drogue-pas-si-douce-que-ca\/\" target=\"_blank\" rel=\"noopener noreferrer\"><em>Le snus, une drogue pas si douce que \u00e7a !<\/em><\/a>, G\u00e9n\u00e9ration sans tabac (17 juin 2020 &#8211; consult\u00e9 le 22 juin 2020).<\/p>\n<p style=\"text-align: justify;\">[2] Jean-Baptiste Fran\u00e7ois, <a href=\"https:\/\/www.la-croix.com\/Monde\/Europe\/Suede-etend-linterdiction-cigarette-lexterieur-2019-08-13-1201040779\" target=\"_blank\" rel=\"noopener noreferrer\"><em>La Su\u00e8de \u00e9tend l\u2019interdiction de la cigarette \u00e0 l\u2019ext\u00e9rieur<\/em><\/a>, <a href=\"http:\/\/www.la-croix.com\">www.la-croix.com<\/a> (13 ao\u00fbt 2019 &#8211; consult\u00e9 le 22 juin 2020).<\/p>\n<p style=\"text-align: justify;\"><span style=\"color: #e8e8e8;\"><strong><a style=\"color: #e8e8e8;\" href=\"http:\/\/dnf.asso.fr\/\/\" target=\"_blank\" rel=\"noopener noreferrer\">DNF &#8211; Pour un Monde ZeroTabac | CF<\/a><\/strong><\/span><\/p>\n","protected":false},"excerpt":{"rendered":"<p>Si l\u2019interdiction de fumer dans les espaces publics ferm\u00e9s est dans quelques pays, la Su\u00e8de a interdit de fumer aux lieux publics de plein air.<\/p>\n","protected":false},"featured_media":15212,"template":"","tags":[],"thematique":[491],"class_list":["post-19837","actualites","type-actualites","status-publish","has-post-thumbnail","hentry","thematique-politiques-publiques"],"acf":[],"_links":{"self":[{"href":"https:\/\/www.generationsanstabac.org\/fr\/wp-json\/wp\/v2\/actualites\/19837","targetHints":{"allow":["GET"]}}],"collection":[{"href":"https:\/\/www.generationsanstabac.org\/fr\/wp-json\/wp\/v2\/actualites"}],"about":[{"href":"https:\/\/www.generationsanstabac.org\/fr\/wp-json\/wp\/v2\/types\/actualites"}],"version-history":[{"count":0,"href":"https:\/\/www.generationsanstabac.org\/fr\/wp-json\/wp\/v2\/actualites\/19837\/revisions"}],"wp:featuredmedia":[{"embeddable":true,"href":"https:\/\/www.generationsanstabac.org\/fr\/wp-json\/wp\/v2\/media\/15212"}],"wp:attachment":[{"href":"https:\/\/www.generationsanstabac.org\/fr\/wp-json\/wp\/v2\/media?parent=19837"}],"wp:term":[{"taxonomy":"post_tag","embeddable":true,"href":"https:\/\/www.generationsanstabac.org\/fr\/wp-json\/wp\/v2\/tags?post=19837"},{"taxonomy":"thematique","embeddable":true,"href":"https:\/\/www.generationsanstabac.org\/fr\/wp-json\/wp\/v2\/thematique?post=19837"}],"curies":[{"name":"wp","href":"https:\/\/api.w.org\/{rel}","templated":true}]}}