{"id":19834,"date":"2020-06-23T12:50:18","date_gmt":"2020-06-23T10:50:18","guid":{"rendered":"https:\/\/www.generationsanstabac.org\/actualites\/strategie-quebec-sans-tabac\/"},"modified":"2020-06-23T12:50:18","modified_gmt":"2020-06-23T10:50:18","slug":"strategie-quebec-sans-tabac","status":"publish","type":"actualites","link":"https:\/\/www.generationsanstabac.org\/fr\/actualites\/strategie-quebec-sans-tabac\/","title":{"rendered":"Strat\u00e9gie pour un Qu\u00e9bec sans tabac 2020-2025"},"content":{"rendered":"<p style=\"text-align: justify;\">Les autorit\u00e9s de sant\u00e9 publique du Qu\u00e9bec souhaitent que le taux de tabagisme au Qu\u00e9bec diminue de pr\u00e8s de moiti\u00e9 au cours des cinq prochaines ann\u00e9es pour repr\u00e9senter environ 10% de la population qu\u00e9b\u00e9coise. Selon les derni\u00e8res enqu\u00eates de consommation, le taux de tabagisme au Qu\u00e9bec (toutes tranches d\u2019\u00e2ge confondues) avoisine les 18%, mais il est plus \u00e9lev\u00e9 dans certaines cat\u00e9gories de la population. De ce fait, une attention particuli\u00e8re sera accord\u00e9e aux populations vuln\u00e9rables et \u00e0 la mani\u00e8re dont les in\u00e9galit\u00e9s sociales li\u00e9es \u00e0 la sant\u00e9 entra\u00eenent des taux de tabagisme plus \u00e9lev\u00e9s, en particulier pour les personnes \u00e0 faible revenu, les jeunes adultes, les personnes souffrants de maladies mentales, ainsi que les populations indig\u00e8nes.<\/p>\n<p style=\"text-align: justify;\">Avec l\u2019apparition sur le march\u00e9 de nouveaux dispositifs de consommation de nicotine (notamment les cigarettes \u00e9lectroniques), qui sont attractifs pour les jeunes, il s\u2019av\u00e8re indispensable de proposer de nouvelles strat\u00e9gies d\u2019intervention efficaces pour pr\u00e9venir les risques qui y sont associ\u00e9s. Pour ce faire, l\u2019approche du gouvernement consiste \u00e0 rendre le tabagisme moins acceptable socialement.<\/p>\n<p style=\"text-align: justify;\"><strong>Les strat\u00e9gies d\u2019intervention s\u2019articulent autour de quatre axes : <\/strong><\/p>\n<ul style=\"text-align: justify;\">\n<li>D\u00e9normaliser le tabagisme : en r\u00e9duisant l\u2019attrait et l\u2019accessibilit\u00e9 des produits du tabac et du vapotage, notamment aupr\u00e8s des jeunes<\/li>\n<li>Pr\u00e9venir l&rsquo;initiation et la consommation de tabac et le vapotage chez les jeunes en les sensibilisant aux dangers des produits afin de pr\u00e9venir leur usage pour qu\u2019ils demeurent non-fumeurs, non-vapoteurs.<\/li>\n<li>Aider les fumeurs \u00e0 arr\u00eater en promouvant les services de prise en charge de la d\u00e9pendance tabagique et en am\u00e9liorant la qualit\u00e9 et la couverture de ces services selon les besoins des populations.<\/li>\n<li>Prot\u00e9ger contre l&rsquo;exposition \u00e0 la fum\u00e9e secondaire, \u00e0 travers la mise en place d\u2019espaces sans fum\u00e9e.<\/li>\n<\/ul>\n<p style=\"text-align: justify;\">Pour le Dr Horacio Arruda, directeur de la sant\u00e9 publique au Qu\u00e9bec \u00ab <em>le visage de la lutte contre le tabagisme \u00e9volue profond\u00e9ment et rapidement \u2026 ce sont ces nouveaux d\u00e9fis qui am\u00e8nent le Qu\u00e9bec \u00e0 revoir ses priorit\u00e9s et l&rsquo;intensit\u00e9 des actions entreprises<\/em> \u00bb. Il ajoute, \u00ab <em>qu&rsquo;en raison des d\u00e9c\u00e8s &#8211; environ 13 000 par ann\u00e9e &#8211; des maladies et du fardeau financier qu&rsquo;il cause, le tabagisme demeure une priorit\u00e9 de sant\u00e9 publique au Qu\u00e9bec et plus encore \u00e0 la lumi\u00e8re de la nouvelle pand\u00e9mie de coronavirus <\/em>\u00bb.<\/p>\n<p style=\"text-align: justify;\">Les responsables de la sant\u00e9 publique ont \u00e9galement l&rsquo;intention de surveiller de pr\u00e8s la consommation de cannabis pour d\u00e9terminer si la l\u00e9galisation a eu un impact sur les taux de tabagisme. Cependant, cet axe fera l\u2019objet d\u2019une \u00e9tude ind\u00e9pendante.<\/p>\n<p style=\"text-align: justify;\">D\u00e9couvrir l\u2019ensemble de la <a href=\"https:\/\/cdn-contenu.quebec.ca\/cdn-contenu\/adm\/min\/sante-services-sociaux\/publications-adm\/strategie\/STR_19-006-04W_MSSS.pdf\">Strat\u00e9gie pour un Qu\u00e9bec sans tabac 2020-2025<\/a><\/p>\n<p style=\"text-align: justify;\"><span style=\"color: #800080;\"><a style=\"color: #800080;\" href=\"https:\/\/www.generationsanstabac.org\/\">\u00a9G\u00e9n\u00e9ration Sans Tabac<\/a><\/span><\/p>\n<hr \/>\n<p style=\"text-align: justify;\"><span style=\"color: #999999;\"><strong><a style=\"color: #999999;\" href=\"http:\/\/www.cnct.fr\/\" target=\"_blank\" rel=\"noopener noreferrer\">\u00a9Comit\u00e9 National Contre le Tabagisme |<\/a><\/strong><\/span><\/p>\n","protected":false},"excerpt":{"rendered":"<p>Les autorit\u00e9s de sant\u00e9 publique du Qu\u00e9bec souhaitent que le taux de tabagisme au Qu\u00e9bec diminue de pr\u00e8s de moiti\u00e9 au cours des cinq prochaines ann\u00e9es<\/p>\n","protected":false},"featured_media":9951,"template":"","tags":[],"thematique":[491],"class_list":["post-19834","actualites","type-actualites","status-publish","has-post-thumbnail","hentry","thematique-politiques-publiques"],"acf":[],"_links":{"self":[{"href":"https:\/\/www.generationsanstabac.org\/fr\/wp-json\/wp\/v2\/actualites\/19834","targetHints":{"allow":["GET"]}}],"collection":[{"href":"https:\/\/www.generationsanstabac.org\/fr\/wp-json\/wp\/v2\/actualites"}],"about":[{"href":"https:\/\/www.generationsanstabac.org\/fr\/wp-json\/wp\/v2\/types\/actualites"}],"version-history":[{"count":0,"href":"https:\/\/www.generationsanstabac.org\/fr\/wp-json\/wp\/v2\/actualites\/19834\/revisions"}],"wp:featuredmedia":[{"embeddable":true,"href":"https:\/\/www.generationsanstabac.org\/fr\/wp-json\/wp\/v2\/media\/9951"}],"wp:attachment":[{"href":"https:\/\/www.generationsanstabac.org\/fr\/wp-json\/wp\/v2\/media?parent=19834"}],"wp:term":[{"taxonomy":"post_tag","embeddable":true,"href":"https:\/\/www.generationsanstabac.org\/fr\/wp-json\/wp\/v2\/tags?post=19834"},{"taxonomy":"thematique","embeddable":true,"href":"https:\/\/www.generationsanstabac.org\/fr\/wp-json\/wp\/v2\/thematique?post=19834"}],"curies":[{"name":"wp","href":"https:\/\/api.w.org\/{rel}","templated":true}]}}