{"id":19831,"date":"2020-06-22T09:06:10","date_gmt":"2020-06-22T07:06:10","guid":{"rendered":"https:\/\/www.generationsanstabac.org\/actualites\/propositions-de-union-pour-financer-les-systemes-de-sante-publique-pendant-les-crises-sanitaires\/"},"modified":"2020-06-22T09:06:10","modified_gmt":"2020-06-22T07:06:10","slug":"propositions-de-union-pour-financer-les-systemes-de-sante-publique-pendant-les-crises-sanitaires","status":"publish","type":"actualites","link":"https:\/\/www.generationsanstabac.org\/fr\/actualites\/propositions-de-union-pour-financer-les-systemes-de-sante-publique-pendant-les-crises-sanitaires\/","title":{"rendered":"Propositions de l\u2019Union pour financer les syst\u00e8mes de sant\u00e9 publique pendant les crises sanitaires"},"content":{"rendered":"<p style=\"text-align: justify;\">\u00c0 la lumi\u00e8re des lourdes cons\u00e9quences de l\u2019\u00e9pid\u00e9mie de COVID-19 sur la sant\u00e9, les syst\u00e8mes de sant\u00e9 publique et les \u00e9conomies<a href=\"https:\/\/www.theunion.org\/francais\">, l&rsquo;Union internationale contre la tuberculose et les maladies respiratoires<\/a> (L\u2019Union) a publi\u00e9 le 18 juin 2020 une note d&rsquo;orientation appelant les pays \u00e0 augmenter les taxes sur les produits du tabac pour am\u00e9liorer simultan\u00e9ment la sant\u00e9 de la population, r\u00e9duire les in\u00e9galit\u00e9s en mati\u00e8re de sant\u00e9 et all\u00e9ger le fardeau financier des syst\u00e8mes de sant\u00e9.<\/p>\n<p style=\"text-align: justify;\">La pand\u00e9mie actuelle de COVID-19 induit une crise \u00e0 la fois sanitaire et financi\u00e8re. Au 19 juin 2020, plus de 8,6 millions de cas de maladie ont \u00e9t\u00e9 r\u00e9pertori\u00e9s et environ 457 000 d\u00e9c\u00e8s pr\u00e9matur\u00e9s<a href=\"#_ftn1\" name=\"_ftnref1\">[1]<\/a> enregistr\u00e9s. Outre la trag\u00e9die humaine, des mesures de protection visant \u00e0 contenir la maladie affectent gravement l&rsquo;activit\u00e9 \u00e9conomique. Selon les estimations du Fonds mon\u00e9taire international (FMI), la contraction de l\u2019activit\u00e9 \u00e9conomique mondiale devrait atteindre au moins 3% en 2020. C\u2019est  bien plus que pendant la crise financi\u00e8re de 2008-2009<a href=\"#_ftn2\" name=\"_ftnref2\">[2]<\/a>.<\/p>\n<p style=\"text-align: justify;\"><strong>Les syst\u00e8mes de sant\u00e9 publique en difficult\u00e9<\/strong><\/p>\n<p style=\"text-align: justify;\"><a href=\"The%20Global%20Health%20Security%20Index.%20Nuclear%20Threat%20Initiative.%20October%202019.%20https:\/www.ghsindex.org\/wp-content\/uploads\/2020\/04\/2019-Global-Health-Security-Index.pdf\">L&rsquo;indice de s\u00e9curit\u00e9 sanitaire mondiale de 2019<\/a> a point\u00e9 de graves lacunes dans la pr\u00e9paration des pays \u00e0 faire face aux crises sanitaires. Celles-ci r\u00e9sultent notamment de financements insuffisants et les pressions induites par la pand\u00e9mie actuelle paralysent litt\u00e9ralement les services d\u2019urgence.<\/p>\n<p style=\"text-align: justify;\"><strong>Les pays \u00e0 revenu faible et interm\u00e9diaire ne sont pas pr\u00e9par\u00e9s \u00e0 faire face aux pand\u00e9mies<\/strong><\/p>\n<p style=\"text-align: justify;\">La situation est particuli\u00e8rement grave dans les pays \u00e0 revenu faible et interm\u00e9diaire o\u00f9 ce manque de financement et de ressources retarde les r\u00e9ponses du gouvernement au COVID-19 et entra\u00eene des pertes de vies \u00e9vitables \u00e9lev\u00e9es<a href=\"#_ftn3\" name=\"_ftnref3\">[3]<\/a>&#8211;<a href=\"#_ftn4\" name=\"_ftnref4\">[4]<\/a>. En Inde<a href=\"#_ftn5\" name=\"_ftnref5\">[5]<\/a>, le manque de pr\u00e9paration aux situations d&rsquo;urgence combin\u00e9 \u00e0 un investissement insuffisant dans le syst\u00e8me de sant\u00e9 publique entravent les plans de confinement efficaces<a href=\"#_ftn6\" name=\"_ftnref6\">[6]<\/a>. Le syst\u00e8me de sant\u00e9 pakistanais<a href=\"#_ftn7\" name=\"_ftnref7\">[7]<\/a> n&rsquo;est pas en mesure d&rsquo;\u00e9tendre de mani\u00e8re ad\u00e9quate \u00e0 la fois la d\u00e9tection et le traitement pour faire face aux flamb\u00e9es de COVID-19 en raison de son syst\u00e8me de sant\u00e9 sous-financ\u00e9 et fractur\u00e9.<\/p>\n<p style=\"text-align: justify;\"><strong>Augmenter les taxes sur le tabac : une solution gagnant-gagnant pour r\u00e9pondre aux urgences de sant\u00e9 publique<\/strong><\/p>\n<p style=\"text-align: justify;\">L&rsquo;Organisation mondiale de la sant\u00e9 (OMS), la Banque mondiale et les chercheurs d\u00e9battent depuis des ann\u00e9es du meilleur m\u00e9canisme pour financer de mani\u00e8re solide les syst\u00e8mes de sant\u00e9 publique. La hausse des taxes sur le tabac est reconnue comme la mesure la plus rentable pour r\u00e9duire la consommation de tabac et les co\u00fbts de soins de sant\u00e9 connexes<a href=\"#_ftn8\" name=\"_ftnref8\">[8]<\/a>. Le tabagisme causant plus de huit millions de d\u00e9c\u00e8s chaque ann\u00e9e, les gouvernements peuvent facilement augmenter les taxes pour encourager et inciter \u00e0 cesser de fumer et g\u00e9n\u00e9rer simultan\u00e9ment des revenus indispensables<a href=\"#_ftn9\" name=\"_ftnref9\">[9]<\/a>. Actuellement un grand nombre de pays ne disposent pas d\u2019une fiscalit\u00e9 des produits du tabac conforme aux bonnes pratiques<a href=\"#_ftn10\" name=\"_ftnref10\">[10]<\/a>. Ainsi, selon L&rsquo;OMS, 155 pays ont des taxes inf\u00e9rieures au seuil minimum recommand\u00e9<a href=\"#_ftn11\" name=\"_ftnref11\">[11]<\/a>.<\/p>\n<p style=\"text-align: justify;\"><a href=\"https:\/\/www.generationsanstabac.org\/wp-content\/uploads\/2020\/06\/Propositions-de-lUnion-en-anglais.pdf\">Propositions de l&rsquo;Union (en anglais)<\/a><\/p>\n<p style=\"text-align: justify;\"><span style=\"color: #800080;\"><a style=\"color: #800080;\" href=\"https:\/\/www.generationsanstabac.org\/\">\u00a9G\u00e9n\u00e9ration Sans Tabac<\/a><\/span><\/p>\n<hr \/>\n<p style=\"text-align: justify;\"><a href=\"#_ftnref1\" name=\"_ftn1\">[1]<\/a> <a href=\"https:\/\/www.worldometers.info\/coronavirus\/#news\">https:\/\/www.worldometers.info\/coronavirus\/#news<\/a><\/p>\n<p style=\"text-align: justify;\"><a href=\"#_ftnref2\" name=\"_ftn2\">[2]<\/a> IMF. World Economic Outlook, April 2020. https:\/\/www.imf.org\/en\/Publications\/WEO\/Issues\/2020\/04\/14\/weo-april-2020<\/p>\n<p style=\"text-align: justify;\"><a href=\"#_ftnref3\" name=\"_ftn3\">[3]<\/a> The Global Health Security Index. Nuclear Threat Initiative. October 2019. https:\/\/www.ghsindex.org\/wp-content\/uploads\/2020\/04\/2019-Global-Health-Security-Index.pdf<\/p>\n<p style=\"text-align: justify;\"><a href=\"#_ftnref4\" name=\"_ftn4\">[4]<\/a> Rosie Perper. Bill Gates warns that a coronavirus-like outbreak will probably happen &lsquo;every 20 years or so&rsquo;. Business Insider US, Apr 10, 2020, https:\/\/www.businessinsider.co.za\/bill-gates-warns-coronavirus-outbreak-likely-every-20-years-2020-4?r=US&amp;IR=T<\/p>\n<p style=\"text-align: justify;\"><a href=\"#_ftnref5\" name=\"_ftn5\">[5]<\/a> The Global Health Security Index. Nuclear Threat Initiative. October 2019. https:\/\/www.ghsindex.org\/wp-content\/uploads\/2020\/04\/2019-Global-Health-Security-Index.pdf<\/p>\n<p style=\"text-align: justify;\"><a href=\"#_ftnref6\" name=\"_ftn6\">[6]<\/a> Patralekha Chetterje. Gaps in India&rsquo;s preparedness for COVID-19 control. Lancet. April 17, 2020. DOI:https:\/\/doi.org\/10.1016\/S1473-3099(20)30300-5<\/p>\n<p style=\"text-align: justify;\"><a href=\"#_ftnref7\" name=\"_ftn7\">[7]<\/a> <a href=\"https:\/\/www.generationsanstabac.org\/actualites\/quand-les-industries-du-tabac-deteriorent-le-systeme-de-sante-pakistanais\/\">https:\/\/www.generationsanstabac.org\/actualites\/quand-les-industries-du-tabac-deteriorent-le-systeme-de-sante-pakistanais\/<\/a><\/p>\n<p style=\"text-align: justify;\"><a href=\"#_ftnref8\" name=\"_ftn8\">[8]<\/a> Addis Ababa Action Agenda Resolution adopted by the General Assembly on 27 July 2015. http:\/\/www.un.org\/ga\/search\/view_doc.asp?symbol=A\/RES\/69\/313&amp;Lang=E<\/p>\n<p style=\"text-align: justify;\"><a href=\"#_ftnref9\" name=\"_ftn9\">[9]<\/a> The health consequences of smoking \u2013 50 years of progress: A report of the Surgeon General. U.S. Department of Health and Human Services, Centers for Disease Control and Prevention, National Center for Chronic Disease Prevention and Health Promotion, Office on Smoking and Health, 2014<\/p>\n<p style=\"text-align: justify;\"><a href=\"#_ftnref10\" name=\"_ftn10\">[10]<\/a> <a href=\"https:\/\/www.who.int\/fctc\/treaty_instruments\/Guidelines_article_6_fr.pdf?ua=1\">https:\/\/www.who.int\/fctc\/treaty_instruments\/Guidelines_article_6_fr.pdf?ua=1<\/a><\/p>\n<p style=\"text-align: justify;\"><a href=\"#_ftnref11\" name=\"_ftn11\">[11]<\/a> WHO Report on the Global Tobacco Epidemic, 2019. World Health Organization, 2019<\/p>\n<p style=\"text-align: justify;\"><span style=\"color: #999999;\"><strong><a style=\"color: #999999;\" href=\"http:\/\/www.cnct.fr\/\" target=\"_blank\" rel=\"noopener noreferrer\">\u00a9Comit\u00e9 National Contre le Tabagisme |<\/a><\/strong><\/span><\/p>\n","protected":false},"excerpt":{"rendered":"<p>L\u2019Union a publi\u00e9 une note appelant les pays \u00e0 augmenter les taxes sur les produits du tabac pour am\u00e9liorer simultan\u00e9ment la sant\u00e9 de la population<\/p>\n","protected":false},"featured_media":19720,"template":"","tags":[],"thematique":[474],"class_list":["post-19831","actualites","type-actualites","status-publish","has-post-thumbnail","hentry","thematique-sante"],"acf":[],"_links":{"self":[{"href":"https:\/\/www.generationsanstabac.org\/fr\/wp-json\/wp\/v2\/actualites\/19831","targetHints":{"allow":["GET"]}}],"collection":[{"href":"https:\/\/www.generationsanstabac.org\/fr\/wp-json\/wp\/v2\/actualites"}],"about":[{"href":"https:\/\/www.generationsanstabac.org\/fr\/wp-json\/wp\/v2\/types\/actualites"}],"version-history":[{"count":0,"href":"https:\/\/www.generationsanstabac.org\/fr\/wp-json\/wp\/v2\/actualites\/19831\/revisions"}],"wp:featuredmedia":[{"embeddable":true,"href":"https:\/\/www.generationsanstabac.org\/fr\/wp-json\/wp\/v2\/media\/19720"}],"wp:attachment":[{"href":"https:\/\/www.generationsanstabac.org\/fr\/wp-json\/wp\/v2\/media?parent=19831"}],"wp:term":[{"taxonomy":"post_tag","embeddable":true,"href":"https:\/\/www.generationsanstabac.org\/fr\/wp-json\/wp\/v2\/tags?post=19831"},{"taxonomy":"thematique","embeddable":true,"href":"https:\/\/www.generationsanstabac.org\/fr\/wp-json\/wp\/v2\/thematique?post=19831"}],"curies":[{"name":"wp","href":"https:\/\/api.w.org\/{rel}","templated":true}]}}