{"id":19830,"date":"2020-06-19T14:37:28","date_gmt":"2020-06-19T12:37:28","guid":{"rendered":"https:\/\/www.generationsanstabac.org\/actualites\/culture-du-tabac-le-malawi-entre-dependance-et-precarite\/"},"modified":"2020-06-19T14:37:28","modified_gmt":"2020-06-19T12:37:28","slug":"culture-du-tabac-le-malawi-entre-dependance-et-precarite","status":"publish","type":"actualites","link":"https:\/\/www.generationsanstabac.org\/fr\/actualites\/culture-du-tabac-le-malawi-entre-dependance-et-precarite\/","title":{"rendered":"Culture du tabac. Le Malawi, entre d\u00e9pendance et pr\u00e9carit\u00e9"},"content":{"rendered":"<p style=\"text-align: justify;\"><em>Le Malawi, un des principaux producteurs de feuilles de tabac au monde, subit de plein fouet le contexte actuel de pand\u00e9mie. La crise que traverse le secteur du tabac se r\u00e9percute sur les milliers de personnes d\u00e9pendantes de la fili\u00e8re et sur l\u2019\u00e9quilibre \u00e9conomique du pays, alors que les \u00e9lections pr\u00e9sidentielles se rapprochent. <\/em><\/p>\n<p style=\"text-align: justify;\"><strong>Le tabac, \u00ab l\u2019or vert \u00bb de l\u2019\u00e9conomie malawienne ?<\/strong><\/p>\n<p style=\"text-align: justify;\">L\u2019ensemble de l\u2019\u00e9conomie du pays s\u2019articule autour de la culture du tabac, longtemps consid\u00e9r\u00e9e comme un \u00ab or vert \u00bb. Repr\u00e9sentant 6,6% des exportations mondiales, la culture de feuilles de tabac est une ressource financi\u00e8re pour le pays : elle correspond \u00e0 70% des recettes en devises \u00e9trang\u00e8res du Malawi, et a rapport\u00e9 237 millions de dollars en 2017, selon la Banque centrale malawienne<a href=\"#_ftn1\" name=\"_ftnref1\">[1]<\/a>.<\/p>\n<p style=\"text-align: justify;\"><strong>Une \u00e9conomie trop vuln\u00e9rable <\/strong><\/p>\n<p style=\"text-align: justify;\">Cette situation entra\u00eene irr\u00e9m\u00e9diablement une d\u00e9pendance \u00e0 l\u2019\u00e9gard du secteur du tabac, et une vuln\u00e9rabilit\u00e9 de l\u2019\u00e9conomie malawienne vis-\u00e0-vis des fluctuations du march\u00e9 et des contingences externes. Ainsi, la d\u00e9cision des Etats-Unis de bloquer toute importation de tabac provenant du Malawi, accus\u00e9 d\u2019exploiter pr\u00e8s de 80 000 enfants dans les plantations de tabac, a amorc\u00e9 une crise \u00e9conomique dans le pays, aggrav\u00e9e quelques mois plus tard par le d\u00e9veloppement de la pand\u00e9mie de Coronavirus.<\/p>\n<p style=\"text-align: justify;\"><strong>La transition vers un mod\u00e8le de d\u00e9veloppement durable : l\u2019enjeu du Malawi<\/strong><\/p>\n<p style=\"text-align: justify;\">Alors que la culture du tabac est responsable d\u2019une pauvret\u00e9 end\u00e9mique, multi-g\u00e9n\u00e9rationnelle, ainsi que de la destruction des \u00e9cosyst\u00e8mes du Malawi, le pays demeure l\u2019un des derniers pays \u00e0 ne pas avoir ratifi\u00e9 le trait\u00e9 international de la Convention-Cadre de l\u2019Organisation Mondiale de la Sant\u00e9 pour la Lutte Antitabac (CCLAT). Les prochaines \u00e9lections pr\u00e9sidentielles du Malawi se tiendront le 23 juin prochain, laissant la possibilit\u00e9 d\u2019un tournant dans l\u2019orientation de la strat\u00e9gie \u00e9conomique malawienne.  A ce titre, les dispositions de la CCLAT pr\u00e9voient un accompagnement pour aider les pays dans leur transition vers une \u00e9conomie plus durable<a href=\"#_ftn2\" name=\"_ftnref2\">[2]<\/a>&#8211;<a href=\"#_ftn3\" name=\"_ftnref3\">[3]<\/a>.<\/p>\n<p style=\"text-align: justify;\"><span style=\"color: #800080;\"><a style=\"color: #800080;\" href=\"https:\/\/www.generationsanstabac.org\/\">\u00a9G\u00e9n\u00e9ration Sans Tabac<\/a><\/span><\/p>\n<hr \/>\n<p style=\"text-align: justify;\">Pour aller plus loin sur le sujet, lire notre d\u00e9cryptage : \u00ab Le tabac comme obstacle au d\u00e9veloppement : le cas du Malawi \u00bb<\/p>\n<p style=\"text-align: justify;\"><a href=\"https:\/\/www.generationsanstabac.org\/article\/le-tabac-comme-obstacle-au-developpement-le-cas-du-malawi\/\">https:\/\/www.generationsanstabac.org\/article\/le-tabac-comme-obstacle-au-developpement-le-cas-du-malawi\/<\/a><\/p>\n<p style=\"text-align: justify;\"><a href=\"#_ftnref1\" name=\"_ftn1\">[1]<\/a> La Croix, \u00ab Malawi: avant la pr\u00e9sidentielle, la crise des petits producteurs de tabac \u00bb, 18\/06\/2020<\/p>\n<p style=\"text-align: justify;\"><a href=\"https:\/\/www.la-croix.com\/Malawi-presidentielle-crise-petits-producteurs-tabac-2020-06-18-1301100451\">https:\/\/www.la-croix.com\/Malawi-presidentielle-crise-petits-producteurs-tabac-2020-06-18-1301100451<\/a><\/p>\n<p style=\"text-align: justify;\"><a href=\"#_ftnref2\" name=\"_ftn2\">[2]<\/a> Pour acc\u00e9der \u00e0 la Convention, cliquer sur ce lien :<\/p>\n<p style=\"text-align: justify;\"><a href=\"https:\/\/apps.who.int\/iris\/bitstream\/handle\/10665\/42812\/9242591017.pdf;jsessionid=40CA1AEB170581F2C9BE9A2FA1FEC3A0?sequence=1\">https:\/\/apps.who.int\/iris\/bitstream\/handle\/10665\/42812\/9242591017.pdf;jsessionid=40CA1AEB170581F2C9BE9A2FA1FEC3A0?sequence=1<\/a><\/p>\n<p style=\"text-align: justify;\"><a href=\"#_ftnref3\" name=\"_ftn3\">[3]<\/a> <a href=\"https:\/\/www.generationsanstabac.org\/application-de-la-cclat-par-les-parties\/\">https:\/\/www.generationsanstabac.org\/application-de-la-cclat-par-les-parties\/<\/a><\/p>\n<p style=\"text-align: justify;\"><span style=\"color: #999999;\"><strong><a style=\"color: #999999;\" href=\"http:\/\/www.cnct.fr\/\" target=\"_blank\" rel=\"noopener noreferrer\">\u00a9Comit\u00e9 National Contre le Tabagisme |<\/a><\/strong><\/span><\/p>\n","protected":false},"excerpt":{"rendered":"<p>Le Malawi, un des principaux producteurs de feuilles de tabac au monde, subit de plein fouet le contexte actuel de pand\u00e9mie.<\/p>\n","protected":false},"featured_media":10466,"template":"","tags":[],"thematique":[480],"class_list":["post-19830","actualites","type-actualites","status-publish","has-post-thumbnail","hentry","thematique-environnement"],"acf":[],"_links":{"self":[{"href":"https:\/\/www.generationsanstabac.org\/fr\/wp-json\/wp\/v2\/actualites\/19830","targetHints":{"allow":["GET"]}}],"collection":[{"href":"https:\/\/www.generationsanstabac.org\/fr\/wp-json\/wp\/v2\/actualites"}],"about":[{"href":"https:\/\/www.generationsanstabac.org\/fr\/wp-json\/wp\/v2\/types\/actualites"}],"version-history":[{"count":0,"href":"https:\/\/www.generationsanstabac.org\/fr\/wp-json\/wp\/v2\/actualites\/19830\/revisions"}],"wp:featuredmedia":[{"embeddable":true,"href":"https:\/\/www.generationsanstabac.org\/fr\/wp-json\/wp\/v2\/media\/10466"}],"wp:attachment":[{"href":"https:\/\/www.generationsanstabac.org\/fr\/wp-json\/wp\/v2\/media?parent=19830"}],"wp:term":[{"taxonomy":"post_tag","embeddable":true,"href":"https:\/\/www.generationsanstabac.org\/fr\/wp-json\/wp\/v2\/tags?post=19830"},{"taxonomy":"thematique","embeddable":true,"href":"https:\/\/www.generationsanstabac.org\/fr\/wp-json\/wp\/v2\/thematique?post=19830"}],"curies":[{"name":"wp","href":"https:\/\/api.w.org\/{rel}","templated":true}]}}