{"id":19826,"date":"2020-06-19T12:59:55","date_gmt":"2020-06-19T10:59:55","guid":{"rendered":"https:\/\/www.generationsanstabac.org\/actualites\/fda-poursuivie-pour-inaction-concernant-linterdiction-du-menthol\/"},"modified":"2020-06-19T12:59:55","modified_gmt":"2020-06-19T10:59:55","slug":"fda-poursuivie-pour-inaction-concernant-linterdiction-du-menthol","status":"publish","type":"actualites","link":"https:\/\/www.generationsanstabac.org\/fr\/actualites\/fda-poursuivie-pour-inaction-concernant-linterdiction-du-menthol\/","title":{"rendered":"La FDA poursuivie pour inaction concernant l\u2019interdiction du menthol"},"content":{"rendered":"<p style=\"text-align: justify;\">Le 17 juin 2020 <a href=\"https:\/\/www.savingblacklives.org\/\">L&rsquo;African American Tobacco Control Leadership Council<\/a> (AATCLC) et l\u2019association <a href=\"https:\/\/ash.org\/\">Action on Smoking and Health<\/a> US (ASH) ont tenu une conf\u00e9rence de presse virtuelle annon\u00e7ant leur plainte conjointe contre les autorit\u00e9s sanitaires de la Food and Drug Administration (FDA). En n\u2019interdisant pas le menthol au m\u00eame titre que les autres aromes, la plainte pointe le manque d&rsquo;actions des autorit\u00e9s comp\u00e9tentes pour prot\u00e9ger la vie de milliers d\u2019Am\u00e9ricains notamment d&rsquo;Afro-am\u00e9ricains des d\u00e9c\u00e8s li\u00e9s \u00e0 la consommation de ces produits du tabac.<\/p>\n<p style=\"text-align: justify;\"><strong>Pr\u00e9venir des d\u00e9c\u00e8s \u00e9vitables<\/strong><\/p>\n<p style=\"text-align: justify;\">Ce proc\u00e8s met en \u00e9vidence les manquements de la FDA concernant le retrait des produits du tabac au menthol des lin\u00e9aires de vente. En 2009, le Congr\u00e8s a adopt\u00e9 &#8211; et le pr\u00e9sident Obama a promulgu\u00e9 &#8211; la <a href=\"https:\/\/www.govinfo.gov\/content\/pkg\/PLAW-111publ31\/pdf\/PLAW-111publ31.pdf\">Family Smoking Prevention and Tobacco Control Act<\/a>. Cette loi instaure une interdiction des ar\u00f4mes dans les cigarettes mais exclut le menthol de cet interdit, sous r\u00e9serve de recherches suppl\u00e9mentaires. En 2011, le comit\u00e9 consultatif de la FDA concluait \u00e0 l\u2019issue d\u2019un \u00e9tat des lieux de la connaissance scientifique que \u00ab<em>le retrait des cigarettes menthol\u00e9es du march\u00e9 b\u00e9n\u00e9ficierait \u00e0 la sant\u00e9 publique aux \u00c9tats-Unis<\/em>\u00bb. Deux ans plus tard, un rapport de cette m\u00eame institution \u00e9tablissait que si les cigarettes menthol\u00e9es avaient \u00e9t\u00e9 retir\u00e9es du march\u00e9 en 2010,<strong> environ 17000 d\u00e9c\u00e8s pr\u00e9matur\u00e9s auraient \u00e9t\u00e9 \u00e9vit\u00e9s d&rsquo;ici 2020 et environ 2,3 millions de personnes n&rsquo;auraient pas commenc\u00e9 \u00e0 fumer<a href=\"#_ftn1\" name=\"_ftnref1\">[1]<\/a>.<\/strong><\/p>\n<p style=\"text-align: justify;\">En d\u00e9pit de ces \u00e9l\u00e9ments, la FDA n&rsquo;a pas entam\u00e9 le processus d&rsquo;\u00e9laboration de r\u00e8gles visant \u00e0 \u00e9liminer le menthol des cigarettes. En continuant \u00e0 retarder l\u2019interdiction, les plaignants consid\u00e8rent que la FDA et le gouvernement am\u00e9ricain n\u2019ont pas prot\u00e9g\u00e9 la sant\u00e9 des citoyens am\u00e9ricains, en particulier des Afro-Am\u00e9ricains. Ils soulignent \u00e9galement que les \u00c9tats-Unis affichent dor\u00e9navant un retard face au processus mondial, d\u2019interdiction du menthol.<\/p>\n<p style=\"text-align: justify;\">\u00ab <em>Il est maintenant temps que la FDA prenne ses responsabilit\u00e9s et mette en \u0153uvre ce qu&rsquo;elle \u00e9tait cens\u00e9e faire il y a des ann\u00e9es &#8211; interdire la vente de tous les produits du tabac aromatis\u00e9s<\/em> \u00bb, a d\u00e9clar\u00e9 le Dr Phillip Gardiner, membre fondateur et copr\u00e9sident de l&rsquo;AATCLC.<\/p>\n<p style=\"text-align: justify;\">Le tabac est la principale cause de d\u00e9c\u00e8s \u00e9vitables dans le monde. Les maladies li\u00e9es au tabagisme sont notamment la premi\u00e8re cause de d\u00e9c\u00e8s dans la communaut\u00e9 afro-am\u00e9ricaine, <strong>85% des fumeurs afro-am\u00e9ricains fument aujourd\u2019hui des cigarettes menthol\u00e9es<a href=\"#_ftn2\" name=\"_ftnref2\">[2]<\/a>.<\/strong><\/p>\n<p style=\"text-align: justify;\">L&rsquo;AATCLC et ASH appellent toutes les organisations de lutte contre le tabagisme et les autorit\u00e9s publiques des autres pays \u00e0 soutenir cette action \u00e0 l\u2019encontre de la FDA dans un souci comme de promotion de la sant\u00e9.<\/p>\n<p style=\"text-align: justify;\"><a href=\"https:\/\/ash.org\/wp-content\/uploads\/2020\/06\/ASH-AATCLC-Complaint.pdf?eType=EmailBlastContent&amp;eId=d7453808-36ee-4b6e-bc0d-7545ebfd47bb\">Pour lire l\u2019ensemble de la plainte (en anglais)<\/a><\/p>\n<p style=\"text-align: justify;\"><span style=\"color: #800080;\"><a style=\"color: #800080;\" href=\"https:\/\/www.generationsanstabac.org\/\">\u00a9G\u00e9n\u00e9ration Sans Tabac<\/a><\/span><\/p>\n<hr \/>\n<p style=\"text-align: justify;\"><a href=\"#_ftnref1\" name=\"_ftn1\">[1]<\/a> FDA, Statement from FDA Commission Scott Gottlieb , M.D., on proposed new steps to protect youth by preventing access to flavored tobacco products and banning menthol in cigarettes<\/p>\n<p style=\"text-align: justify;\"><a href=\"#_ftnref2\" name=\"_ftn2\">[2]<\/a> <a href=\"https:\/\/www.generationsanstabac.org\/article\/strategie-cigarettiers-menthol-interdiction-mai-2020\/\">https:\/\/www.generationsanstabac.org\/article\/strategie-cigarettiers-menthol-interdiction-mai-2020\/<\/a><\/p>\n<p style=\"text-align: justify;\"><span style=\"color: #999999;\"><strong><a style=\"color: #999999;\" href=\"http:\/\/www.cnct.fr\/\" target=\"_blank\" rel=\"noopener noreferrer\">\u00a9Comit\u00e9 National Contre le Tabagisme |<\/a><\/strong><\/span><\/p>\n","protected":false},"excerpt":{"rendered":"<p>Ce proc\u00e8s met en \u00e9vidence les manquements de la FDA concernant le retrait des produits du tabac au menthol des lin\u00e9aires de vente.<\/p>\n","protected":false},"featured_media":15202,"template":"","tags":[],"thematique":[502,499],"class_list":["post-19826","actualites","type-actualites","status-publish","has-post-thumbnail","hentry","thematique-justice","thematique-lobby"],"acf":[],"_links":{"self":[{"href":"https:\/\/www.generationsanstabac.org\/fr\/wp-json\/wp\/v2\/actualites\/19826","targetHints":{"allow":["GET"]}}],"collection":[{"href":"https:\/\/www.generationsanstabac.org\/fr\/wp-json\/wp\/v2\/actualites"}],"about":[{"href":"https:\/\/www.generationsanstabac.org\/fr\/wp-json\/wp\/v2\/types\/actualites"}],"version-history":[{"count":0,"href":"https:\/\/www.generationsanstabac.org\/fr\/wp-json\/wp\/v2\/actualites\/19826\/revisions"}],"wp:featuredmedia":[{"embeddable":true,"href":"https:\/\/www.generationsanstabac.org\/fr\/wp-json\/wp\/v2\/media\/15202"}],"wp:attachment":[{"href":"https:\/\/www.generationsanstabac.org\/fr\/wp-json\/wp\/v2\/media?parent=19826"}],"wp:term":[{"taxonomy":"post_tag","embeddable":true,"href":"https:\/\/www.generationsanstabac.org\/fr\/wp-json\/wp\/v2\/tags?post=19826"},{"taxonomy":"thematique","embeddable":true,"href":"https:\/\/www.generationsanstabac.org\/fr\/wp-json\/wp\/v2\/thematique?post=19826"}],"curies":[{"name":"wp","href":"https:\/\/api.w.org\/{rel}","templated":true}]}}