{"id":19824,"date":"2020-06-19T06:26:35","date_gmt":"2020-06-19T04:26:35","guid":{"rendered":"https:\/\/www.generationsanstabac.org\/actualites\/arret-tabac-il-faudrait-accompagner-davantage-les-classes-sociales-defavorisees\/"},"modified":"2020-06-19T06:26:35","modified_gmt":"2020-06-19T04:26:35","slug":"arret-tabac-il-faudrait-accompagner-davantage-les-classes-sociales-defavorisees","status":"publish","type":"actualites","link":"https:\/\/www.generationsanstabac.org\/fr\/actualites\/arret-tabac-il-faudrait-accompagner-davantage-les-classes-sociales-defavorisees\/","title":{"rendered":"Arr\u00eat du tabac : il faudrait accompagner davantage les classes sociales d\u00e9favoris\u00e9es"},"content":{"rendered":"<p style=\"text-align: justify;\"><em>Entre 2016 et mai 2019, le nombre de fumeurs quotidiens a baiss\u00e9 de 1,6 millions de personnes. Si ces chiffres sont encourageants, on note n\u00e9anmoins des in\u00e9galit\u00e9s : les classes sociales d\u00e9favoris\u00e9es fument en effet davantage. Fabienne El Khoury, chercheuse postdoctorale \u00e0 l\u2019INSERM au sein de l\u2019\u00e9quipe de recherche en \u00e9pid\u00e9miologie sociale, nous \u00e9claire sur la politique de pr\u00e9vention \u00e0 adopter.<\/em><\/p>\n<h2 style=\"text-align: justify;\">Des chiffres qui interpellent<\/h2>\n<p style=\"text-align: justify;\">En 2019, le barom\u00e8tre sant\u00e9 indiquait que :<br \/>\n&#8211; 19,4 % des Fran\u00e7ais ayant au moins le bac fumaient,<br \/>\n&#8211; 28,2 % des Fran\u00e7ais non-dipl\u00f4m\u00e9es fumaient.<br \/>\nL\u2019\u00e9cart entre ces deux populations est donc consid\u00e9rable<\/p>\n<h2 style=\"text-align: justify;\">Un tabagisme plus \u00e9lev\u00e9 et plus pr\u00e9coce<\/h2>\n<p style=\"text-align: justify;\">Selon Fabienne El Khoury, cette disparit\u00e9 existe depuis le d\u00e9but des ann\u00e9es 2000. Plusieurs facteurs pourraient expliquer le fait que les classes sociales d\u00e9favoris\u00e9es fument davantage que les classes plus ais\u00e9es.<br \/>\nTout d\u2019abord, le tabagisme d\u00e9buterait bien plus t\u00f4t chez les populations d\u00e9favoris\u00e9es. L\u00e0 encore, les chiffres sont \u00e9loquents :<br \/>\n&#8211; 25 % des Fran\u00e7ais fument \u00e0 17 ans,<br \/>\n&#8211; parmi eux, 57 % sont sortis du syst\u00e8me scolaire et 22 % sont encore scolaris\u00e9s.<br \/>\nLes jeunes d\u00e9favoris\u00e9s paraissent aussi moins avertis et donc moins conscients des dangers du tabagisme. Et la consommation de cannabis, plus importante que dans les classes favoris\u00e9es, augmente, elle aussi, la consommation potentielle de tabac.<\/p>\n<h2 style=\"text-align: justify;\">Des politiques \u00e0 adapter<\/h2>\n<p style=\"text-align: justify;\">On constate donc une nouvelle fois que nous ne sommes pas tous \u00e9gaux face au tabac. Aussi des politiques de pr\u00e9vention sp\u00e9cifiques, compl\u00e9mentaires \u00e0 celles de pr\u00e9vention g\u00e9n\u00e9rale, sont-elles \u00e0 envisager. Fabienne El Khoury indique qu\u2019une des solutions pourrait \u00eatre la distribution gratuite de substituts nicotiniques aux adultes d\u00e9favoris\u00e9s. De m\u00eame, ces derni\u00e8res ne sont pas n\u00e9cessairement au courant du fait que les substituts nicotiniques peuvent \u00eatre rembours\u00e9s par la S\u00e9curit\u00e9 sociale.<br \/>\nLa mission d\u2019information est donc ici fondamentale. L\u2019Institut du cancer (INCA) l\u2019a bien compris et prend d\u00e9sormais en compte la lutte contre les in\u00e9galit\u00e9s sociales dans son plan de financement des recherches de pr\u00e9vention.<\/p>\n<p style=\"text-align: justify;\"><span style=\"color: #666699;\"><a style=\"color: #666699;\" href=\"https:\/\/www.generationsanstabac.org\/\">\u00a9G\u00e9n\u00e9ration Sans Tabac<\/a><\/span><\/p>\n<hr \/>\n<p style=\"text-align: justify;\">Jean-Loup Delmas, \u00ab Pr\u00e9vention du tabagisme : \u00ab Il est temps d\u2019aider sp\u00e9cifiquement les populations d\u00e9favoris\u00e9es \u00bb,<br \/>\n<a href=\"http:\/\/www.20minutes.fr\">www.20minutes.fr<\/a>, 28 mai 2019<\/p>\n<p style=\"text-align: justify;\"><a href=\"https:\/\/www.20minutes.fr\/societe\/2527995-20190528-prevention-tabagisme-temps-aider-specifiquement-populations-defavorisees\">https:\/\/www.20minutes.fr\/societe\/2527995-20190528-prevention-tabagisme-temps-aider-specifiquement-populations-defavorisees<\/a><\/p>\n<p style=\"text-align: justify;\">Bas\u00e9 sur un entretien avec Fabienne El Khoury<\/p>\n<p style=\"text-align: justify;\"><span style=\"color: #999999;\"><strong><a style=\"color: #e8e8e8;\" href=\"http:\/\/dnf.asso.fr\/\/\" target=\"_blank\" rel=\"noopener noreferrer\"> \u00a9DNF &#8211; Pour un Monde ZeroTabac |<\/a><\/strong><\/span><\/p>\n","protected":false},"excerpt":{"rendered":"<p>Fabienne El Khoury, chercheuse postdoctorale \u00e0 l\u2019INSERM nous \u00e9claire sur la politique de pr\u00e9vention et les aides d&rsquo;arr\u00eat de tabac.<\/p>\n","protected":false},"featured_media":19825,"template":"","tags":[],"thematique":[474],"class_list":["post-19824","actualites","type-actualites","status-publish","has-post-thumbnail","hentry","thematique-sante"],"acf":[],"_links":{"self":[{"href":"https:\/\/www.generationsanstabac.org\/fr\/wp-json\/wp\/v2\/actualites\/19824","targetHints":{"allow":["GET"]}}],"collection":[{"href":"https:\/\/www.generationsanstabac.org\/fr\/wp-json\/wp\/v2\/actualites"}],"about":[{"href":"https:\/\/www.generationsanstabac.org\/fr\/wp-json\/wp\/v2\/types\/actualites"}],"version-history":[{"count":0,"href":"https:\/\/www.generationsanstabac.org\/fr\/wp-json\/wp\/v2\/actualites\/19824\/revisions"}],"wp:featuredmedia":[{"embeddable":true,"href":"https:\/\/www.generationsanstabac.org\/fr\/wp-json\/wp\/v2\/media\/19825"}],"wp:attachment":[{"href":"https:\/\/www.generationsanstabac.org\/fr\/wp-json\/wp\/v2\/media?parent=19824"}],"wp:term":[{"taxonomy":"post_tag","embeddable":true,"href":"https:\/\/www.generationsanstabac.org\/fr\/wp-json\/wp\/v2\/tags?post=19824"},{"taxonomy":"thematique","embeddable":true,"href":"https:\/\/www.generationsanstabac.org\/fr\/wp-json\/wp\/v2\/thematique?post=19824"}],"curies":[{"name":"wp","href":"https:\/\/api.w.org\/{rel}","templated":true}]}}