{"id":19823,"date":"2020-06-18T07:57:36","date_gmt":"2020-06-18T05:57:36","guid":{"rendered":"https:\/\/www.generationsanstabac.org\/actualites\/montana-les-pouvoirs-publics-sattaquent-a-la-cigarette-electronique-aromatisee\/"},"modified":"2020-06-18T07:57:36","modified_gmt":"2020-06-18T05:57:36","slug":"montana-les-pouvoirs-publics-sattaquent-a-la-cigarette-electronique-aromatisee","status":"publish","type":"actualites","link":"https:\/\/www.generationsanstabac.org\/fr\/actualites\/montana-les-pouvoirs-publics-sattaquent-a-la-cigarette-electronique-aromatisee\/","title":{"rendered":"Au Montana, les pouvoirs publics s\u2019attaquent \u00e0 la cigarette \u00e9lectronique aromatis\u00e9e"},"content":{"rendered":"<p style=\"text-align: justify;\">Aux Etats-Unis, le gouverneur du Montana, Steve Bullock, a d\u00e9pos\u00e9 un projet de loi visant \u00e0 mettre d\u00e9finitivement fin \u00e0 la vente de cigarettes \u00e9lectroniques aromatis\u00e9es au sein de l\u2019Etat am\u00e9ricain. Cette d\u00e9cision vise \u00e0 enrayer l\u2019\u00e9pid\u00e9mie de cigarette \u00e9lectronique observ\u00e9e chez les jeunes, pr\u00e9lude \u00e0 une augmentation de la d\u00e9pendance nicotinique pour les nouvelles g\u00e9n\u00e9rations<a href=\"#_ftn1\" name=\"_ftnref1\">[1]<\/a>.<\/p>\n<p style=\"text-align: justify;\">Ainsi, le Montana devrait devenir le cinqui\u00e8me \u00c9tat am\u00e9ricain \u00e0 interdire la vente de toutes les cigarettes \u00e9lectroniques aromatis\u00e9es, rejoignant le Massachusetts, le New Jersey, le Rhode Island ou encore l\u2019Etat de New York.<\/p>\n<p style=\"text-align: justify;\"><strong>Une \u00e9pid\u00e9mie nicotinique chez les adolescents<\/strong><\/p>\n<p style=\"text-align: justify;\">En octobre, le gouverneur avait d\u00e9j\u00e0 adopt\u00e9 une interdiction de 120 jours sur la vente de produits du vapotage, en soulignant les cons\u00e9quences sanitaires d\u00e9sastreuses de ces derniers chez les adolescents. Selon Steve Bullock, pr\u00e8s de 48 000 adolescents du Montana \u00e2g\u00e9s de 12 \u00e0 18 ans avaient d\u00e9j\u00e0 consomm\u00e9 des produits du vapotage, tandis que le pourcentage d\u2019\u00e9l\u00e8ves du secondaire utilisant r\u00e9guli\u00e8rement des cigarettes \u00e9lectroniques avait augment\u00e9 de 243% entre 2017 et 2019. Selon une enqu\u00eate nationale men\u00e9e aupr\u00e8s des jeunes sur le tabac en 2019, 30,2% des adolescents de cette tranche d\u2019\u00e2ge consomment d\u00e9sormais des cigarettes \u00e9lectroniques dans le Montana. Parmi eux, 97% ont d\u00e9clar\u00e9 avoir utilis\u00e9 un produit aromatis\u00e9 au cours du mois pr\u00e9c\u00e9dent l\u2019enqu\u00eate, et 70% mentionnent les aromes comme figurant parmi les raisons de leur consommation<a href=\"#_ftn2\" name=\"_ftnref2\">[2]<\/a>.<\/p>\n<p style=\"text-align: justify;\"><strong>Pr\u00e9server les progr\u00e8s en mati\u00e8re de lutte contre le tabagisme <\/strong><\/p>\n<p style=\"text-align: justify;\">La pr\u00e9vention d\u2019une \u00e9pid\u00e9mie nicotinique par le biais des nouveaux produits de l\u2019industrie du tabac est un facteur d\u00e9terminant pour la r\u00e9ussite des politiques de sant\u00e9 publique : aux Etats-Unis comme ailleurs, l\u2019\u00e9crasante majorit\u00e9 des fumeurs a d\u00e9but\u00e9 sa consommation tabagique avant 18 ans, accentuant les niveaux de d\u00e9pendance \u00e0 la nicotine et aux produits de l\u2019industrie du tabac.<\/p>\n<p style=\"text-align: justify;\"><span style=\"color: #800080;\"><a style=\"color: #800080;\" href=\"https:\/\/www.generationsanstabac.org\/\">\u00a9G\u00e9n\u00e9ration Sans Tabac<\/a><\/span><\/p>\n<hr \/>\n<p style=\"text-align: justify;\"><a href=\"#_ftnref1\" name=\"_ftn1\">[1]<\/a> Tobacco Free Kids, \u00ab Gov. Bullock\u2019s Action to End the Sale of Flavored E-Cigarettes Will Protect Montana Kids \u00bb, 16 juin 2020.<\/p>\n<p style=\"text-align: justify;\"><a href=\"https:\/\/www.tobaccofreekids.org\/press-releases\/2020_06_16_montana\">https:\/\/www.tobaccofreekids.org\/press-releases\/2020_06_16_montana<\/a><\/p>\n<p style=\"text-align: justify;\"><a href=\"#_ftnref2\" name=\"_ftn2\">[2]<\/a> Food and Drug Administration, \u00ab Trump Administration Combating Epidemic of Youth E-Cigarette Use with Plan to Clear Market of Unauthorized, Non-Tobacco-Flavored E-Cigarette Products \u00bb, septembre 2019<\/p>\n<p style=\"text-align: justify;\"><a href=\"https:\/\/www.fda.gov\/news-events\/press-announcements\/trump-administration-combating-epidemic-youth-e-cigarette-use-plan-clear-market-unauthorized-non\">https:\/\/www.fda.gov\/news-events\/press-announcements\/trump-administration-combating-epidemic-youth-e-cigarette-use-plan-clear-market-unauthorized-non<\/a><\/p>\n<p style=\"text-align: justify;\"><span style=\"color: #999999;\"><strong><a style=\"color: #999999;\" href=\"http:\/\/www.cnct.fr\/\" target=\"_blank\" rel=\"noopener noreferrer\">\u00a9Comit\u00e9 National Contre le Tabagisme |<\/a><\/strong><\/span><\/p>\n","protected":false},"excerpt":{"rendered":"<p>le gouverneur du Montana, Steve Bullock, a d\u00e9pos\u00e9 un projet de loi visant \u00e0 mettre d\u00e9finitivement fin \u00e0 la vente de cigarettes \u00e9lectroniques aromatis\u00e9es<\/p>\n","protected":false},"featured_media":15199,"template":"","tags":[],"thematique":[491],"class_list":["post-19823","actualites","type-actualites","status-publish","has-post-thumbnail","hentry","thematique-politiques-publiques"],"acf":[],"_links":{"self":[{"href":"https:\/\/www.generationsanstabac.org\/fr\/wp-json\/wp\/v2\/actualites\/19823","targetHints":{"allow":["GET"]}}],"collection":[{"href":"https:\/\/www.generationsanstabac.org\/fr\/wp-json\/wp\/v2\/actualites"}],"about":[{"href":"https:\/\/www.generationsanstabac.org\/fr\/wp-json\/wp\/v2\/types\/actualites"}],"version-history":[{"count":0,"href":"https:\/\/www.generationsanstabac.org\/fr\/wp-json\/wp\/v2\/actualites\/19823\/revisions"}],"wp:featuredmedia":[{"embeddable":true,"href":"https:\/\/www.generationsanstabac.org\/fr\/wp-json\/wp\/v2\/media\/15199"}],"wp:attachment":[{"href":"https:\/\/www.generationsanstabac.org\/fr\/wp-json\/wp\/v2\/media?parent=19823"}],"wp:term":[{"taxonomy":"post_tag","embeddable":true,"href":"https:\/\/www.generationsanstabac.org\/fr\/wp-json\/wp\/v2\/tags?post=19823"},{"taxonomy":"thematique","embeddable":true,"href":"https:\/\/www.generationsanstabac.org\/fr\/wp-json\/wp\/v2\/thematique?post=19823"}],"curies":[{"name":"wp","href":"https:\/\/api.w.org\/{rel}","templated":true}]}}