{"id":19811,"date":"2020-06-16T16:07:05","date_gmt":"2020-06-16T14:07:05","guid":{"rendered":"https:\/\/www.generationsanstabac.org\/actualites\/legislation-antitabac-nous-ne-sommes-pas-tous-egaux\/"},"modified":"2020-06-16T16:07:05","modified_gmt":"2020-06-16T14:07:05","slug":"legislation-antitabac-nous-ne-sommes-pas-tous-egaux","status":"publish","type":"actualites","link":"https:\/\/www.generationsanstabac.org\/fr\/actualites\/legislation-antitabac-nous-ne-sommes-pas-tous-egaux\/","title":{"rendered":"L\u00e9gislation anti-tabac : nous ne sommes pas tous \u00e9gaux"},"content":{"rendered":"<p style=\"text-align: justify;\"><em>Selon un rapport de l\u2019OMS (Organisation mondiale de la sant\u00e9) rendu public le 19 d\u00e9cembre dernier, un tiers de la population mondiale serait priv\u00e9 d\u2019une protection anti-tabac efficace. En effet, m\u00eame si les campagnes d\u2019information et les l\u00e9gislations se multiplient, elles sont in\u00e9galement r\u00e9parties dans le monde.<\/em><\/p>\n<h2 style=\"text-align: justify;\">2020 marque un tournant<\/h2>\n<p style=\"text-align: justify;\">Bonne nouvelle : selon l\u2019OMS, l\u2019ann\u00e9e 2020 devrait se caract\u00e9riser par une baisse du nombre d\u2019hommes consommant du tabac dans le monde \u2013 jusqu\u2019alors, la baisse ne concernait que les femmes. Pour Yves Martinet, pr\u00e9sident du CNCT (Comit\u00e9 national contre le tabagisme) et chef du service de pneumologie au CHU de Nancy, les taxes sur la production et le d\u00e9veloppement de l\u2019accompagnement au sevrage ont grandement contribu\u00e9 \u00e0 ce constat encourageant.<\/p>\n<h2 style=\"text-align: justify;\">Des in\u00e9galit\u00e9s subsistent<\/h2>\n<p style=\"text-align: justify;\">C\u2019est en 2007 que l\u2019OMS a lanc\u00e9 son programme MPOWER, un ensemble de recommandations faites aux \u00e9tats pour lutter contre l\u2019\u00e9pid\u00e9mie de tabagisme :<br \/>\n&#8211; mise en garde contre les dangers du tabagisme,<br \/>\n&#8211; interdiction des publicit\u00e9s en faveur du tabac,<br \/>\n&#8211; augmentation des taxes sur le tabac,<br \/>\n&#8211; accompagnement des personnes d\u00e9sireuses de se sevrer.<br \/>\nSeuls 15 % de la population \u00e9taient alors prot\u00e9g\u00e9s par au moins une de ces mesures. Ce taux a aujourd\u2019hui atteint 65 %. Une nette progression certes, mais une trop grande partie de la population reste encore expos\u00e9e.<\/p>\n<h2 style=\"text-align: justify;\">La taxation des produits du tabac : une mesure efficace mais in\u00e9galement appliqu\u00e9e<\/h2>\n<p style=\"text-align: justify;\">Selon G\u00e9rard Audureau, pr\u00e9sident de DNF et analyste sp\u00e9cialis\u00e9 en fiscalit\u00e9 du tabac, la hausse des prix du tabac, forte et r\u00e9p\u00e9t\u00e9e est l\u2019une des solutions qui fonctionnent le mieux, comme en t\u00e9moignent les deux exp\u00e9riences fran\u00e7aises de 2003 (chute des ventes de 32% en 2 ans) et du \u00ab paquet \u00e0 10\u20ac \u00bb qui aura vu la pr\u00e9valence tabagique passer de 29% \u00e0 24% en 3 ans. Or, aujourd\u2019hui, seuls 38 pays, qui n\u2019abritent que 14 % de la population mondiale, taxent le tabac \u00e0 plus de 75 % du prix de vente au d\u00e9tail.<\/p>\n<h2 style=\"text-align: justify;\">Surveillance, pr\u00e9vention, accompagnement au sevrage : des missions pas toujours remplies<\/h2>\n<p style=\"text-align: justify;\">L\u2019OMS recommande une surveillance des niveaux de consommation pays par pays. Malheureusement, 1 pays sur 3 seulement r\u00e9alise cette mission en menant des enqu\u00eates au moins tous les 5 ans.<br \/>\nC\u00f4t\u00e9 pr\u00e9vention, on signale toujours de nombreuses diff\u00e9rentes. Ainsi, en Chine, seul 1 adulte sur 4 sait que le tabac peut engendrer cancers du poumon, AVC (accidents vasculaires c\u00e9r\u00e9braux), etc. Ces lacunes en mati\u00e8re de pr\u00e9vention posent un probl\u00e8me de taille, puisque l\u2019OMS estime que la majorit\u00e9 des fumeurs souhaitent stopper leur consommation lorsqu\u2019ils prennent conscience des dangers qu\u2019elle repr\u00e9sente.<br \/>\nEn ce qui concerne l\u2019accompagnement au sevrage tabagique, seuls 23 pays, repr\u00e9sentant 32 % de la population mondiale ont mis en place des programmes complets et une prise en charge totale ou partielle.<\/p>\n<p style=\"text-align: justify;\">Si toutes les initiatives destin\u00e9es \u00e0 lutter contre l\u2019\u00e9pid\u00e9mie de tabac doivent donc \u00eatre salu\u00e9es, les actions doivent \u00e0 la fois se poursuivre et s\u2019unifier \u00e0 travers le monde, car des mesures communes et une lutte coh\u00e9rente seront des outils plus que pr\u00e9cieux.<\/p>\n<p style=\"text-align: justify;\"><span style=\"color: #666699;\"><a style=\"color: #666699;\" href=\"https:\/\/www.generationsanstabac.org\/\">\u00a9G\u00e9n\u00e9ration Sans Tabac<\/a><\/span><\/p>\n<hr \/>\n<p style=\"text-align: justify;\">[i] \u00ab\u00a0Les in\u00e9galit\u00e9s territoriales du tabagisme\u00a0\u00bb<br \/>\n<a href=\"https:\/\/www.generationsanstabac.org\/actualites\/inegalites-territoriales-du-tabagisme\/\">https:\/\/www.generationsanstabac.org\/actualites\/inegalites-territoriales-du-tabagisme\/<\/a><\/p>\n<p style=\"text-align: justify;\">Arthur Schweitzer, \u00ab Le contr\u00f4le du tabac est in\u00e9gal \u00e0 travers le monde \u00bb, Le Figaro, 11 janvier 2020<\/p>\n<p style=\"text-align: justify;\">[i] <a href=\"https:\/\/www.lefigaro.fr\/actualite-france\/le-controle-du-tabac-est-inegal-a-travers-le-monde-20200111\">https:\/\/www.lefigaro.fr\/actualite-france\/le-controle-du-tabac-est-inegal-a-travers-le-monde-20200111<\/a><\/p>\n<p style=\"text-align: justify;\"><a href=\"http:\/\/www.zerotabac.net\/2020\/06\/le-paquet-de-cigarette-a-15\u20ac-pour-2025\/\">http:\/\/www.zerotabac.net\/2020\/06\/le-paquet-de-cigarette-a-15\u20ac-pour-2025\/<\/a><\/p>\n<p style=\"text-align: justify;\"><span style=\"color: #e8e8e8;\"><strong><a style=\"color: #e8e8e8;\" href=\"http:\/\/dnf.asso.fr\/\/\" target=\"_blank\" rel=\"noopener noreferrer\"> \u00a9DNF &#8211; Pour un Monde ZeroTabac |<\/a><\/strong><\/span><\/p>\n","protected":false},"excerpt":{"rendered":"<p>Selon un rapport de l\u2019OMS rendu public le 19 d\u00e9cembre dernier, un tiers de la population mondiale serait priv\u00e9 d\u2019une protection anti-tabac efficace.<\/p>\n","protected":false},"featured_media":19812,"template":"","tags":[],"thematique":[474],"class_list":["post-19811","actualites","type-actualites","status-publish","has-post-thumbnail","hentry","thematique-sante"],"acf":[],"_links":{"self":[{"href":"https:\/\/www.generationsanstabac.org\/fr\/wp-json\/wp\/v2\/actualites\/19811","targetHints":{"allow":["GET"]}}],"collection":[{"href":"https:\/\/www.generationsanstabac.org\/fr\/wp-json\/wp\/v2\/actualites"}],"about":[{"href":"https:\/\/www.generationsanstabac.org\/fr\/wp-json\/wp\/v2\/types\/actualites"}],"version-history":[{"count":0,"href":"https:\/\/www.generationsanstabac.org\/fr\/wp-json\/wp\/v2\/actualites\/19811\/revisions"}],"wp:featuredmedia":[{"embeddable":true,"href":"https:\/\/www.generationsanstabac.org\/fr\/wp-json\/wp\/v2\/media\/19812"}],"wp:attachment":[{"href":"https:\/\/www.generationsanstabac.org\/fr\/wp-json\/wp\/v2\/media?parent=19811"}],"wp:term":[{"taxonomy":"post_tag","embeddable":true,"href":"https:\/\/www.generationsanstabac.org\/fr\/wp-json\/wp\/v2\/tags?post=19811"},{"taxonomy":"thematique","embeddable":true,"href":"https:\/\/www.generationsanstabac.org\/fr\/wp-json\/wp\/v2\/thematique?post=19811"}],"curies":[{"name":"wp","href":"https:\/\/api.w.org\/{rel}","templated":true}]}}