{"id":19809,"date":"2020-06-15T07:55:47","date_gmt":"2020-06-15T05:55:47","guid":{"rendered":"https:\/\/www.generationsanstabac.org\/actualites\/equateur-pmi-demande-compensations-tabac-contrebande\/"},"modified":"2020-06-15T07:55:47","modified_gmt":"2020-06-15T05:55:47","slug":"equateur-pmi-demande-compensations-tabac-contrebande","status":"publish","type":"actualites","link":"https:\/\/www.generationsanstabac.org\/fr\/actualites\/equateur-pmi-demande-compensations-tabac-contrebande\/","title":{"rendered":"Equateur : Philip Morris demande des compensations sur ses propres cigarettes de contrebande"},"content":{"rendered":"<p style=\"text-align: justify;\">Au cours des derni\u00e8res ann\u00e9es, l\u2019Equateur a mis en \u0153uvre une strat\u00e9gie compl\u00e8te et coordonn\u00e9e de lutte contre le tabagisme. Celle-ci s\u2019est traduite par l\u2019adoption de grands avertissements sanitaires sur les paquets de cigarettes, la formation des m\u00e9decins au traitement de la d\u00e9pendance tabagique, l\u2019augmentation des taxes sur les produits du tabac. Les cigarettes en Equateur font parties des moins abordables en Am\u00e9rique du Sud. Ces mesures permettent au pays de s\u2019inscrire dans le mouvement de sortie du tabac de la soci\u00e9t\u00e9 avec une pr\u00e9valence du tabagisme \u00e0 5% d&rsquo;ici 2025<a href=\"#_ftn1\" name=\"_ftnref1\">[1]<\/a>.<\/p>\n<p style=\"text-align: justify;\">L\u2019obstacle principal pour r\u00e9duire consid\u00e9rablement la consommation de tabac reste le poids du commerce illicite des produits du tabac. Ce probl\u00e8me a \u00e9t\u00e9 pris tr\u00e8s au s\u00e9rieux par le gouvernement \u00e9quatorien. <a href=\"http:\/\/documents.worldbank.org\/curated\/en\/812951560799796187\/pdf\/Ecuador-Overview-of-Tobacco-Use-Tobacco-Control-Legislation-and-Taxation.pdf\">En 2017<\/a>, un syst\u00e8me de suivi et de tra\u00e7abilit\u00e9 des cigarettes produites au pays a \u00e9t\u00e9 mis en place pour lutter contre l&rsquo;\u00e9vasion fiscale li\u00e9e aux produits du tabac. L&rsquo;\u00c9quateur a \u00e9galement \u00e9t\u00e9 l&rsquo;un des premiers pays de la r\u00e9gion \u00e0 ratifier le <a href=\"https:\/\/www.who.int\/fctc\/protocol\/illicit_trade\/protocol-publication\/fr\/#:~:text=R%C3%A9sum%C3%A9,trait%C3%A9%20international%20%C3%A0%20part%20enti%C3%A8re.\">Protocole de l\u2019OMS pour \u00e9liminer le commerce illicite des produits du tabac<\/a>. L&rsquo;\u00c9quateur a assum\u00e9 la pr\u00e9sidence de la premi\u00e8re R\u00e9union des Parties au Protocole et a aid\u00e9 \u00e0 poursuivre les travaux mondiaux sur la mise en \u0153uvre du trait\u00e9 en accueillant, entre autres, le groupe de travail du Protocole sur l&rsquo;assistance et la coop\u00e9ration. Au niveau national, un projet de loi pour lutter contre la contrebande a \u00e9t\u00e9 propos\u00e9 en avril 2020 et comprenait des dispositions facilitant les poursuites et renfor\u00e7ant les sanctions.<\/p>\n<p style=\"text-align: justify;\">Les cigarettiers publient pour l\u2019Equateur des estimations du commerce illicite de cigarettes. Selon eux, celui-ci repr\u00e9senterait <a href=\"https:\/\/www.eltelegrafo.com.ec\/noticias\/judicial\/12\/contrabando-cigarrillos-ecuador\">72,4% du march\u00e9<\/a> mais la m\u00e9thodologie utilis\u00e9e pour cette \u00e9valuation n\u2019est pas transparente. Les donn\u00e9es provenant d&rsquo;autres pays<a href=\"#_ftn2\" name=\"_ftnref2\">[2]<\/a> sugg\u00e8rent que l&rsquo;industrie du tabac sur\u00e9value syst\u00e9matiquement de mani\u00e8re significative l&rsquo;ampleur du probl\u00e8me du commerce illicite<a href=\"#_ftn3\" name=\"_ftnref3\">[3]<\/a>. L\u2019objection du d\u00e9veloppement du commerce illicite des produits du tabac est une constante chez les cigarettiers pour contre les hausses de taxes sur les produits du tabac<a href=\"#_ftn4\" name=\"_ftnref4\">[4]<\/a>&#8211;<a href=\"#_ftn5\" name=\"_ftnref5\">[5]<\/a> .<\/p>\n<p style=\"text-align: justify;\">Dans de nombreux pays, l&rsquo;industrie du tabac se pr\u00e9sente comme victime du commerce illicite et affiche sa volont\u00e9 d\u2019\u00eatre un acteur engag\u00e9 contre ce fl\u00e9au<a href=\"#_ftn6\" name=\"_ftnref6\">[6]<\/a>. En \u00c9quateur, il en est de m\u00eame. Fin avril 2020<a href=\"#_ftn7\" name=\"_ftnref7\">[7]<\/a>,  les trois filiales \u00e9quatoriennes de Philip Morris International (PMI) qui repr\u00e9sentent collectivement la quasi-totalit\u00e9 du march\u00e9 l\u00e9gal des cigarettes en \u00c9quateur, ont envoy\u00e9 une lettre \u00e0 la Commission gouvernementale qui dirige les travaux sur le projet de loi relatif \u00e0 la lutte contre le commerce illicite. Le cigarettier estime \u00eatre victime du commerce illicite et devoir \u00eatre indemnis\u00e9 de ce pr\u00e9judice, notamment sous la forme d\u2019une exon\u00e9ration fiscale. Pourtant ces cigarettes de contrebande sortent de ses usines et ont \u00e9t\u00e9 vendues sur un march\u00e9 parall\u00e8le g\u00e9n\u00e9rant un profit pour le fabricant.<\/p>\n<p style=\"text-align: justify;\"><span style=\"color: #800080;\"><a style=\"color: #800080;\" href=\"https:\/\/www.generationsanstabac.org\/\">\u00a9G\u00e9n\u00e9ration Sans Tabac<\/a><\/span><\/p>\n<hr \/>\n<p style=\"text-align: justify;\"><a href=\"#_ftnref1\" name=\"_ftn1\">[1]<\/a> <a href=\"https:\/\/www.who.int\/tobacco\/publications\/surveillance\/trends-tobacco-smoking-second-edition\/en\/\">https:\/\/www.who.int\/tobacco\/publications\/surveillance\/trends-tobacco-smoking-second-edition\/en\/<\/a><\/p>\n<p style=\"text-align: justify;\"><a href=\"#_ftnref2\" name=\"_ftn2\">[2]<\/a> <a href=\"https:\/\/tobaccoatlas.org\/topic\/illicit-trade\/\">https:\/\/tobaccoatlas.org\/topic\/illicit-trade\/<\/a><\/p>\n<p style=\"text-align: justify;\"><a href=\"#_ftnref3\" name=\"_ftn3\">[3]<\/a> <a href=\"https:\/\/cnct.fr\/la-lutte-contre-le-commerce-illicite\/2\/\">https:\/\/cnct.fr\/la-lutte-contre-le-commerce-illicite\/2\/<\/a><\/p>\n<p style=\"text-align: justify;\"><a href=\"#_ftnref4\" name=\"_ftn4\">[4]<\/a><a href=\"https:\/\/pubmed.ncbi.nlm.nih.gov\/30135114\/?from_term=anna+gilmore+illict+trade&amp;from_exact_term=anna+gilmore+illicit+trade&amp;from_pos=4\">https:\/\/pubmed.ncbi.nlm.nih.gov\/30135114\/?from_term=anna+gilmore+illict+trade&amp;from_exact_term=anna+gilmore+illicit+trade&amp;from_pos=4<\/a><\/p>\n<p style=\"text-align: justify;\"><a href=\"#_ftnref5\" name=\"_ftn5\">[5]<\/a> http:\/\/www.batfrance.com\/group\/sites\/BAT_877JLA.nsf\/vwPagesWebLive\/DO87ACHD?opendocument<\/p>\n<p style=\"text-align: justify;\"><a href=\"#_ftnref6\" name=\"_ftn6\">[6]<\/a> https:\/\/www.pmi.com\/sustainability\/fighting-illicit-cigarette-trade<\/p>\n<p style=\"text-align: justify;\"><a href=\"#_ftnref7\" name=\"_ftn7\">[7]<\/a> <a href=\"https:\/\/es.tobaccoatlas.org\/2020\/06\/09\/philip-morris-makes-profit-on-cigarettes-smuggled-to-ecuador-and-now-seeks-government-compensation-for-these-same-cigarettes\/\">https:\/\/es.tobaccoatlas.org\/2020\/06\/09\/philip-morris-makes-profit-on-cigarettes-smuggled-to-ecuador-and-now-seeks-government-compensation-for-these-same-cigarettes\/<\/a><\/p>\n<p style=\"text-align: justify;\"><span style=\"color: #999999;\"><strong><a style=\"color: #999999;\" href=\"http:\/\/www.cnct.fr\/\" target=\"_blank\" rel=\"noopener noreferrer\">\u00a9Comit\u00e9 National Contre le Tabagisme |<\/a><\/strong><\/span><\/p>\n","protected":false},"excerpt":{"rendered":"<p>Les cigarettiers publient pour l\u2019Equateur des estimations du commerce illicite de cigarettes. Selon eux, celui-ci repr\u00e9senterait 72,4% du march\u00e9<\/p>\n","protected":false},"featured_media":15189,"template":"","tags":[],"thematique":[538],"class_list":["post-19809","actualites","type-actualites","status-publish","has-post-thumbnail","hentry","thematique-marches-paralleles"],"acf":[],"_links":{"self":[{"href":"https:\/\/www.generationsanstabac.org\/fr\/wp-json\/wp\/v2\/actualites\/19809","targetHints":{"allow":["GET"]}}],"collection":[{"href":"https:\/\/www.generationsanstabac.org\/fr\/wp-json\/wp\/v2\/actualites"}],"about":[{"href":"https:\/\/www.generationsanstabac.org\/fr\/wp-json\/wp\/v2\/types\/actualites"}],"version-history":[{"count":0,"href":"https:\/\/www.generationsanstabac.org\/fr\/wp-json\/wp\/v2\/actualites\/19809\/revisions"}],"wp:featuredmedia":[{"embeddable":true,"href":"https:\/\/www.generationsanstabac.org\/fr\/wp-json\/wp\/v2\/media\/15189"}],"wp:attachment":[{"href":"https:\/\/www.generationsanstabac.org\/fr\/wp-json\/wp\/v2\/media?parent=19809"}],"wp:term":[{"taxonomy":"post_tag","embeddable":true,"href":"https:\/\/www.generationsanstabac.org\/fr\/wp-json\/wp\/v2\/tags?post=19809"},{"taxonomy":"thematique","embeddable":true,"href":"https:\/\/www.generationsanstabac.org\/fr\/wp-json\/wp\/v2\/thematique?post=19809"}],"curies":[{"name":"wp","href":"https:\/\/api.w.org\/{rel}","templated":true}]}}