{"id":19802,"date":"2020-06-11T10:45:41","date_gmt":"2020-06-11T08:45:41","guid":{"rendered":"https:\/\/www.generationsanstabac.org\/actualites\/covid19-stop-appelle-engager-responsabilite-industrie-tabac\/"},"modified":"2020-06-11T10:45:41","modified_gmt":"2020-06-11T08:45:41","slug":"covid19-stop-appelle-engager-responsabilite-industrie-tabac","status":"publish","type":"actualites","link":"https:\/\/www.generationsanstabac.org\/fr\/actualites\/covid19-stop-appelle-engager-responsabilite-industrie-tabac\/","title":{"rendered":"Crise sanitaire. L\u2019organisme STOP appelle \u00e0 engager la responsabilit\u00e9 de l\u2019industrie du tabac"},"content":{"rendered":"<p style=\"text-align: justify;\">Dans un communiqu\u00e9, STOP (Stopping Tobacco Organizations and Products), un organisme mondial de surveillance de l\u2019industrie du tabac exhorte les gouvernements et la soci\u00e9t\u00e9 civile \u00e0 tenir l\u2019industrie du tabac comme responsable de l\u2019augmentation des risques sanitaires sur les personnes, et de la charge que leur activit\u00e9 a fait peser sur les syst\u00e8mes de sant\u00e9.<\/p>\n<p style=\"text-align: justify;\">Comme le souligne STOP, des \u00ab d\u00e9cennies de marketing et de vente de produits toxiques et addictifs ont contribu\u00e9 \u00e0 affaiblir la sant\u00e9 de millions de personnes \u00e0 travers le monde. Le co\u00fbt qui d\u00e9coule du traitement des maladies li\u00e9es au tabac place les syst\u00e8mes de sant\u00e9 sous une pression gigantesque \u00bb.<\/p>\n<p style=\"text-align: justify;\">Toutes les donn\u00e9es montrent que les fumeurs ont g\u00e9n\u00e9ralement plus de risques de contracter une infection pulmonaire comme la pneumonie, la grippe ou la tuberculose. Le tabagisme affaiblit \u00e9galement le syst\u00e8me immunitaire, et constitue l&rsquo;une des principales causes de maladies non transmissibles telles que les maladies cardiovasculaires, les maladies respiratoires chroniques et le cancer. Il est par ailleurs d\u00e9montr\u00e9 que les fumeurs ont davantage de risques de d\u00e9velopper une forme grave de COVID-19, pouvant entra\u00eener la mort.<\/p>\n<p style=\"text-align: justify;\">L\u2019Organisation Mondiale de la Sant\u00e9 (OMS) montre que l\u2019acte de fumer en lui-m\u00eame augmente les risques du fumeur de contracter le Coronavirus, en multipliant les contacts entre la main et la bouche.<\/p>\n<p style=\"text-align: justify;\">La part de responsabilit\u00e9 de l\u2019industrie du tabac est ind\u00e9niable. L\u2019OMS montrait d\u00e9j\u00e0 en 2017 que le co\u00fbt sanitaire du tabagisme dans le monde s\u2019\u00e9levait \u00e0 422 milliards de dollars<a href=\"#_ftn1\" name=\"_ftnref1\">[1]<\/a>. La crise de COVID-19, qui aura fragilis\u00e9 un certain nombre d\u2019\u00e9conomies, et mis les syst\u00e8mes de sant\u00e9 sous tension, va n\u00e9cessiter des financements colossaux.<\/p>\n<p style=\"text-align: justify;\">De cette fa\u00e7on, l\u2019organisme STOP appelle \u00e0 la mise en \u0153uvre des mesures suivantes :<\/p>\n<ul style=\"text-align: justify;\">\n<li>L\u2019augmentation des taxes sur le tabac. C\u2019est en effet le levier le plus efficace pour r\u00e9duire la pr\u00e9valence tabagique sur une population, \u00e0 commencer par les plus jeunes et les plus pr\u00e9caires. Aujourd\u2019hui, de nombreux pays offrent encore des produits du tabac \u00e0 un prix particuli\u00e8rement abordable,<\/li>\n<li>L\u2019engagement de la responsabilit\u00e9 administrative, civile et p\u00e9nale de l\u2019industrie du tabac par les pays Parties de la Convention Cadre de l\u2019OMS pour la Lutte AntiTabac (CCLAT). A ce titre, les cigarettiers doivent verser 205 milliards de dollars au gouvernement am\u00e9ricain.<\/li>\n<li>L\u2019augmentation du co\u00fbt de vente du tabac, notamment par l\u2019augmentation des frais de fabrication du tabac, de licence d&rsquo;importation, d&rsquo;enregistrement des produits, de licence de vente, des sanctions administratives, des frais annuels de surveillance.<\/li>\n<li>La suppression de traitements pr\u00e9f\u00e9rentiels, encore en vigueur dans certains pays (all\u00e8gements fiscaux, exon\u00e9rations, etc)<\/li>\n<\/ul>\n<p style=\"text-align: justify;\"><span style=\"color: #800080;\"><a style=\"color: #800080;\" href=\"https:\/\/www.generationsanstabac.org\/\">\u00a9G\u00e9n\u00e9ration Sans Tabac<\/a><\/span><\/p>\n<hr \/>\n<p style=\"text-align: justify;\">Source :<\/p>\n<p style=\"text-align: justify;\">Expose Tobacco, \u00ab As Costs Pile Up for COVID-19, Tobacco Companies Should Be Held Accountable for Smoking-Related Health Harms \u00bb, 8 juin 2020<\/p>\n<p style=\"text-align: justify;\"><a href=\"https:\/\/exposetobacco.org\/news\/stop-statement-covid-accountability\/\">https:\/\/exposetobacco.org\/news\/stop-statement-covid-accountability\/<\/a><\/p>\n<p style=\"text-align: justify;\"><a href=\"#_ftnref1\" name=\"_ftn1\">[1]<\/a> Cancer, \u00ab Diseases Linked to Smoking Cost the World $422 Billion in Health-related Expenses \u00bb, 31 janvier 2017<\/p>\n<p style=\"text-align: justify;\"><a href=\"https:\/\/www.cancer.org\/latest-news\/diseases-linked-to-smoking-cost-the-world-422-billion-in-health-related-expenses.html\">https:\/\/www.cancer.org\/latest-news\/diseases-linked-to-smoking-cost-the-world-422-billion-in-health-related-expenses.html<\/a><\/p>\n<p style=\"text-align: justify;\"><span style=\"color: #999999;\"><strong><a style=\"color: #999999;\" href=\"http:\/\/www.cnct.fr\/\" target=\"_blank\" rel=\"noopener noreferrer\">\u00a9Comit\u00e9 National Contre le Tabagisme |<\/a><\/strong><\/span><\/p>\n","protected":false},"excerpt":{"rendered":"<p>STOP exhorte les gouvernements et la soci\u00e9t\u00e9 civile \u00e0 tenir l\u2019industrie du tabac comme responsable de l\u2019augmentation des risques sanitaires<\/p>\n","protected":false},"featured_media":9833,"template":"","tags":[],"thematique":[499],"class_list":["post-19802","actualites","type-actualites","status-publish","has-post-thumbnail","hentry","thematique-lobby"],"acf":[],"_links":{"self":[{"href":"https:\/\/www.generationsanstabac.org\/fr\/wp-json\/wp\/v2\/actualites\/19802","targetHints":{"allow":["GET"]}}],"collection":[{"href":"https:\/\/www.generationsanstabac.org\/fr\/wp-json\/wp\/v2\/actualites"}],"about":[{"href":"https:\/\/www.generationsanstabac.org\/fr\/wp-json\/wp\/v2\/types\/actualites"}],"version-history":[{"count":0,"href":"https:\/\/www.generationsanstabac.org\/fr\/wp-json\/wp\/v2\/actualites\/19802\/revisions"}],"wp:featuredmedia":[{"embeddable":true,"href":"https:\/\/www.generationsanstabac.org\/fr\/wp-json\/wp\/v2\/media\/9833"}],"wp:attachment":[{"href":"https:\/\/www.generationsanstabac.org\/fr\/wp-json\/wp\/v2\/media?parent=19802"}],"wp:term":[{"taxonomy":"post_tag","embeddable":true,"href":"https:\/\/www.generationsanstabac.org\/fr\/wp-json\/wp\/v2\/tags?post=19802"},{"taxonomy":"thematique","embeddable":true,"href":"https:\/\/www.generationsanstabac.org\/fr\/wp-json\/wp\/v2\/thematique?post=19802"}],"curies":[{"name":"wp","href":"https:\/\/api.w.org\/{rel}","templated":true}]}}