{"id":19800,"date":"2020-06-10T16:09:20","date_gmt":"2020-06-10T14:09:20","guid":{"rendered":"https:\/\/www.generationsanstabac.org\/actualites\/bilan-positif-effets-confinement-sur-le-tabagisme-des-francais\/"},"modified":"2020-06-10T16:09:20","modified_gmt":"2020-06-10T14:09:20","slug":"bilan-positif-effets-confinement-sur-le-tabagisme-des-francais","status":"publish","type":"actualites","link":"https:\/\/www.generationsanstabac.org\/fr\/actualites\/bilan-positif-effets-confinement-sur-le-tabagisme-des-francais\/","title":{"rendered":"Bilan positif des effets du confinement sur le tabagisme des Fran\u00e7ais"},"content":{"rendered":"<p style=\"text-align: justify;\"><em>Afin de d\u00e9terminer l\u2019impact du confinement sur la pr\u00e9vention, sur les bonnes pratiques ainsi que sur les comportements \u00e0 risque en mati\u00e8re de Sant\u00e9, Odoxa et la FG2A, ont r\u00e9alis\u00e9 un sondage aupr\u00e8s d\u2019un \u00e9chantillon repr\u00e9sentatif de la population fran\u00e7aise de plus de 18 ans. Ils constatent notamment que la consommation de tabac a recul\u00e9 entre le d\u00e9but et la fin du confinement : un r\u00e9sultat qui donne espoir pour un mieux vivre ensemble d\u00e8s demain.<\/em><\/p>\n<h2 style=\"text-align: justify;\">L\u2019opinion des Fran\u00e7ais sur la pr\u00e9vention des risques li\u00e9s \u00e0 certains comportements<\/h2>\n<p style=\"text-align: justify;\">Sept comportements particuliers ont \u00e9t\u00e9 abord\u00e9s avec les 1 000 Fran\u00e7ais sond\u00e9s en mars dernier, parmi lesquels se trouvait la consommation de tabac. 84% des sond\u00e9s exprimaient alors se sentir bien inform\u00e9s sur les risques li\u00e9s \u00e0 ce comportement. Tout comportement confondu, 78% estimaient que leurs connaissances des risques s\u2019\u00e9tait am\u00e9lior\u00e9e. Enfin, sur le point particulier de la pr\u00e9vention, 58% se sentaient alors mal inform\u00e9s des risques par les industriels qui commercialisent ces produits. L\u2019action des pouvoirs publics \u00e9taient quant \u00e0 elle majoritairement jug\u00e9e insuffisante (61%).<\/p>\n<h2 style=\"text-align: justify;\">Un bilan post-confinement qui marque un recul de la consommation de tabac\u2026 durablement ?<\/h2>\n<p style=\"text-align: justify;\">Le premier temps du sondage r\u00e9alis\u00e9 les 12 et 13 mars chiffrait la consommation de tabac \u00e0 27%, parmi les sond\u00e9s. Les 13 et 14 mai, elle n\u2019\u00e9tait plus que de 23%. Un recul de 4 points peut donc \u00eatre observ\u00e9 dans la consommation de tabac et s\u2019expliquerait par la dimension sociale de ces comportements \u00e0 risque pour la sant\u00e9. L\u2019environnement social s\u2019impose ici comme une dimension significative du tabagisme.<br \/>\nSi le confinement a permis une r\u00e9duction des mauvaises habitudes, il a en outre rendu possible la d\u00e9couverte de nouvelles activit\u00e9s plus saines, \u00e0 l\u2019instar du sport ou de la m\u00e9ditation pour 1 Fran\u00e7ais sur 5. De plus, 79% des sond\u00e9s exprimaient leur intention d\u2019\u00eatre d\u00e9sormais plus attentifs \u00e0 la pr\u00e9vention et d\u2019\u00e9viter les comportements comportant des risques pour leur sant\u00e9, tel que le tabagisme.<br \/>\nPetit b\u00e9mol cependant, le confinement aura \u00e9galement relativis\u00e9 la perception des Fran\u00e7ais face \u00e0 la gravit\u00e9 des comportements \u00e0 risque : la perception du tabagisme comme \u00ab vraiment grave \u00bb a chut\u00e9 de 15 points.<\/p>\n<p style=\"text-align: justify;\"><span style=\"color: #666699;\"><a style=\"color: #666699;\" href=\"https:\/\/www.generationsanstabac.org\/\">\u00a9G\u00e9n\u00e9ration Sans Tabac<\/a><\/span><\/p>\n<hr \/>\n<p style=\"text-align: justify;\"><a href=\"http:\/\/www.odoxa.fr\/sondage\/barometre-sante-360-etude-europeenne-pratiques-connaissances-termes-de-sante\/\">http:\/\/www.odoxa.fr\/sondage\/barometre-sante-360-etude-europeenne-pratiques-connaissances-termes-de-sante\/<\/a><\/p>\n<p style=\"text-align: justify;\"><a href=\"https:\/\/sante.lefigaro.fr\/article\/le-confinement-a-finalement-eu-un-effet-positif-sur-les-habitudes-de-sante-des-francais\/\">https:\/\/sante.lefigaro.fr\/article\/le-confinement-a-finalement-eu-un-effet-positif-sur-les-habitudes-de-sante-des-francais\/<\/a><\/p>\n<p style=\"text-align: justify;\"><a href=\"https:\/\/uk.news.yahoo.com\/french-claim-social-isolation-helped-141259431.html\">https:\/\/uk.news.yahoo.com\/french-claim-social-isolation-helped-141259431.html<\/a><\/p>\n<p style=\"text-align: justify;\"><span style=\"color: #e8e8e8;\"><strong><a style=\"color: #e8e8e8;\" href=\"http:\/\/dnf.asso.fr\/\/\" target=\"_blank\" rel=\"noopener noreferrer\"> \u00a9DNF &#8211; Pour un Monde ZeroTabac |<\/a><\/strong><\/span><\/p>\n","protected":false},"excerpt":{"rendered":"<p>En France, la consommation de tabac a recul\u00e9 entre le d\u00e9but et la fin du confinement selon un sondage men\u00e9 par Odoxa et la FG2A.<\/p>\n","protected":false},"featured_media":19801,"template":"","tags":[],"thematique":[474],"class_list":["post-19800","actualites","type-actualites","status-publish","has-post-thumbnail","hentry","thematique-sante"],"acf":[],"_links":{"self":[{"href":"https:\/\/www.generationsanstabac.org\/fr\/wp-json\/wp\/v2\/actualites\/19800","targetHints":{"allow":["GET"]}}],"collection":[{"href":"https:\/\/www.generationsanstabac.org\/fr\/wp-json\/wp\/v2\/actualites"}],"about":[{"href":"https:\/\/www.generationsanstabac.org\/fr\/wp-json\/wp\/v2\/types\/actualites"}],"version-history":[{"count":0,"href":"https:\/\/www.generationsanstabac.org\/fr\/wp-json\/wp\/v2\/actualites\/19800\/revisions"}],"wp:featuredmedia":[{"embeddable":true,"href":"https:\/\/www.generationsanstabac.org\/fr\/wp-json\/wp\/v2\/media\/19801"}],"wp:attachment":[{"href":"https:\/\/www.generationsanstabac.org\/fr\/wp-json\/wp\/v2\/media?parent=19800"}],"wp:term":[{"taxonomy":"post_tag","embeddable":true,"href":"https:\/\/www.generationsanstabac.org\/fr\/wp-json\/wp\/v2\/tags?post=19800"},{"taxonomy":"thematique","embeddable":true,"href":"https:\/\/www.generationsanstabac.org\/fr\/wp-json\/wp\/v2\/thematique?post=19800"}],"curies":[{"name":"wp","href":"https:\/\/api.w.org\/{rel}","templated":true}]}}