{"id":19796,"date":"2020-06-10T12:27:21","date_gmt":"2020-06-10T10:27:21","guid":{"rendered":"https:\/\/www.generationsanstabac.org\/actualites\/inegalites-territoriales-du-tabagisme\/"},"modified":"2020-06-10T12:27:21","modified_gmt":"2020-06-10T10:27:21","slug":"inegalites-territoriales-du-tabagisme","status":"publish","type":"actualites","link":"https:\/\/www.generationsanstabac.org\/fr\/actualites\/inegalites-territoriales-du-tabagisme\/","title":{"rendered":"Les in\u00e9galit\u00e9s territoriales du tabagisme"},"content":{"rendered":"<p style=\"text-align: justify;\">Bonne nouvelle\u202f: entre 2016 et 2017, 1 million de Fran\u00e7ais ont arr\u00eat\u00e9 de fumer. Il semblerait donc quele Plan national de r\u00e9duction du tabagisme (PNRT)et les campagnes de pr\u00e9vention aient port\u00e9 leurs fruits. Cependant, une \u00e9tude de Sant\u00e9 Publique France (SPF) r\u00e9v\u00e8le que ce sevrage s\u2019est effectu\u00e9 de mani\u00e8re h\u00e9t\u00e9rog\u00e8ne selon les r\u00e9gions.<br \/>\nLa pr\u00e9valence tabagique quotidienne chez les 18-75 ans s\u2019\u00e9l\u00e8ve \u00e0 32%[1]. Cette moyenne nationale cache cependant de fortes disparit\u00e9s qui, lorsque l\u2019on regarde plus pr\u00e9cis\u00e9ment, s\u2019expliquent notamment par des marqueurs sociaux et g\u00e9ographiques.<\/p>\n<h2 style=\"text-align: justify;\">Une variabilit\u00e9 de la pr\u00e9valence tabagique selon les territoires<\/h2>\n<p style=\"text-align: justify;\">En France, les disparit\u00e9s r\u00e9gionales en mati\u00e8re de tabagisme sont ind\u00e9niables. Diverses \u00e9tudes men\u00e9es par l\u2019INSERM et l\u2019OFDT (Observatoire fran\u00e7ais des drogues et des toxicomanies) r\u00e9partissent m\u00eame les r\u00e9gions fran\u00e7aises selon trois cat\u00e9gories principales :<br \/>\n\u2022 Les r\u00e9gions dont la proportion de fumeurs quotidiens entre 18 et 75 ans est inf\u00e9rieure \u00e0 la moyenne nationale : l\u2019\u00cele-de-France (21,3%) et les Pays-de-la-Loire (23%) ;<\/p>\n<p style=\"text-align: justify;\">\u2022 Les r\u00e9gions proches de la moyenne nationale : Bretagne (26.5%), Normandie (25.6%), Centre-Val-de-Loire (28%), Bourgogne-Franche-Comt\u00e9 (28,6%), Auvergne-Rh\u00f4ne-Alpes (26.2%) et Nouvelle-Aquitaine (28.1%) ;<\/p>\n<p style=\"text-align: justify;\">\u2022 Les r\u00e9gions o\u00f9 la part de fumeurs quotidiens est sup\u00e9rieure \u00e0 la moyenne : Provence-Alpes-C\u00f4te-d\u2019Azur (32,2%), Occitanie (30,3%), Grand-Est (30,1%) et les Hauts-de-France (30,5%). Ces r\u00e9gions pr\u00e9sentent une incidence et une mortalit\u00e9 particuli\u00e8rement \u00e9lev\u00e9es li\u00e9es aux pathologies associ\u00e9es au tabac \u00e0 l\u2019instar du cancer des poumons.<\/p>\n<p style=\"text-align: justify;\">\u2022 Dans les DOM-TOM, except\u00e9 sur l\u2019\u00eele de la R\u00e9union, les taux de tabagisme sont plus faibles qu\u2019en m\u00e9tropole.<\/p>\n<h2 style=\"text-align: justify;\">Une variabilit\u00e9 au sein des territoires notamment marqu\u00e9e par des facteurs sociaux et g\u00e9ographiques<\/h2>\n<p style=\"text-align: justify;\">La part de fumeurs baisse \u00e0 mesure que le niveau de vie augmente. \u00ab\u202fLe tabagisme est socialement marqu\u00e9, on fume davantage quand on est dans une situation socio-\u00e9conomique d\u00e9favorable\u202f\u00bb, a expliqu\u00e9 \u00e0 l\u2019AFP Viet Nguyen Thanh, responsable de l\u2019unit\u00e9 addictions \u00e0 Sant\u00e9 publique France.<\/p>\n<p style=\"text-align: justify;\">En Bretagne, par exemple, 39,2% du premier tiers de la population aux revenus les moins \u00e9lev\u00e9s fume, contre 18,4% du troisi\u00e8me tiers. En outre, la part de fumeurs \u00e9volue \u00e9galement selon le degr\u00e9 d\u2019\u00e9tude des individus. Ainsi, en Occitanie, 33,2% des personnes non-dipl\u00f4m\u00e9es du baccalaur\u00e9at fument, contre moins du quart des individus dipl\u00f4m\u00e9s.<\/p>\n<p style=\"text-align: justify;\">Au regard de ces donn\u00e9es, la meilleure performance de l\u2019\u00cele-de-France pourrait donc s\u2019expliquer par le fait que le niveau socio-\u00e9conomique y est globalement plus \u00e9lev\u00e9 que dans les autres r\u00e9gions fran\u00e7aises.<\/p>\n<h2 style=\"text-align: justify;\">Le cas des r\u00e9gions frontali\u00e8res<\/h2>\n<p style=\"text-align: justify;\">Autre facteur jouant sur la pr\u00e9valence tabagique : la localisation et en particulier la localisation frontali\u00e8re. Les quatre r\u00e9gions o\u00f9 les habitants fument le plus ont effectivement des fronti\u00e8res communes avec des pays o\u00f9 le tabac y est vendu moins cher. <span data-contrast=\"auto\">Au vu des deux derniers facteurs \u00e9voqu\u00e9s, d<\/span><span data-contrast=\"auto\">es plans r\u00e9gionaux de lutte contre le tabagisme<\/span><span data-contrast=\"auto\">,<\/span><span data-contrast=\"auto\"> adapt\u00e9s aux sp\u00e9cificit\u00e9s de ces zones, pourraient probablement aider \u00e0 uniformiser <\/span><span data-contrast=\"auto\">l<\/span><span data-contrast=\"auto\">es chiffres. Un nouveau barom\u00e8tre est pr\u00e9vu par Sant\u00e9 Publique France pour 2020. <\/span><span data-ccp-props=\"{&quot;335551550&quot;:6,&quot;335551620&quot;:6}\"> <\/span><\/p>\n<p style=\"text-align: justify;\">Il convient de circonscrire ces disparit\u00e9s r\u00e9gionales dans un contexte de baisse \u00e0 l\u2019\u00e9chelle nationale. Sous l\u2019effet de politiques de sant\u00e9 publiques soutenues et d\u2019initiatives de la soci\u00e9t\u00e9 civile, le tabagisme est bel et bien en recul, en France.<\/p>\n<h2 style=\"text-align: justify;\">Tabagisme intensif\u202f: le combat continue<\/h2>\n<p style=\"text-align: justify;\"><span data-contrast=\"auto\">Le tabagisme est consid\u00e9r\u00e9 comme intensif \u00e0 partir de 10 cigarettes par jour<\/span><span data-contrast=\"auto\">. <\/span><span data-contrast=\"auto\">Or, l\u2019\u00e9tude a \u00e9galement montr\u00e9 qu\u2019e<\/span><span data-contrast=\"auto\">n 2017, parmi les fumeurs quotidiens, 66,8 % fumaient de fa\u00e7on intensive. Des chiffres alarmants quand on conna\u00eet les risques de pathologies li\u00e9es \u00e0 cette pratique.<\/span><span data-ccp-props=\"{&quot;335551550&quot;:6,&quot;335551620&quot;:6}\"> <\/span><\/p>\n<h2 style=\"text-align: justify;\">Tabagisme et grossesse\u202f: des chiffres toujours trop haut<\/h2>\n<p style=\"text-align: justify;\"><span data-contrast=\"auto\">Sant\u00e9 Publique France alerte <\/span><span data-contrast=\"auto\">aussi<\/span><span data-contrast=\"auto\"> sur la persistance du tabagisme avant et au cours de la grossesse. Ainsi, en 2016, la pr\u00e9valence de la consommation de tabac \u00e9tait encore estim\u00e9e \u00e0 16,2 %<\/span><span data-contrast=\"auto\">. Les risques pour le f\u0153tus et le nourrisson sont pourtant consid\u00e9rables, et les campagnes d\u2019information doivent donc se poursuivre intens\u00e9ment. <\/span><span data-ccp-props=\"{&quot;335551550&quot;:6,&quot;335551620&quot;:6}\"> <\/span><\/p>\n<p style=\"text-align: justify;\"><span style=\"color: #666699;\"><a style=\"color: #666699;\" href=\"https:\/\/www.generationsanstabac.org\/\">\u00a9G\u00e9n\u00e9ration Sans Tabac<\/a><\/span><\/p>\n<hr \/>\n<p style=\"text-align: justify;\">[1] Sant\u00e9 Publique France. Bulletin \u00e9pid\u00e9miologique hebdomadaire n\u00b015, 28 Mai<\/p>\n<p style=\"text-align: justify;\">[i] <a href=\"https:\/\/www.lefigaro.fr\/conso\/2019\/01\/29\/20010-20190129ARTFIG00150-tabac-quelles-sont-les-regions-o-l-on-fume-le-plus.php\">https:\/\/www.lefigaro.fr\/conso\/2019\/01\/29\/20010-20190129ARTFIG00150-tabac-quelles-sont-les-regions-o-l-on-fume-le-plus.php<\/a><\/p>\n<p style=\"text-align: justify;\">[i] <a href=\"https:\/\/sante.journaldesfemmes.fr\/quotidien\/2440708-tabac-fumeurs-regions-barometre-sante-publique-france\">https:\/\/sante.journaldesfemmes.fr\/quotidien\/2440708-tabac-fumeurs-regions-barometre-sante-publique-france<\/a><\/p>\n<p style=\"text-align: justify;\">[i] \u00ab\u00a0Tabagisme et grossesse : de nombreux risques pour l\u2019enfant \u00e0 na\u00eetre\u00a0\u00bb<br \/>\n<a href=\"https:\/\/www.generationsanstabac.org\/actualites\/tabagisme-et-grossesse-de-nombreux-risques-pour-lenfant-a-naitre\/\">https:\/\/www.generationsanstabac.org\/actualites\/tabagisme-et-grossesse-de-nombreux-risques-pour-lenfant-a-naitre\/<\/a><\/p>\n<p style=\"text-align: justify;\">[i] \u00ab\u00a0L\u2019influence du tabagisme sur les enfants \u00e0 na\u00eetre\u00a0\u00bb<br \/>\n<a href=\"https:\/\/www.generationsanstabac.org\/actualites\/influence-tabagisme-enfants-naitre\/\">https:\/\/www.generationsanstabac.org\/actualites\/influence-tabagisme-enfants-naitre\/<\/a><\/p>\n<p style=\"text-align: justify;\"><span data-contrast=\"auto\">Dora Laty, 29 janvier 2019, <a href=\"http:\/\/www.doctissimo.fr\">www.doctissimo.fr<\/a><br \/>\n<a href=\"https:\/\/www.doctissimo.fr\/sante\/arreter-de-fumer\/lutter-contre-le-tabagisme\/tabagisme-en-baisse-avec-d-importantes-disparites-regionales\">https:\/\/www.doctissimo.fr\/sante\/arreter-de-fumer\/lutter-contre-le-tabagisme\/tabagisme-en-baisse-avec-d-importantes-disparites-regionales<\/a><\/span><span data-ccp-props=\"{&quot;335551550&quot;:6,&quot;335551620&quot;:6}\"> <\/span><\/p>\n<p style=\"text-align: justify;\"><span style=\"color: #e8e8e8;\"><strong><a style=\"color: #e8e8e8;\" href=\"http:\/\/dnf.asso.fr\/\/\" target=\"_blank\" rel=\"noopener noreferrer\"> \u00a9DNF &#8211; Pour un Monde ZeroTabac |<\/a><\/strong><\/span><\/p>\n","protected":false},"excerpt":{"rendered":"<p>En France, la pr\u00e9valence tabagique quotidienne chez les 18-75 ans s\u2019\u00e9l\u00e8ve \u00e0 32%. Cependant de fortes disparit\u00e9s s\u2019expliquent notamment par des in\u00e9galit\u00e9s.<\/p>\n","protected":false},"featured_media":15179,"template":"","tags":[],"thematique":[474],"class_list":["post-19796","actualites","type-actualites","status-publish","has-post-thumbnail","hentry","thematique-sante"],"acf":[],"_links":{"self":[{"href":"https:\/\/www.generationsanstabac.org\/fr\/wp-json\/wp\/v2\/actualites\/19796","targetHints":{"allow":["GET"]}}],"collection":[{"href":"https:\/\/www.generationsanstabac.org\/fr\/wp-json\/wp\/v2\/actualites"}],"about":[{"href":"https:\/\/www.generationsanstabac.org\/fr\/wp-json\/wp\/v2\/types\/actualites"}],"version-history":[{"count":0,"href":"https:\/\/www.generationsanstabac.org\/fr\/wp-json\/wp\/v2\/actualites\/19796\/revisions"}],"wp:featuredmedia":[{"embeddable":true,"href":"https:\/\/www.generationsanstabac.org\/fr\/wp-json\/wp\/v2\/media\/15179"}],"wp:attachment":[{"href":"https:\/\/www.generationsanstabac.org\/fr\/wp-json\/wp\/v2\/media?parent=19796"}],"wp:term":[{"taxonomy":"post_tag","embeddable":true,"href":"https:\/\/www.generationsanstabac.org\/fr\/wp-json\/wp\/v2\/tags?post=19796"},{"taxonomy":"thematique","embeddable":true,"href":"https:\/\/www.generationsanstabac.org\/fr\/wp-json\/wp\/v2\/thematique?post=19796"}],"curies":[{"name":"wp","href":"https:\/\/api.w.org\/{rel}","templated":true}]}}