{"id":19795,"date":"2020-06-09T14:24:50","date_gmt":"2020-06-09T12:24:50","guid":{"rendered":"https:\/\/www.generationsanstabac.org\/actualites\/schizophrenie-depression-tabac-cause\/"},"modified":"2020-06-09T14:24:50","modified_gmt":"2020-06-09T12:24:50","slug":"schizophrenie-depression-tabac-cause","status":"publish","type":"actualites","link":"https:\/\/www.generationsanstabac.org\/fr\/actualites\/schizophrenie-depression-tabac-cause\/","title":{"rendered":"Schizophr\u00e9nie, d\u00e9pression\u202f: le tabac en cause\u202f?"},"content":{"rendered":"<p style=\"text-align: justify;\"><em>Les effets n\u00e9fastes du tabagisme sur notre organisme sont fort nombreux\u202f: cancers, maladies cardio-vasculaires ou respiratoires, diab\u00e8te de type 2, etc. Mais la consommation de tabac doublerait \u00e9galement le risque de schizophr\u00e9nie ou de d\u00e9pression. Ces chiffres alarmants sont issus d\u2019une \u00e9tude men\u00e9e des g\u00e9n\u00e9ticiens britanniques et parue dans Psychological Medecine<\/em><a href=\"https:\/\/www.cambridge.org\/core\/journals\/psychological-medicine\/article\/evidence-for-causal-effects-of-lifetime-smoking-on-risk-for-depression-and-schizophrenia-a-mendelian-randomisation-study\/AA82945360EC59FEC4331A7A567309C9\/core-reader#\">[1]<\/a>.<\/p>\n<h2 style=\"text-align: justify;\">Des r\u00e9sultats qui interpellent<\/h2>\n<p style=\"text-align: justify;\">L\u2019\u00e9tude se base sur l\u2019analyse de l\u2019ADN de pr\u00e8s de 500\u202f000 britanniques. Il est apparu que\u202f:<\/p>\n<p style=\"text-align: justify;\">&#8211; les personnes touch\u00e9es par la schizophr\u00e9nie ou la d\u00e9pression fumaient plus r\u00e9guli\u00e8rement que les autres participants,<\/p>\n<p style=\"text-align: justify;\">&#8211; les sujets d\u00e9pendants au tabac souffraient deux fois plus souvent de schizophr\u00e9nie ou de d\u00e9pression que les non-fumeurs de l\u2019\u00e9tude.<\/p>\n<p style=\"text-align: justify;\">Des r\u00e9sultats qui interpellent<\/p>\n<p style=\"text-align: justify;\">L\u2019\u00e9tude se base sur l\u2019analyse de l\u2019ADN de pr\u00e8s de 500\u202f000 britanniques. Il est apparu que\u202f:<\/p>\n<p style=\"text-align: justify;\">&#8211; les personnes touch\u00e9es par la schizophr\u00e9nie ou la d\u00e9pression fumaient plus r\u00e9guli\u00e8rement que les autres participants,<\/p>\n<p style=\"text-align: justify;\">&#8211; les sujets d\u00e9pendants au tabac souffraient deux fois plus souvent de schizophr\u00e9nie ou de d\u00e9pression que les non-fumeurs de l\u2019\u00e9tude.<\/p>\n<h2 style=\"text-align: justify;\">Des neurotransmetteurs perturb\u00e9s<\/h2>\n<p style=\"text-align: justify;\">Ces constats pourraient trouver leurs origines dans les dysfonctionnements de la s\u00e9rotonine et de la dopamine que peut engendrer la nicotine. Couramment surnomm\u00e9e \u00ab\u202fhormone du bonheur, la s\u00e9rotonine joue un effet un r\u00f4le primordial dans notre sant\u00e9 mentale. Ainsi, un taux bas de s\u00e9rotonine chez un sujet peut induire un \u00e9tat d\u00e9pressif.<\/p>\n<p style=\"text-align: justify;\">La dopamine, connue comme \u00ab\u202fhormone du d\u00e9sir\u202f\u00bb, impacte l\u2019humeur, la motivation, la recherche du plaisir. Une baisse importante de dopamine est susceptible d\u2019entra\u00eener des d\u00e9pressions, une baisse de vigilance et d\u2019attention, un manque d\u2019int\u00e9r\u00eat pour des activit\u00e9s auparavant appr\u00e9ci\u00e9es, etc.<\/p>\n<h2 style=\"text-align: justify;\">Une relation de cause \u00e0 effet, mais dans quel sens \u202f?<\/h2>\n<p style=\"text-align: justify;\">Si fumer peut entra\u00eener des maladies mentales, souffrir de schizophr\u00e9nie ou de d\u00e9pression peut-il pr\u00e9disposer au tabagisme\u202f? Selon l\u2019\u00e9tude britannique, les deux sont possibles. La m\u00eame \u00e9quipe avait d\u00e9j\u00e0 mis en \u00e9vidence un lien entre tabagisme et troubles bipolaires, via une \u00e9tude parue dans le <em>British Journal of Psychiatry<\/em>. Ils alertent sur le fait que \u00ab\u202fnon seulement (\u2026) le tabagisme peut nuire \u00e0 la sant\u00e9 mentale, mais une grande partie de la surmortalit\u00e9 li\u00e9e \u00e0 la maladie mentale est due au tabagisme\u202f\u00bb.<\/p>\n<p style=\"text-align: justify;\">Les fumeurs r\u00e9guliers souffrant de maladies mentales devraient donc rapidement faire l\u2019objet d\u2019une prise en charge sp\u00e9cifique.<\/p>\n<p style=\"text-align: justify;\"><span style=\"color: #666699;\"><a style=\"color: #666699;\" href=\"https:\/\/www.generationsanstabac.org\/\">\u00a9G\u00e9n\u00e9ration Sans Tabac<\/a><\/span><\/p>\n<hr \/>\n<p style=\"text-align: justify;\">\u00c0 lire \u00e9galement :<\/p>\n<p style=\"text-align: justify;\">[i] \u00ab\u00a0Tabac et maladies psychiatriques, une relation toxique\u00a0\u00bb <a href=\"https:\/\/www.generationsanstabac.org\/actualites\/tabac-et-maladies-psychiatriques-une-relation-toxique\/\">https:\/\/www.generationsanstabac.org\/actualites\/tabac-et-maladies-psychiatriques-une-relation-toxique\/<\/a><\/p>\n<p style=\"text-align: justify;\">[1] \u00ab\u202fEvidence for causal effects of lifetime smoking on risk for depression and schizophrenia: a Mendelian randomisation study \u00bb, www.cambridge.org<br \/>\n<a href=\"https:\/\/www.cambridge.org\/core\/journals\/psychological-medicine\/article\/evidence-for-causal-effects-of-lifetime-smoking-on-risk-for-depression-and-schizophrenia-a-mendelian-randomisation-study\/AA82945360EC59FEC4331A7A567309C9\/core-reader#\">https:\/\/www.cambridge.org\/core\/journals\/psychological-medicine\/article\/evidence-for-causal-effects-of-lifetime-smoking-on-risk-for-depression-and-schizophrenia-a-mendelian-randomisation-study\/AA82945360EC59FEC4331A7A567309C9\/core-reader#<\/a><\/p>\n<p style=\"text-align: justify;\">\u00ab\u202fLe tabagisme serait responsable de schizophr\u00e9nie et de la d\u00e9pression\u202f\u00bb, Sputnik, 6 novembre 2019 <a href=\"https:\/\/fr.sputniknews.com\/sci_tech\/201911061042378789-le-tabagisme-serait-responsable-de-la-schizophrenie-et-de-la-depression\/\">https:\/\/fr.sputniknews.com\/sci_tech\/201911061042378789-le-tabagisme-serait-responsable-de-la-schizophrenie-et-de-la-depression\/<\/a><\/p>\n<p style=\"text-align: justify;\">\u00ab\u202fLe tabagisme favoriserait la schizophr\u00e9nie et la d\u00e9pression\u202f\u00bb,<br \/>\n<a href=\"http:\/\/www.santemagazine.fr, 8 novembre 2019, https:\/\/www.santemagazine.fr\/actualites\/actualites-sante\/le-tabagisme-favoriserait-la-schizophrenie-et-la-depression-428262\">www.santemagazine.fr, 8 novembre 2019, https:\/\/www.santemagazine.fr\/actualites\/actualites-sante\/le-tabagisme-favoriserait-la-schizophrenie-et-la-depression-428262<\/a><\/p>\n<p style=\"text-align: justify;\"><span style=\"color: #e8e8e8;\"><strong><a style=\"color: #e8e8e8;\" href=\"http:\/\/dnf.asso.fr\/\/\" target=\"_blank\" rel=\"noopener noreferrer\"> \u00a9DNF &#8211; Pour un Monde ZeroTabac |<\/a><\/strong><\/span><\/p>\n","protected":false},"excerpt":{"rendered":"<p>Les effets n\u00e9fastes du tabagisme sur notre organisme sont fort nombreux. Sa consommation doublerait \u00e9galement le risque de schizophr\u00e9nie ou de d\u00e9pression.<\/p>\n","protected":false},"featured_media":19600,"template":"","tags":[],"thematique":[474],"class_list":["post-19795","actualites","type-actualites","status-publish","has-post-thumbnail","hentry","thematique-sante"],"acf":[],"_links":{"self":[{"href":"https:\/\/www.generationsanstabac.org\/fr\/wp-json\/wp\/v2\/actualites\/19795","targetHints":{"allow":["GET"]}}],"collection":[{"href":"https:\/\/www.generationsanstabac.org\/fr\/wp-json\/wp\/v2\/actualites"}],"about":[{"href":"https:\/\/www.generationsanstabac.org\/fr\/wp-json\/wp\/v2\/types\/actualites"}],"version-history":[{"count":0,"href":"https:\/\/www.generationsanstabac.org\/fr\/wp-json\/wp\/v2\/actualites\/19795\/revisions"}],"wp:featuredmedia":[{"embeddable":true,"href":"https:\/\/www.generationsanstabac.org\/fr\/wp-json\/wp\/v2\/media\/19600"}],"wp:attachment":[{"href":"https:\/\/www.generationsanstabac.org\/fr\/wp-json\/wp\/v2\/media?parent=19795"}],"wp:term":[{"taxonomy":"post_tag","embeddable":true,"href":"https:\/\/www.generationsanstabac.org\/fr\/wp-json\/wp\/v2\/tags?post=19795"},{"taxonomy":"thematique","embeddable":true,"href":"https:\/\/www.generationsanstabac.org\/fr\/wp-json\/wp\/v2\/thematique?post=19795"}],"curies":[{"name":"wp","href":"https:\/\/api.w.org\/{rel}","templated":true}]}}