{"id":19794,"date":"2020-06-09T13:35:58","date_gmt":"2020-06-09T11:35:58","guid":{"rendered":"https:\/\/www.generationsanstabac.org\/actualites\/fribrillation-atriale-comment-le-tabagisme-passif-touche-coeur-enfants\/"},"modified":"2020-06-09T13:35:58","modified_gmt":"2020-06-09T11:35:58","slug":"fribrillation-atriale-comment-le-tabagisme-passif-touche-coeur-enfants","status":"publish","type":"actualites","link":"https:\/\/www.generationsanstabac.org\/fr\/actualites\/fribrillation-atriale-comment-le-tabagisme-passif-touche-coeur-enfants\/","title":{"rendered":"Fibrillation atriale\u202f: comment le tabagisme passif touche aussi le c\u0153ur des enfants"},"content":{"rendered":"<p style=\"text-align: justify;\"><em>Les m\u00e9faits du tabagisme passif sont aujourd\u2019hui prouv\u00e9s et connus. Une \u00e9tude am\u00e9ricaine, qui a suivi 5 124 enfants \u00e2g\u00e9s de moins de 18 ans entre 1971 et 2014, d\u00e9montre aujourd\u2019hui que cette pratique touche le c\u0153ur des plus jeunes.<\/em><\/p>\n<h2 style=\"text-align: justify;\">Une arythmie tr\u00e8s fr\u00e9quente aux \u00c9tats-Unis<\/h2>\n<p style=\"text-align: justify;\">La fibrillation atriale, \u00e9galement appel\u00e9e \u00ab\u202ffibrillation auriculaire\u202f\u00bb, est marqu\u00e9e par une fr\u00e9quence cardiaque irr\u00e9guli\u00e8re, souvent tr\u00e8s rapide. Dans 7 % des cas, cette arythmie est due \u00e0 la consommation de tabac. C\u2019est ainsi le trouble du rythme cardiaque le plus fr\u00e9quent aux \u00c9tats-Unis, o\u00f9 14 % de la population fume encore dans l\u2019espace public. Elle devrait d\u2019ailleurs toucher 16 millions d\u2019Am\u00e9ricains d\u2019ici 2050. La fibrillation atriale peut provoquer des palpitations, de la fatigue, de l\u2019essoufflement. L\u2019\u00e9tude men\u00e9e sur place montre en outre que parmi les enfants de fumeurs expos\u00e9s au tabagisme passif observ\u00e9s, 14,3 % pr\u00e9sentaient une fibrillation atriale une fois adultes.<\/p>\n<p style=\"text-align: justify;\">Dans l\u2019Union europ\u00e9enne, ce sont 14 \u00e0 17 millions de personnes qui devraient \u00eatre touch\u00e9es par la fibrillation atriale d\u2019ici 2030.<\/p>\n<p style=\"text-align: justify;\">Les chiffres sont parlants\u202f: le risque de fibrillation auriculaire augmente de 14 % pour chaque lot de 10 cigarettes fum\u00e9es par jour, ce risque grandissant avec chaque cigarette suppl\u00e9mentaire.<\/p>\n<h2 style=\"text-align: justify;\">La France concern\u00e9e\u202f ?<\/h2>\n<p style=\"text-align: justify;\">En France, la fibrillation atriale concerne aujourd\u2019hui 1 % de la population. Mais lorsque l\u2019on sait que 32 % de Fran\u00e7ais sont fumeurs, et qu\u2019un quart de ces personnes fume quotidiennement, il convient de s\u2019inqui\u00e9ter sur le nombre de cas de fibrillations atriales qui pourraient \u00eatre observ\u00e9s dans notre pays si nous menions une \u00e9tude semblable aux recherches am\u00e9ricaines.<\/p>\n<p style=\"text-align: justify;\"><span style=\"color: #666699;\"><a style=\"color: #666699;\" href=\"https:\/\/www.generationsanstabac.org\/\">\u00a9G\u00e9n\u00e9ration Sans Tabac<\/a><\/span><\/p>\n<hr \/>\n<p style=\"text-align: justify;\">Laura Bourgault (Destination Sant\u00e9), \u00ab\u202fLe tabagisme passif atteint le c\u0153ur des enfants\u202f\u00bb, www.ledauphine.com, 18 octobre 2019, <a href=\"https:\/\/www.ledauphine.com\/magazine-sante\/2019\/10\/18\/le-tabagisme-passif-atteint-le-coeur-des-enfants\">https:\/\/www.ledauphine.com\/magazine-sante\/2019\/10\/18\/le-tabagisme-passif-atteint-le-coeur-des-enfants<\/a><\/p>\n<p style=\"text-align: justify;\">\u00ab\u202fFibrillation et tabagisme\u202f: plus on fume, plus le c\u0153ur palpite\u202f\u00bb, 3 ao\u00fbt 2018,<br \/>\n<a href=\"http:\/\/www.santelog.com, https:\/\/www.santelog.com\/actualites\/fibrillation-et-tabagisme-plus-fume-plus-le-coeur-palpite\">www.santelog.com, https:\/\/www.santelog.com\/actualites\/fibrillation-et-tabagisme-plus-fume-plus-le-coeur-palpite<\/a><\/p>\n<p style=\"text-align: justify;\">European Journal of Preventive Cardiology 2018 DOI: 10.1177\/2047487318780435.<br \/>\n<a href=\"https:\/\/www.ncbi.nlm.nih.gov\/pmc\/articles\/PMC5995997\/\">Tobacco smoking and the risk of atrial fibrillation: A systematic review and meta-analysis of prospective studies<\/a><\/p>\n<p style=\"text-align: justify;\">European Heart Journal 2016 &#8211; <a href=\"https:\/\/academic.oup.com\/eurheartj\/article\/37\/29\/2315\/1748952\">European Guidelines on cardiovascular disease prevention in clinical practice.<\/a><\/p>\n<p style=\"text-align: justify;\">European Heart Journal 2016 &#8211; <a href=\"https:\/\/academic.oup.com\/eurheartj\/article\/37\/38\/2893\/2334964\">ESC Guidelines for the management of atrial fibrillation developed in collaboration with<\/a><\/p>\n<p style=\"text-align: justify;\"><span style=\"color: #e8e8e8;\"><strong><a style=\"color: #e8e8e8;\" href=\"http:\/\/dnf.asso.fr\/\/\" target=\"_blank\" rel=\"noopener noreferrer\"> \u00a9DNF &#8211; Pour un Monde ZeroTabac |<\/a><\/strong><\/span><\/p>\n","protected":false},"excerpt":{"rendered":"<p>Les m\u00e9faits du tabagisme passif sont aujourd\u2019hui connus. Une \u00e9tude am\u00e9ricaine d\u00e9montre aujourd\u2019hui que cette pratique touche le c\u0153ur des plus jeunes.<\/p>\n","protected":false},"featured_media":19476,"template":"","tags":[],"thematique":[474],"class_list":["post-19794","actualites","type-actualites","status-publish","has-post-thumbnail","hentry","thematique-sante"],"acf":[],"_links":{"self":[{"href":"https:\/\/www.generationsanstabac.org\/fr\/wp-json\/wp\/v2\/actualites\/19794","targetHints":{"allow":["GET"]}}],"collection":[{"href":"https:\/\/www.generationsanstabac.org\/fr\/wp-json\/wp\/v2\/actualites"}],"about":[{"href":"https:\/\/www.generationsanstabac.org\/fr\/wp-json\/wp\/v2\/types\/actualites"}],"version-history":[{"count":0,"href":"https:\/\/www.generationsanstabac.org\/fr\/wp-json\/wp\/v2\/actualites\/19794\/revisions"}],"wp:featuredmedia":[{"embeddable":true,"href":"https:\/\/www.generationsanstabac.org\/fr\/wp-json\/wp\/v2\/media\/19476"}],"wp:attachment":[{"href":"https:\/\/www.generationsanstabac.org\/fr\/wp-json\/wp\/v2\/media?parent=19794"}],"wp:term":[{"taxonomy":"post_tag","embeddable":true,"href":"https:\/\/www.generationsanstabac.org\/fr\/wp-json\/wp\/v2\/tags?post=19794"},{"taxonomy":"thematique","embeddable":true,"href":"https:\/\/www.generationsanstabac.org\/fr\/wp-json\/wp\/v2\/thematique?post=19794"}],"curies":[{"name":"wp","href":"https:\/\/api.w.org\/{rel}","templated":true}]}}