{"id":19788,"date":"2020-06-09T07:44:42","date_gmt":"2020-06-09T05:44:42","guid":{"rendered":"https:\/\/www.generationsanstabac.org\/actualites\/emirats-arabes-unis-lindustrie-du-tabac-obtient-un-delai-pour-les-narguiles-et-le-tabac-a-chauffer\/"},"modified":"2020-06-09T07:44:42","modified_gmt":"2020-06-09T05:44:42","slug":"emirats-arabes-unis-lindustrie-du-tabac-obtient-un-delai-pour-les-narguiles-et-le-tabac-a-chauffer","status":"publish","type":"actualites","link":"https:\/\/www.generationsanstabac.org\/fr\/actualites\/emirats-arabes-unis-lindustrie-du-tabac-obtient-un-delai-pour-les-narguiles-et-le-tabac-a-chauffer\/","title":{"rendered":"Emirats Arabes Unis : l\u2019industrie du tabac obtient un d\u00e9lai pour les narguil\u00e9s et le tabac \u00e0 chauffer"},"content":{"rendered":"<p style=\"text-align: justify;\">L\u2019Autorit\u00e9 Fiscale F\u00e9d\u00e9rale (AFF) des \u00c9mirats Arabes Unis a d\u00e9cid\u00e9 de reporter au 1<sup>er<\/sup> janvier 2021 la mise en \u0153uvre de l\u2019interdiction de vente, de stockage et de possession de tabac \u00e0 chichas et de tabac \u00e0 chauffer ne comportant pas de timbre fiscal num\u00e9rique<a href=\"#_ftn1\" name=\"_ftnref1\">[1]<\/a>.<\/p>\n<p style=\"text-align: justify;\">Les timbres fiscaux num\u00e9riques permettent un tra\u00e7age num\u00e9rique des produits du tabac, \u00e0 partir de l&rsquo;usine de fabrication jusqu&rsquo;\u00e0 leur vente au d\u00e9tail, garantissant en principe un respect des normes de production, et des obligations en mati\u00e8re fiscale.<\/p>\n<p style=\"text-align: justify;\">L\u2019interdiction, qui devait en effet entrer en vigueur d\u00e8s le 1er juin 2020 aux \u00c9mirats Arabes Unis, s\u2019est vue accorder une prolongation de sept mois, afin de permettre une meilleure pr\u00e9paration de la mise en place de cette interdiction, selon le directeur g\u00e9n\u00e9ral de l\u2019AFF, Khaled Ali Al Bustani.<\/p>\n<p style=\"text-align: justify;\">Cependant, cette d\u00e9cision r\u00e9pond surtout aux demandes exprim\u00e9es par l\u2019industrie du tabac et ses alli\u00e9s, suite aux contraintes et aux r\u00e9glementations exceptionnelles appliqu\u00e9es lors de la pand\u00e9mie de COVID-19. Les cigarettiers mentionnent notamment l\u2019existence de stocks de tabac \u00e0 chichas et de tabac \u00e0 chauffer en raison de la fermeture de bars et de restaurants.<\/p>\n<p style=\"text-align: justify;\">D\u2019autres illustrations soulignent que l\u2019industrie du tabac profite du contexte de crise sanitaire pour faire avancer ses int\u00e9r\u00eats, qu\u2019il s\u2019agisse <a href=\"https:\/\/www.generationsanstabac.org\/actualites\/observatoire-de-lindustrie-du-tabac-face-a-la-pandemie-de-covid-19\/\">d\u2019op\u00e9rations de promotion des nouveaux produits du tabac<\/a> aupr\u00e8s des jeunes g\u00e9n\u00e9rations, <a href=\"https:\/\/www.generationsanstabac.org\/actualites\/lingerence-de-lindustrie-du-tabac-dans-la-sante-et-les-medias-en-georgie\/\">d\u2019op\u00e9rations destin\u00e9es \u00e0 redorer son image<\/a> en essayant de faire passer les cigarettiers pour des acteurs sociaux responsables et l\u00e9gitimes sur les questions sanitaires, ou, ici, de pressions sur les pouvoirs publics pour retarder ou bloquer les r\u00e9glementations sur le tabac.<\/p>\n<p style=\"text-align: justify;\">En avril 2020, la Conf\u00e9d\u00e9ration europ\u00e9enne des D\u00e9taillants de Tabac (CEDT), copr\u00e9sid\u00e9e par Philippe Coy (pr\u00e9sident actuel de la Conf\u00e9d\u00e9ration des Buralistes) avait adress\u00e9 en avril 2020 un courrier \u00e0 la Direction G\u00e9n\u00e9rale de la Sant\u00e9 de la Commission europ\u00e9enne, dans le but d\u2019obtenir un d\u00e9lai suppl\u00e9mentaire pour l\u2019interdiction de vente des cigarettes et tabac \u00e0 rouler menthol\u00e9s, pr\u00e9textant que la situation de confinement ne permettrait pas d\u2019\u00e9couler les stocks des buralistes. Cette demande a \u00e9t\u00e9 refus\u00e9e.<\/p>\n<p style=\"text-align: justify;\"><a href=\"https:\/\/www.generationsanstabac.org\/\">\u00a9G\u00e9n\u00e9ration Sans Tabac<\/a><\/p>\n<hr \/>\n<p style=\"text-align: justify;\"><a href=\"#_ftnref1\" name=\"_ftn1\">[1]<\/a> Gulf Busines, \u00ab <em>UAE defers ban on e-cigarettes, water pipe tobacco products without \u2018digital tax stamps<\/em>\u2019 \u00bb, 26 mai 2020<br \/>\n<a href=\"https:\/\/gulfbusiness.com\/uae-defers-ban-on-e-cigarettes-water-pipe-tobacco-products-without-digital-tax-stamps\/\">https:\/\/gulfbusiness.com\/uae-defers-ban-on-e-cigarettes-water-pipe-tobacco-products-without-digital-tax-stamps\/<\/a><\/p>\n<p style=\"text-align: justify;\"><span style=\"color: #999999;\"><strong><a style=\"color: #999999;\" href=\"http:\/\/www.cnct.fr\/\" target=\"_blank\" rel=\"noopener noreferrer\">\u00a9Comit\u00e9 National Contre le Tabagisme |<\/a><\/strong><\/span><\/p>\n","protected":false},"excerpt":{"rendered":"<p>Emirats Arabes Unis : l\u2019industrie du tabac obtient un d\u00e9lai pour les narguil\u00e9s et le tabac \u00e0 chauffer ne comportant pas de timbre fiscal num\u00e9rique<\/p>\n","protected":false},"featured_media":19789,"template":"","tags":[],"thematique":[499],"class_list":["post-19788","actualites","type-actualites","status-publish","has-post-thumbnail","hentry","thematique-lobby"],"acf":[],"_links":{"self":[{"href":"https:\/\/www.generationsanstabac.org\/fr\/wp-json\/wp\/v2\/actualites\/19788","targetHints":{"allow":["GET"]}}],"collection":[{"href":"https:\/\/www.generationsanstabac.org\/fr\/wp-json\/wp\/v2\/actualites"}],"about":[{"href":"https:\/\/www.generationsanstabac.org\/fr\/wp-json\/wp\/v2\/types\/actualites"}],"version-history":[{"count":0,"href":"https:\/\/www.generationsanstabac.org\/fr\/wp-json\/wp\/v2\/actualites\/19788\/revisions"}],"wp:featuredmedia":[{"embeddable":true,"href":"https:\/\/www.generationsanstabac.org\/fr\/wp-json\/wp\/v2\/media\/19789"}],"wp:attachment":[{"href":"https:\/\/www.generationsanstabac.org\/fr\/wp-json\/wp\/v2\/media?parent=19788"}],"wp:term":[{"taxonomy":"post_tag","embeddable":true,"href":"https:\/\/www.generationsanstabac.org\/fr\/wp-json\/wp\/v2\/tags?post=19788"},{"taxonomy":"thematique","embeddable":true,"href":"https:\/\/www.generationsanstabac.org\/fr\/wp-json\/wp\/v2\/thematique?post=19788"}],"curies":[{"name":"wp","href":"https:\/\/api.w.org\/{rel}","templated":true}]}}