{"id":19786,"date":"2020-06-08T13:50:02","date_gmt":"2020-06-08T11:50:02","guid":{"rendered":"https:\/\/www.generationsanstabac.org\/actualites\/la-perte-audition-fait-aussi-partie-des-effets-nefastes-du-tabagisme\/"},"modified":"2020-06-08T13:50:02","modified_gmt":"2020-06-08T11:50:02","slug":"la-perte-audition-fait-aussi-partie-des-effets-nefastes-du-tabagisme","status":"publish","type":"actualites","link":"https:\/\/www.generationsanstabac.org\/fr\/actualites\/la-perte-audition-fait-aussi-partie-des-effets-nefastes-du-tabagisme\/","title":{"rendered":"La perte d\u2019audition fait aussi partie des effets n\u00e9fastes du tabagisme"},"content":{"rendered":"<p style=\"text-align: justify;\"><em>Des chercheurs japonais confirment que le tabagisme a une incidence n\u00e9gative sur l\u2019audition et que le risque de perte d\u2019audition \u00e9volue en fonction du nombre de cigarettes consomm\u00e9es. Les r\u00e9sultats de cette \u00e9tude concluent en outre sur une r\u00e9versibilit\u00e9 du ph\u00e9nom\u00e8ne et soutiennent, par-l\u00e0, la pertinence des recommandations en faveur du sevrage tabagique.<\/em><\/p>\n<p style=\"text-align: justify;\">L\u2019association entre tabagisme et perte auditive est une question qui anime la communaut\u00e9 scientifique depuis plusieurs d\u00e9cennies. En juin 1998, se fondant sur un \u00e9chantillon de 3 753 individus, une \u00e9tude chiffrait \u00e0 1,69 le risque plus important pour les fumeurs de perdre en audition, par rapport aux non-fumeurs<a href=\"https:\/\/jamanetwork.com\/journals\/jama\/fullarticle\/187596#top\">[1]<\/a>. En 2014, des chercheurs de l\u2019Universit\u00e9 de Manchester, au Royaume-Uni, rejoignaient ces conclusions apr\u00e8s une observation de l\u2019audition de 164 770 adultes entre 40 et 69 ans<a href=\"https:\/\/www.sciencedaily.com\/releases\/2014\/06\/140606091541.htm\">[2]<\/a>. La derni\u00e8re \u00e9tude en date, conduite par des chercheurs du National Center for Global Health and Medicine in Japan, s\u2019est int\u00e9ress\u00e9e \u00e0 un \u00e9chantillon de 50 195 adultes actifs entre 20 et 64 ans et ce, sur une dur\u00e9e allant jusqu\u2019\u00e0 8 ans<a href=\"https:\/\/academic.oup.com\/ntr\/article-abstract\/21\/4\/481\/4925604?redirectedFrom=fulltext\">[3]<\/a>. Cette \u00e9tude de 2018 utilise les donn\u00e9es r\u00e9colt\u00e9es lors d\u2019examens d\u2019audition r\u00e9alis\u00e9s dans le cadre de visites m\u00e9dicales professionnelles annuelles et montre que le risque de perte d\u2019audition est :<\/p>\n<p style=\"text-align: justify;\">&#8211; 1,4 fois plus \u00e9lev\u00e9 chez les fumeurs consommant entre 1 et 10 cigarettes par jour ;<br \/>\n&#8211; 1,5 fois plus \u00e9lev\u00e9 pour une consommation entre 11 et 20 cigarettes quotidiennes ;<br \/>\n&#8211; 1,7 fois plus \u00e9lev\u00e9 au-del\u00e0 de 20 cigarettes par jour<a href=\"https:\/\/sciencepost.fr\/le-tabagisme-sattaquerait-egalement-a-laudition\/\">[4]<\/a>.<\/p>\n<h2 style=\"text-align: justify;\">Causes<\/h2>\n<p style=\"text-align: justify;\">De toute \u00e9vidence, ce n\u2019est pas l\u2019existence du lien entre tabagisme et perte d\u2019audition qui reste un myst\u00e8re pour la communaut\u00e9 scientifique, mais plut\u00f4t le proc\u00e9d\u00e9.<br \/>\nPlusieurs pistes demandent encore \u00e0 \u00eatre affin\u00e9es pour d\u00e9terminer si c\u2019est une moins bonne oxyg\u00e9nation de la cochl\u00e9e ou une perturbation du r\u00f4le des neurotransmetteurs transportant l\u2019information sensorielle le long du nerf auditif qui est en cause<a href=\"https:\/\/www.agxhearing.com\/2014\/06\/30\/relationship-smoking-hearing-loss\/\">[5]<\/a>. Cependant, force est de constater dans les deux cas, que c\u2019est bien la nicotine qui est impliqu\u00e9e.<\/p>\n<h2 style=\"text-align: justify;\">Un effet n\u00e9faste du tabagisme pourtant r\u00e9versible\u2026 et \u00e9vitable !<\/h2>\n<p style=\"text-align: justify;\">Apr\u00e8s analyse de de la perte auditive en fonction du temps suivant le sevrage tabagique, les chercheurs japonais r\u00e9v\u00e8lent que ce ph\u00e9nom\u00e8ne n\u2019est pas irr\u00e9versible. Le risque de perte auditive diminue effectivement au cours des 5 ann\u00e9es apr\u00e8s arr\u00eat total du tabac.<br \/>\nRappelons ici que l\u2019exposition des enfants au tabagisme passif est responsable de la perte auditive neurosensorielle et constitue par l\u00e0 un facteur de risque dans la perte d\u2019audition infantile<a href=\"https:\/\/pubmed.ncbi.nlm.nih.gov\/24246243\/\">[6]<\/a>.<\/p>\n<p style=\"text-align: justify;\"><span style=\"color: #666699;\"><a style=\"color: #666699;\" href=\"https:\/\/www.generationsanstabac.org\/\">\u00a9G\u00e9n\u00e9ration Sans Tabac<\/a><\/span><\/p>\n<hr \/>\n<p style=\"text-align: justify;\">[1] <a href=\"https:\/\/jamanetwork.com\/journals\/jama\/fullarticle\/187596#top\">https:\/\/jamanetwork.com\/journals\/jama\/fullarticle\/187596#top<\/a><\/p>\n<p style=\"text-align: justify;\">[2] <a href=\"https:\/\/www.sciencedaily.com\/releases\/2014\/06\/140606091541.htm\">https:\/\/www.sciencedaily.com\/releases\/2014\/06\/140606091541.htm<\/a><\/p>\n<p style=\"text-align: justify;\">[3] <a href=\"https:\/\/academic.oup.com\/ntr\/article-abstract\/21\/4\/481\/4925604?redirectedFrom=fulltext\">https:\/\/academic.oup.com\/ntr\/article-abstract\/21\/4\/481\/4925604?redirectedFrom=fulltext<\/a><\/p>\n<p style=\"text-align: justify;\">[4] <a href=\"https:\/\/sciencepost.fr\/le-tabagisme-sattaquerait-egalement-a-laudition\/\">https:\/\/sciencepost.fr\/le-tabagisme-sattaquerait-egalement-a-laudition\/<\/a><\/p>\n<p style=\"text-align: justify;\">[5] <a href=\"https:\/\/www.agxhearing.com\/2014\/06\/30\/relationship-smoking-hearing-loss\/\">https:\/\/www.agxhearing.com\/2014\/06\/30\/relationship-smoking-hearing-loss\/<\/a><\/p>\n<p style=\"text-align: justify;\">[6] <a href=\"https:\/\/pubmed.ncbi.nlm.nih.gov\/24246243\/\">https:\/\/pubmed.ncbi.nlm.nih.gov\/24246243\/<\/a><\/p>\n<p style=\"text-align: justify;\"><span style=\"color: #e8e8e8;\"><strong><a style=\"color: #e8e8e8;\" href=\"http:\/\/dnf.asso.fr\/\/\" target=\"_blank\" rel=\"noopener noreferrer\"> \u00a9DNF &#8211; Pour un Monde ZeroTabac |<\/a><\/strong><\/span><\/p>\n","protected":false},"excerpt":{"rendered":"<p>Des chercheurs japonais confirment que le tabagisme a une incidence n\u00e9gative sur l\u2019audition. Le risque de perte \u00e9volue selon la consommation de cigarettes.<\/p>\n","protected":false},"featured_media":19787,"template":"","tags":[],"thematique":[474],"class_list":["post-19786","actualites","type-actualites","status-publish","has-post-thumbnail","hentry","thematique-sante"],"acf":[],"_links":{"self":[{"href":"https:\/\/www.generationsanstabac.org\/fr\/wp-json\/wp\/v2\/actualites\/19786","targetHints":{"allow":["GET"]}}],"collection":[{"href":"https:\/\/www.generationsanstabac.org\/fr\/wp-json\/wp\/v2\/actualites"}],"about":[{"href":"https:\/\/www.generationsanstabac.org\/fr\/wp-json\/wp\/v2\/types\/actualites"}],"version-history":[{"count":0,"href":"https:\/\/www.generationsanstabac.org\/fr\/wp-json\/wp\/v2\/actualites\/19786\/revisions"}],"wp:featuredmedia":[{"embeddable":true,"href":"https:\/\/www.generationsanstabac.org\/fr\/wp-json\/wp\/v2\/media\/19787"}],"wp:attachment":[{"href":"https:\/\/www.generationsanstabac.org\/fr\/wp-json\/wp\/v2\/media?parent=19786"}],"wp:term":[{"taxonomy":"post_tag","embeddable":true,"href":"https:\/\/www.generationsanstabac.org\/fr\/wp-json\/wp\/v2\/tags?post=19786"},{"taxonomy":"thematique","embeddable":true,"href":"https:\/\/www.generationsanstabac.org\/fr\/wp-json\/wp\/v2\/thematique?post=19786"}],"curies":[{"name":"wp","href":"https:\/\/api.w.org\/{rel}","templated":true}]}}