{"id":19778,"date":"2020-06-03T08:59:16","date_gmt":"2020-06-03T06:59:16","guid":{"rendered":"https:\/\/www.generationsanstabac.org\/actualites\/grossesse-et-tabagisme-les-deux-parents-devraient-arreter-de-fumer\/"},"modified":"2020-06-03T08:59:16","modified_gmt":"2020-06-03T06:59:16","slug":"grossesse-et-tabagisme-les-deux-parents-devraient-arreter-de-fumer","status":"publish","type":"actualites","link":"https:\/\/www.generationsanstabac.org\/fr\/actualites\/grossesse-et-tabagisme-les-deux-parents-devraient-arreter-de-fumer\/","title":{"rendered":"Grossesse et tabagisme\u202f: les deux parents devraient arr\u00eater de fumer"},"content":{"rendered":"<p style=\"text-align: justify;\"><em>Si le tabagisme de la m\u00e8re est souvent invoqu\u00e9, et celle-ci alert\u00e9e sur les dangers de la cigarette, il convient de rappeler que la consommation de l\u2019entourage n\u2019est pas sans effet. Le ou la conjoint(e) doit donc \u00e9galement adapter sa pratique.<\/em><\/p>\n<h2 style=\"text-align: justify;\">Parents fumeurs\u202f: des risques pour le f\u0153tus<\/h2>\n<p style=\"text-align: justify;\">Nous savons aujourd\u2019hui que le tabagisme de la m\u00e8re durant sa grossesse accroit le risque d\u2019accouchement pr\u00e9matur\u00e9, de fausse couche ou encore de faible poids du nourrisson \u00e0 la naissance. Mais si les deux parents fument, s\u2019ajoutent \u00e0 ce tableau d\u00e9j\u00e0 sombre des risques de maladies cardiaques cong\u00e9nitales, qui affectent aujourd\u2019hui 8 naissances sur 1000. Les impacts de ce tabagisme passif ont \u00e9t\u00e9 \u00e9tudi\u00e9s par des chercheurs de l\u2019\u00e9cole de sant\u00e9 publique Xiangya, qui ont publi\u00e9 leurs r\u00e9sultats dans l\u2019<em>European Journal of Preventive Cardiology, de la Soci\u00e9t\u00e9 europ\u00e9enne de cardiologie<\/em> (ESC). Il s\u2019agit d\u2019une des premi\u00e8res \u00e9tudes pouss\u00e9es sur le sujet.<\/p>\n<h2 style=\"text-align: justify;\">Des cons\u00e9quences d\u00e8s le d\u00e9but de la grossesse<\/h2>\n<p style=\"text-align: justify;\">Selon le Dr Jiabi Qin, la \u00ab\u202ffum\u00e9e secondaire\u202f\u00bb de l\u2019entourage proche s\u2019av\u00e8re aussi n\u00e9faste que celle de la m\u00e8re et peut occasionner des interventions lourdes chez le b\u00e9b\u00e9 parvenu \u00e0 l\u2019\u00e2ge adulte. Le tabagisme des parents est par ailleurs d\u00e9l\u00e9t\u00e8re pour le f\u0153tus \u00e0 tous les stades de la grossesse. Une autre \u00e9tude, men\u00e9e \u00e0 l\u2019Universit\u00e9 d\u2019Eastern Finland, montre ainsi que m\u00eame apr\u00e8s l\u2019arr\u00eat du tabac, le temps de grossesse restant ne suffit pas \u00e0 rattraper les retards de croissance observ\u00e9s.<\/p>\n<h2 style=\"text-align: justify;\">Arr\u00eater le tabac avant la conception<\/h2>\n<p style=\"text-align: justify;\">Aussi le plus sage est-il d\u2019entamer un sevrage d\u00e8s que le souhait de devenir parent est formul\u00e9. Rappelons qu\u2019aujourd\u2019hui, 16,7 % des femmes enceintes continuent \u00e0 fumer pendant leur grossesse en France, ce qui est l\u2019un des taux europ\u00e9ens les plus forts. Pourtant, diverses m\u00e9thodes de sevrage existent et des accompagnements personnalis\u00e9s sont possibles.\u202fN\u2019h\u00e9sitez pas \u00e0 en parler \u00e0 votre m\u00e9decin.<\/p>\n<p style=\"text-align: justify;\"><span style=\"color: #666699;\"><a style=\"color: #666699;\" href=\"https:\/\/www.generationsanstabac.org\/\">\u00a9G\u00e9n\u00e9ration Sans Tabac<\/a><\/span><\/p>\n<hr \/>\n<p style=\"text-align: justify;\">[i] L\u2019influence du tabagisme sur les enfants \u00e0 na\u00eetre<br \/>\n<a href=\"https:\/\/www.generationsanstabac.org\/actualites\/influence-tabagisme-enfants-naitre\">https:\/\/www.generationsanstabac.org\/actualites\/influence-tabagisme-enfants-naitre<\/a>\/<\/p>\n<p style=\"text-align: justify;\">\u00ab\u202fGrossesse\u202f: le tabagisme du p\u00e8re est tout aussi dangereux pour le f\u0153tus\u202f\u00bb, 2 avril 2019,<br \/>\n<a href=\"https:\/\/www.santemagazine.fr\/actualites\/actualites-sante\/grossesse-le-tabagisme-du-pere-est-tout-aussi-dangereux-pour-le-foetus-337812\">https:\/\/www.santemagazine.fr\/actualites\/actualites-sante\/grossesse-le-tabagisme-du-pere-est-tout-aussi-dangereux-pour-le-foetus-337812<\/a><\/p>\n<p style=\"text-align: justify;\">Rumrich, I., et al. (2020) \u201cEffects of maternal smoking on body size and proportions at birth: a register-based cohort study of 1.4 million births\u201d. BMJ Open. doi.org\/10.1136\/bmjopen-2019-033465.<\/p>\n<p style=\"text-align: justify;\"><span style=\"color: #e8e8e8;\"><strong><a style=\"color: #e8e8e8;\" href=\"http:\/\/dnf.asso.fr\/\/\" target=\"_blank\" rel=\"noopener noreferrer\"> \u00a9DNF &#8211; Pour un Monde ZeroTabac |<\/a><\/strong><\/span><\/p>\n","protected":false},"excerpt":{"rendered":"<p>Si le tabagisme de la m\u00e8re est souvent invoqu\u00e9 et alert\u00e9e sur les dangers de la cigarette, la consommation de l\u2019entourage n\u2019est pas sans effet.<\/p>\n","protected":false},"featured_media":19722,"template":"","tags":[],"thematique":[474],"class_list":["post-19778","actualites","type-actualites","status-publish","has-post-thumbnail","hentry","thematique-sante"],"acf":[],"_links":{"self":[{"href":"https:\/\/www.generationsanstabac.org\/fr\/wp-json\/wp\/v2\/actualites\/19778","targetHints":{"allow":["GET"]}}],"collection":[{"href":"https:\/\/www.generationsanstabac.org\/fr\/wp-json\/wp\/v2\/actualites"}],"about":[{"href":"https:\/\/www.generationsanstabac.org\/fr\/wp-json\/wp\/v2\/types\/actualites"}],"version-history":[{"count":0,"href":"https:\/\/www.generationsanstabac.org\/fr\/wp-json\/wp\/v2\/actualites\/19778\/revisions"}],"wp:featuredmedia":[{"embeddable":true,"href":"https:\/\/www.generationsanstabac.org\/fr\/wp-json\/wp\/v2\/media\/19722"}],"wp:attachment":[{"href":"https:\/\/www.generationsanstabac.org\/fr\/wp-json\/wp\/v2\/media?parent=19778"}],"wp:term":[{"taxonomy":"post_tag","embeddable":true,"href":"https:\/\/www.generationsanstabac.org\/fr\/wp-json\/wp\/v2\/tags?post=19778"},{"taxonomy":"thematique","embeddable":true,"href":"https:\/\/www.generationsanstabac.org\/fr\/wp-json\/wp\/v2\/thematique?post=19778"}],"curies":[{"name":"wp","href":"https:\/\/api.w.org\/{rel}","templated":true}]}}