{"id":19773,"date":"2020-06-03T07:47:25","date_gmt":"2020-06-03T05:47:25","guid":{"rendered":"https:\/\/www.generationsanstabac.org\/actualites\/jeunes-africaine-proie-de-lindustrie-du-tabac\/"},"modified":"2020-06-03T07:47:25","modified_gmt":"2020-06-03T05:47:25","slug":"jeunes-africaine-proie-de-lindustrie-du-tabac","status":"publish","type":"actualites","link":"https:\/\/www.generationsanstabac.org\/fr\/actualites\/jeunes-africaine-proie-de-lindustrie-du-tabac\/","title":{"rendered":"La jeunesse africaine, proie de l&rsquo;industrie du tabac"},"content":{"rendered":"<p style=\"text-align: justify;\">Le th\u00e8me de l\u2019\u00e9dition 2020 de la Journ\u00e9e mondiale sans tabac est ax\u00e9 sur les pratiques marketing de l\u2019industrie : Prot\u00e9ger les jeunes contre les manipulations de l&rsquo;industrie et les emp\u00eacher de consommer du tabac et de la nicotine. Les offensives marketing de l&rsquo;industrie du tabac sont particuli\u00e8rement cibl\u00e9es vers les pays \u00e0 revenus faible et interm\u00e9diaires, notamment en Afrique.<\/p>\n<p style=\"text-align: justify;\"><strong>Les objectifs de l\u2019\u00e9dition 2020 de la JMST sont :<\/strong><\/p>\n<p style=\"text-align: justify;\">&#8211; D\u00e9mystifier les mythes v\u00e9hicul\u00e9s par les fabricants \u00e0 travers leurs publicit\u00e9s et d\u00e9noncer les tactiques de manipulation employ\u00e9es, en particulier les tactiques de marketing ciblant les jeunes, notamment par l&rsquo;introduction de nouveaux produits, le recours \u00e0 saveurs et d&rsquo;autres caract\u00e9ristiques attrayantes.<\/p>\n<p style=\"text-align: justify;\">&#8211; Fournir aux jeunes des connaissances sur les intentions et les tactiques des industries du tabac et de la nicotine pour \u00ab accrocher \u00bb les g\u00e9n\u00e9rations actuelles et futures aux produits du tabac et de la nicotine.<\/p>\n<p style=\"text-align: justify;\">&#8211; Donner aux influenceurs (dans la culture pop, sur les r\u00e9seaux sociaux, \u00e0 la maison ou en classe) les moyens de prot\u00e9ger et de d\u00e9fendre les jeunes et de catalyser le changement en les engageant dans la lutte contre l\u2019industrie.<\/p>\n<p style=\"text-align: justify;\">En Afrique par exemple, <a href=\"https:\/\/ideas4development.org\/jeunesse-africaine-avenir-continent\/\">60% de la population a moins de 24 ans<\/a> et selon les statistiques 2018 de la Banque mondiale, l&rsquo;Afrique subsaharienne compte pr\u00e8s de <a href=\"https:\/\/donnees.banquemondiale.org\/region\/afrique-subsaharienne\">1,1 milliard d&rsquo;habitants<\/a>. On pr\u00e9voit que d&rsquo;ici 2050, la population du continent atteindra <a href=\"https:\/\/ideas4development.org\/jeunesse-africaine-avenir-continent\/\">2,4 milliards d&rsquo;habitants et que 35 % des jeunes<\/a> dans le monde seront des Africains. Au regard de ces chiffres, il n&rsquo;est pas surprenant de constater que l&rsquo;Afrique repr\u00e9sente un march\u00e9 aujourd\u2019hui et potentiel tr\u00e8s lucratif pour l&rsquo;industrie du tabac.<\/p>\n<p style=\"text-align: justify;\"><img fetchpriority=\"high\" decoding=\"async\" class=\"aligncenter wp-image-1950 size-large\" src=\"https:\/\/www.generationsanstabac.org\/wp-content\/uploads\/2024\/07\/tabagisme-afrique-jeunes-atca-1024x507.png\" alt=\"tabagisme-afrique-jeunes-atca\" width=\"1024\" height=\"507\" \/><\/p>\n<p style=\"text-align: justify;\">Les cigarettiers se sont engag\u00e9s \u00e0 ne pas promouvoir leurs produits aupr\u00e8s des enfants. C\u2019est pourtant exactement ce qu\u2019ils font en Afrique. Selon une \u00e9tude de l\u2019ACTA<a href=\"#_ftn1\" name=\"_ftnref1\">[1]<\/a>, les compagnies de tabac commercialisent activement des cigarettes aux alentours des \u00e9coles dans le but d&rsquo;\u00e9largir leurs march\u00e9s. Pour y parvenir les produits sont propos\u00e9s \u00e0 l\u2019achat en vrac, \u00e0 l\u2019unit\u00e9 (la tige) et avec une mise en avant des cigarettes aromatis\u00e9es \u00ab adapt\u00e9es aux enfants \u00bb. Les enfants d\u00e8s l\u2019\u00e2ge de six ans ont acc\u00e8s aux produits du tabac dans les kiosques, les \u00e9piceries et aupr\u00e8s des vendeurs ambulants. La vente, la publicit\u00e9 et la promotion des cigarettes \u00e0 proximit\u00e9 mais \u00e0 l\u2019ext\u00e9rieur des \u00e9coles est une strat\u00e9gie bien orchestr\u00e9e des compagnies de tabac. Ils essaient d&rsquo;accrocher les \u00e9coliers dans un environnement \u00e9loign\u00e9 de leurs parents o\u00f9 la pression des pairs est exerc\u00e9e. Ils essaient de cr\u00e9er un r\u00e9servoir de fumeurs de remplacement.<\/p>\n<p style=\"text-align: justify;\">Dans cette perspective, la Journ\u00e9e Mondiale Sans Tabac constitue une opportunit\u00e9 pour les d\u00e9fenseurs de la lutte antitabac d&rsquo;unir leurs efforts pour sensibiliser les jeunes et faire en sorte que les strat\u00e9gies traditionnelles mais aussi plus innovantes de l&rsquo;industrie du tabac soient d\u00e9crypt\u00e9es. Parmi ces strat\u00e9gies figurent l\u2019ensemble de leurs actions visant \u00e0 saper la mise en \u0153uvre de la <a href=\"https:\/\/apps.who.int\/iris\/bitstream\/handle\/10665\/42812\/9242591017.pdf;jsessionid=2C74DBC5DE0B302EC9062A1D211DED92?sequence=1\">Convention-cadre de l&rsquo;OMS<\/a>. Cette derni\u00e8re se caract\u00e9rise en particulier par des mesures qui prot\u00e8gent pr\u00e9cis\u00e9ment les jeunes de tomber dans le pi\u00e8ge du tabagisme.<\/p>\n<p style=\"text-align: justify;\"><a href=\"https:\/\/www.generationsanstabac.org\/wp-content\/uploads\/2020\/06\/Pour-lire-la-d\u00e9claration-dans-sa-totalit\u00e9.pdf\">Pour lire la d\u00e9claration dans sa totalit\u00e9<\/a><\/p>\n<p style=\"text-align: justify;\"><span style=\"color: #800080;\"><a style=\"color: #800080;\" href=\"https:\/\/www.generationsanstabac.org\/\">\u00a9G\u00e9n\u00e9ration Sans Tabac<\/a><\/span><\/p>\n<hr \/>\n<p style=\"text-align: justify;\"><a href=\"#_ftnref1\" name=\"_ftn1\">[1]<\/a> <em>D\u00e9claration de Leonce SESSOU, Secr\u00e9taire Ex\u00e9cutif de l\u2019Alliance pour le Contr\u00f4le du Tabac en Afrique (ACTA). L\u2019ACTA est un r\u00e9seau panafricain d&rsquo;organisations de la soci\u00e9t\u00e9 civile \u00e0 but non lucratif et apolitique dont le si\u00e8ge est \u00e0 Lom\u00e9, au Togo. Avec des membres situ\u00e9s dans 3<\/em><em style=\"font-size: 0.9rem;\">9 pays, l\u2019ACTA se consacre \u00e0 la promotion de la sant\u00e9 publique et \u00e0 la pr\u00e9vention de l&rsquo;\u00e9pid\u00e9mie du tabagisme sur le continent.<\/em><\/p>\n<p style=\"text-align: justify;\"><span style=\"color: #999999;\"><strong><a style=\"color: #999999;\" href=\"http:\/\/www.cnct.fr\/\" target=\"_blank\" rel=\"noopener noreferrer\">\u00a9Comit\u00e9 National Contre le Tabagisme |<\/a><\/strong><\/span><\/p>\n<p style=\"text-align: justify;\">\n","protected":false},"excerpt":{"rendered":"<p>JMST 2020 : Prot\u00e9ger les jeunes contre les manipulations de l&rsquo;industrie et les emp\u00eacher de consommer du tabac et de la nicotine.<\/p>\n","protected":false},"featured_media":15156,"template":"","tags":[],"thematique":[499],"class_list":["post-19773","actualites","type-actualites","status-publish","has-post-thumbnail","hentry","thematique-lobby"],"acf":[],"_links":{"self":[{"href":"https:\/\/www.generationsanstabac.org\/fr\/wp-json\/wp\/v2\/actualites\/19773","targetHints":{"allow":["GET"]}}],"collection":[{"href":"https:\/\/www.generationsanstabac.org\/fr\/wp-json\/wp\/v2\/actualites"}],"about":[{"href":"https:\/\/www.generationsanstabac.org\/fr\/wp-json\/wp\/v2\/types\/actualites"}],"version-history":[{"count":0,"href":"https:\/\/www.generationsanstabac.org\/fr\/wp-json\/wp\/v2\/actualites\/19773\/revisions"}],"wp:featuredmedia":[{"embeddable":true,"href":"https:\/\/www.generationsanstabac.org\/fr\/wp-json\/wp\/v2\/media\/15156"}],"wp:attachment":[{"href":"https:\/\/www.generationsanstabac.org\/fr\/wp-json\/wp\/v2\/media?parent=19773"}],"wp:term":[{"taxonomy":"post_tag","embeddable":true,"href":"https:\/\/www.generationsanstabac.org\/fr\/wp-json\/wp\/v2\/tags?post=19773"},{"taxonomy":"thematique","embeddable":true,"href":"https:\/\/www.generationsanstabac.org\/fr\/wp-json\/wp\/v2\/thematique?post=19773"}],"curies":[{"name":"wp","href":"https:\/\/api.w.org\/{rel}","templated":true}]}}