{"id":19767,"date":"2020-05-29T09:21:49","date_gmt":"2020-05-29T07:21:49","guid":{"rendered":"https:\/\/www.generationsanstabac.org\/actualites\/cigarettes-electroniques-tabac-chauffe-ped-position-union\/"},"modified":"2020-05-29T09:21:49","modified_gmt":"2020-05-29T07:21:49","slug":"cigarettes-electroniques-tabac-chauffe-ped-position-union","status":"publish","type":"actualites","link":"https:\/\/www.generationsanstabac.org\/fr\/actualites\/cigarettes-electroniques-tabac-chauffe-ped-position-union\/","title":{"rendered":"Cigarettes \u00e9lectronique et tabac chauff\u00e9 dans les pays en d\u00e9veloppement : l\u2019Union Internationale Contre la Tuberculose se positionne"},"content":{"rendered":"<p>Dans une d\u00e9claration publique, l\u2019Union Internationale Contre la Tuberculose et les Maladies Respiratoires appelle \u00e0 l\u2019interdiction de la vente de produits du tabac chauff\u00e9 et de cigarettes \u00e9lectroniques dans les pays \u00e0 moyens et faibles niveaux de revenus, dans l\u2019objectif de lutter contre l\u2019\u00e9pid\u00e9mie tabagique. Cette d\u00e9claration rejoint celle de l\u2019Organisation Mondiale de la Sant\u00e9 de 2019, soulignant qu\u2019il n\u2019existe \u00ab pas suffisamment de preuves de source ind\u00e9pendante permettant de recommander l\u2019utilisation des [cigarettes \u00e9lectroniques] comme m\u00e9thode de sevrage tabagique \u00e0 grande \u00e9chelle pour aider les fumeurs \u00e0 renoncer au tabac \u00bb, arguant par ailleurs que ces produits sont \u00ab sans aucun doute nocifs \u00bb.<\/p>\n<p>Pour \u00e9tayer sa prise de position, l\u2019Union avance dix arguments tendant \u00e0 d\u00e9montrer l\u2019importance de l\u00e9gif\u00e9rer dans les pays \u00e0 moyens et faibles niveaux de revenus.<\/p>\n<ol>\n<li><strong>L\u2019industrie du tabac vise les jeunes<\/strong><\/li>\n<\/ol>\n<p>Les \u00e9tudes montrent une augmentation \u00e9pid\u00e9mique de l\u2019utilisation de cigarettes \u00e9lectroniques chez les jeunes dans de nombreux pays \u00e0 haut risque, exposant cette population \u00e0 un risque de d\u00e9pendance \u00e0 vie \u00e0 la nicotine. Ces nouveaux produits, de plus en plus contr\u00f4l\u00e9s par l\u2019industrie du tabac, ciblent les jeunes \u00e0 travers des <a href=\"https:\/\/www.generationsanstabac.org\/actualites\/les-publications-pro-vaping-sur-instagram-ont-depasse-les-campagnes-de-prevention\/\">campagnes de publicit\u00e9s sur les r\u00e9seaux sociaux<\/a>, le parrainage d\u2019\u00e9v\u00e9nements, ou des ar\u00f4mes fruit\u00e9s et sucr\u00e9s. Le ciblage des jeunes par l\u2019industrie du tabac est d\u2019ailleurs le th\u00e8me de la Journ\u00e9e Mondiale Sans Tabac du 31 mai 2020.<\/p>\n<ol start=\"2\">\n<li><strong>Le passage de la cigarette \u00e9lectronique au tabac chez les jeunes<\/strong><\/li>\n<\/ol>\n<p>Un risque de transfert de consommation ne doit pas \u00eatre sous-\u00e9valu\u00e9. Les jeunes consommateurs de cigarettes \u00e9lectroniques qui n\u2019ont jamais fum\u00e9 auparavant et qui semblent pr\u00e9senter peu de risques de commencer \u00e0 fumer ult\u00e9rieurement sont deux \u00e0 quatre fois plus susceptibles de fumer des cigarettes traditionnelles dans leur existence.<\/p>\n<ol start=\"3\">\n<li><strong>Les preuves insuffisantes de la r\u00e9duction des effets nocifs chez les fumeurs<\/strong><\/li>\n<\/ol>\n<p>Les cigarettes \u00e9lectroniques, lorsqu\u2019elles ne sont pas seulement utilis\u00e9es comme instrument de sevrage, pr\u00e9sentent des risques a moyen et \u00e0 long terme pour la sant\u00e9. Il n\u2019existe aucune \u00e9tude ind\u00e9pendante pour d\u00e9montrer la moindre dangerosit\u00e9 du tabac chauff\u00e9.<\/p>\n<ol start=\"4\">\n<li><strong>Le r\u00e9sultat net n\u00e9gatif en mati\u00e8re de sant\u00e9 publique <\/strong><\/li>\n<\/ol>\n<p>Les b\u00e9n\u00e9fices attendus des nouveaux produits en termes de sant\u00e9 publique, tr\u00e8s incertains, seront inf\u00e9rieurs aux d\u00e9g\u00e2ts sanitaires provoqu\u00e9s par leur consommation.<\/p>\n<ol start=\"5\">\n<li><strong>Les faiblesses en mati\u00e8re d\u2019application de la r\u00e9glementation seront exploit\u00e9es <\/strong><\/li>\n<\/ol>\n<p>Les pays \u00e0 moyens et faibles niveaux de revenus rencontrent d\u00e9j\u00e0 des difficult\u00e9s dans la mise en place et la bonne application des r\u00e9glementations sur les produits du tabac traditionnels. Les nouveaux produits du tabac, en permanente mutation, seront ainsi plus difficiles \u00e0 contr\u00f4ler. Cette situation est d\u2019autant plus probl\u00e9matique que l\u2019industrie du tabac profite syst\u00e9matiquement des faiblesses r\u00e9glementaires pour faire avancer ses int\u00e9r\u00eats financiers, et bloquer, retarder, ou contourner les mesures de sant\u00e9 publique.<\/p>\n<ol start=\"6\">\n<li><strong>Les nouveaux produits d\u00e9tournent des mesures essentielles \u00e0 adopter et appliquer <\/strong><\/li>\n<\/ol>\n<p>La lutte antitabac doit se fonder sur un socle solide de preuves, et la mise en place rigoureuse de politiques coh\u00e9rentes et \u00e9prouv\u00e9es. Les nouveaux produits du tabac, incertains, ne doivent pas ruiner des ann\u00e9es d\u2019efforts entrepris en sant\u00e9 publique.<\/p>\n<ol start=\"7\">\n<li><strong>Les nouveaux produits vont mobiliser des ressources qui n\u00e9cessiteraient d\u2019\u00eatre affect\u00e9es \u00e0 la lutte antitabac.<\/strong><\/li>\n<\/ol>\n<p>La mise en place de cadres r\u00e9glementaires n\u00e9cessite la mobilisation de nouvelles ressources, qui manquent d\u00e9j\u00e0 cruellement \u00e0 la lutte antitabac.<\/p>\n<ol start=\"8\">\n<li><strong>Les nouveaux produits facilitent l\u2019ing\u00e9rence de l\u2019industrie du tabac<\/strong><\/li>\n<\/ol>\n<p>L\u2019industrie du tabac cherche \u00e0 redorer son image \u00e0 travers ses nouveaux produits pr\u00e9sent\u00e9s comme moins nocifs. Par ce moyen, les cigarettiers se posent comme un interlocuteur l\u00e9gitime sur les questions de sant\u00e9 publique, afin d\u2019interf\u00e9rer dans les processus de r\u00e9glementation.<\/p>\n<ol start=\"9\">\n<li><strong>Il faut bien distinguer le contexte des pays \u00e0 moyens et faibles niveaux de revenus du contexte du Royaume-Uni<\/strong><\/li>\n<\/ol>\n<p>La situation du Royaume Uni n\u2019est pas transposable, en particulier pour les pays \u00e0 moyens et faibles revenus. La faiblesse des moyens r\u00e9glementaires et financiers propres \u00e0 ces pays et la situation distincte de d\u00e9veloppement de l\u2019\u00e9pid\u00e9mie tabagique n\u00e9cessitent que ces pays restent focalis\u00e9s sur la mise en \u0153uvre int\u00e9grale des mesures de la CCLAT et en particulier du programme MPOWER de l\u2019OMS.<\/p>\n<ol start=\"10\">\n<li><strong>La s\u00e9curit\u00e9 avant tout <\/strong><\/li>\n<\/ol>\n<p>Les praticiens et d\u00e9cideurs en mati\u00e8re de sant\u00e9 publique doivent suivre le principe de pr\u00e9caution ainsi qu\u2019une approche fond\u00e9e sur des donn\u00e9es probantes dans la d\u00e9finition des politiques publiques. Ces concepts fondamentaux de sant\u00e9 publique appellent des mesures pr\u00e9ventives lorsque la science ne peut tirer de conclusions.<\/p>\n<p><span style=\"color: #800080;\"><a style=\"color: #800080;\" href=\"https:\/\/www.generationsanstabac.org\/\">\u00a9G\u00e9n\u00e9ration Sans Tabac<\/a><\/span><\/p>\n<hr \/>\n<p><span style=\"color: #999999;\"><strong><a style=\"color: #999999;\" href=\"http:\/\/www.cnct.fr\/\" target=\"_blank\" rel=\"noopener noreferrer\">\u00a9Comit\u00e9 National Contre le Tabagisme |<\/a><\/strong><\/span><\/p>\n","protected":false},"excerpt":{"rendered":"<p>Dans une d\u00e9claration publique, l\u2019Union appelle \u00e0 l\u2019interdiction de la vente de produits du tabac chauff\u00e9 et de cigarettes \u00e9lectroniques dans les PED<\/p>\n","protected":false},"featured_media":19768,"template":"","tags":[],"thematique":[516],"class_list":["post-19767","actualites","type-actualites","status-publish","has-post-thumbnail","hentry","thematique-nouveaux-produits"],"acf":[],"_links":{"self":[{"href":"https:\/\/www.generationsanstabac.org\/fr\/wp-json\/wp\/v2\/actualites\/19767","targetHints":{"allow":["GET"]}}],"collection":[{"href":"https:\/\/www.generationsanstabac.org\/fr\/wp-json\/wp\/v2\/actualites"}],"about":[{"href":"https:\/\/www.generationsanstabac.org\/fr\/wp-json\/wp\/v2\/types\/actualites"}],"version-history":[{"count":0,"href":"https:\/\/www.generationsanstabac.org\/fr\/wp-json\/wp\/v2\/actualites\/19767\/revisions"}],"wp:featuredmedia":[{"embeddable":true,"href":"https:\/\/www.generationsanstabac.org\/fr\/wp-json\/wp\/v2\/media\/19768"}],"wp:attachment":[{"href":"https:\/\/www.generationsanstabac.org\/fr\/wp-json\/wp\/v2\/media?parent=19767"}],"wp:term":[{"taxonomy":"post_tag","embeddable":true,"href":"https:\/\/www.generationsanstabac.org\/fr\/wp-json\/wp\/v2\/tags?post=19767"},{"taxonomy":"thematique","embeddable":true,"href":"https:\/\/www.generationsanstabac.org\/fr\/wp-json\/wp\/v2\/thematique?post=19767"}],"curies":[{"name":"wp","href":"https:\/\/api.w.org\/{rel}","templated":true}]}}