{"id":19762,"date":"2020-05-27T15:42:22","date_gmt":"2020-05-27T13:42:22","guid":{"rendered":"https:\/\/www.generationsanstabac.org\/actualites\/appel-a-projets-mobilisation-de-la-societe-civile-2020-est-lance\/"},"modified":"2020-05-27T15:42:22","modified_gmt":"2020-05-27T13:42:22","slug":"appel-a-projets-mobilisation-de-la-societe-civile-2020-est-lance","status":"publish","type":"actualites","link":"https:\/\/www.generationsanstabac.org\/fr\/actualites\/appel-a-projets-mobilisation-de-la-societe-civile-2020-est-lance\/","title":{"rendered":"Lutte contre les addictions : l\u2019appel \u00e0 projets \u00ab Mobilisation de la soci\u00e9t\u00e9 civile \u00bb 2020 est lanc\u00e9"},"content":{"rendered":"<p>Dans le cadre du fonds de lutte contre les addictions (ancien fonds de lutte contre le tabac), un appel \u00e0 projets est lanc\u00e9 pour soutenir des actions d\u2019envergure nationale port\u00e9es par des acteurs de la soci\u00e9t\u00e9 civile concourant aux orientations du Programme national de lutte contre le tabac 2018-2022 et du Plan national de mobilisation contre les addictions 2018-2022. En raison du contexte particulier actuel, l\u2019appel \u00e0 projets est ouvert <strong>jusqu\u2019au 14 septembre 2020<\/strong>.<\/p>\n<p>Le fonds de lutte contre les addictions financera ainsi des actions de pr\u00e9vention port\u00e9s par la soci\u00e9t\u00e9 civile sur l\u2019ensemble des produits psychoactifs :<\/p>\n<ul>\n<li>Le tabac pour poursuivre la dynamique lanc\u00e9e par le Programme national de lutte contre le tabac<\/li>\n<li>L\u2019alcool<\/li>\n<li>Les autres substances psychoactives (priorit\u00e9 accord\u00e9e au cannabis notamment du fait des interactions fortes de sa consommation avec celle du tabac).<\/li>\n<\/ul>\n<p><strong>L&rsquo;objectif de cet appel \u00e0 projets est d&rsquo;appuyer des projets nationaux ayant vocation \u00e0 :<\/strong><\/p>\n<ul>\n<li><strong>Am\u00e9liorer l\u2019information et la compr\u00e9hension de la population <\/strong>g\u00e9n\u00e9rale ou de publics sp\u00e9cifiques sur l\u2019impact et les dangers de la consommation des substances psychoactives, sur l\u2019importance d\u2019environnements protecteurs et d\u2019une initiation la plus tardive possible <span style=\"color: #808080;\">&#8211;<em>et de pr\u00e9f\u00e9rence de l\u2019absence compl\u00e8te d\u2019initiation-<\/em><\/span>, et sur les b\u00e9n\u00e9fices li\u00e9s \u00e0 l\u2019arr\u00eat ou \u00e0 la r\u00e9duction des consommations ;<\/li>\n<li><strong>Favoriser la d\u00e9normalisation des substances psychoactives<\/strong> dans la soci\u00e9t\u00e9, notamment par la d\u00e9construction des strat\u00e9gies commerciales et marketing des industries du tabac, d\u2019alcool et de cannabis ;<\/li>\n<li><strong>Amplifier les interventions<\/strong> visant \u00e0 mieux faire connaitre l\u2019offre de services en addictologie ;<\/li>\n<li>Faciliter l\u2019acc\u00e8s \u00e0 la pr\u00e9vention, aux soins et aux interventions de r\u00e9ductions des risques et des dommages de publics sp\u00e9cifiques particuli\u00e8rement vuln\u00e9rables ;<\/li>\n<li><strong>Permettre d\u2019outiller et de soutenir les pratiques des professionnels de sant\u00e9<\/strong> et du secteur socio-\u00e9ducatif en mati\u00e8re de pr\u00e9vention des consommations \u00e0 risque de substances psychoactives ou de r\u00e9duction des risques et des dommages, notamment au sein de structures d\u2019exercice coordonn\u00e9 de premier recours ;<\/li>\n<li><strong>Favoriser l\u2019implication des usagers ou anciens usagers<\/strong> eux-m\u00eames notamment dans les projets d\u2019arr\u00eat, de r\u00e9duction des risques et\/ou de plaidoyer ;<\/li>\n<li><strong>Favoriser le d\u00e9veloppement de comp\u00e9tences<\/strong> des acteurs du monde du travail dans le domaine des addictions.<\/li>\n<\/ul>\n<p>Peuvent r\u00e9pondre \u00e0 cet appel d\u2019offres les associations ou groupements d\u2019associations \u0153uvrant dans les champs des conduites addictives, de la promotion de la sant\u00e9, de la lutte contre la pr\u00e9carit\u00e9, les associations de patients, d\u2019usagers et de consommateurs, les associations de repr\u00e9sentants des professionnels de sant\u00e9 et les soci\u00e9t\u00e9s savantes.<\/p>\n<p>Les porteurs de projets doivent \u00eatre \u00e0 but non lucratif et n\u2019avoir aucun lien avec l\u2019industrie du tabac (article 5.3 de la convention cadre pour la lutte antitabac de l\u2019<a href=\"https:\/\/www.who.int\/fr\">Organisation Mondiale de la Sant\u00e9<\/a>) ou les op\u00e9rateurs des fili\u00e8res d\u2019offre de l\u2019alcool ou du cannabis.<\/p>\n<p><strong>Date limite de soumission des projets : 14 septembre 2020 minuit<\/strong><\/p>\n<p><a href=\"https:\/\/assurance-maladie.ameli.fr\/content\/dossier-de-candidature-lappel-projet-2020-de-lutte-contre-les-addictions\">Dossier de candidature<\/a><\/p>\n<p><a href=\"https:\/\/assurance-maladie.ameli.fr\/content\/formulaire-cerfa-de-demande-de-subvention-appel-projets-lutte-contre-les-addictions-2020\">Demande de subvention CERFA<\/a><\/p>\n<p><a href=\"https:\/\/assurance-maladie.ameli.fr\/content\/cahier-des-charges-de-lappel-projets-2020-mobilisation-de-la-societe-civile\">Cahier des Charges<\/a><\/p>\n<p><a href=\"https:\/\/assurance-maladie.ameli.fr\/actualite\/lutte-contre-les-addictions-lappel-projet-mobilisation-de-la-societe-civile-2020-est-lance\">Appel \u00e0 projets sur le site de la CNAM<\/a><\/p>\n<p>&nbsp;<\/p>\n<p><span style=\"color: #800080;\"><a style=\"color: #800080;\" href=\"https:\/\/www.generationsanstabac.org\/\">\u00a9G\u00e9n\u00e9ration Sans Tabac<\/a><\/span><\/p>\n<hr \/>\n<p><span style=\"color: #999999;\"><strong><a style=\"color: #999999;\" href=\"http:\/\/www.cnct.fr\/\" target=\"_blank\" rel=\"noopener noreferrer\">\u00a9Comit\u00e9 National Contre le Tabagisme |<\/a><\/strong><\/span><\/p>\n","protected":false},"excerpt":{"rendered":"<p>Le fonds de lutte contre les addictions financera des actions de pr\u00e9vention port\u00e9es par la soci\u00e9t\u00e9 civile portant sur l\u2019ensemble des produits psychoactifs<\/p>\n","protected":false},"featured_media":15147,"template":"","tags":[],"thematique":[474],"class_list":["post-19762","actualites","type-actualites","status-publish","has-post-thumbnail","hentry","thematique-sante"],"acf":[],"_links":{"self":[{"href":"https:\/\/www.generationsanstabac.org\/fr\/wp-json\/wp\/v2\/actualites\/19762","targetHints":{"allow":["GET"]}}],"collection":[{"href":"https:\/\/www.generationsanstabac.org\/fr\/wp-json\/wp\/v2\/actualites"}],"about":[{"href":"https:\/\/www.generationsanstabac.org\/fr\/wp-json\/wp\/v2\/types\/actualites"}],"version-history":[{"count":0,"href":"https:\/\/www.generationsanstabac.org\/fr\/wp-json\/wp\/v2\/actualites\/19762\/revisions"}],"wp:featuredmedia":[{"embeddable":true,"href":"https:\/\/www.generationsanstabac.org\/fr\/wp-json\/wp\/v2\/media\/15147"}],"wp:attachment":[{"href":"https:\/\/www.generationsanstabac.org\/fr\/wp-json\/wp\/v2\/media?parent=19762"}],"wp:term":[{"taxonomy":"post_tag","embeddable":true,"href":"https:\/\/www.generationsanstabac.org\/fr\/wp-json\/wp\/v2\/tags?post=19762"},{"taxonomy":"thematique","embeddable":true,"href":"https:\/\/www.generationsanstabac.org\/fr\/wp-json\/wp\/v2\/thematique?post=19762"}],"curies":[{"name":"wp","href":"https:\/\/api.w.org\/{rel}","templated":true}]}}