{"id":19760,"date":"2020-05-28T09:00:01","date_gmt":"2020-05-28T07:00:01","guid":{"rendered":"https:\/\/www.generationsanstabac.org\/actualites\/desengagement-institutions-financieres-dans-le-tabac-en-france\/"},"modified":"2020-05-28T09:00:01","modified_gmt":"2020-05-28T07:00:01","slug":"desengagement-institutions-financieres-dans-le-tabac-en-france","status":"publish","type":"actualites","link":"https:\/\/www.generationsanstabac.org\/fr\/actualites\/desengagement-institutions-financieres-dans-le-tabac-en-france\/","title":{"rendered":"D\u00e9sengagement croissant des acteurs \u00e9conomiques dans le tabac en France"},"content":{"rendered":"<p><strong>Un nombre croissant d\u2019investisseurs d\u00e9cide aujourd\u2019hui de se d\u00e9sengager du tabac<a href=\"#_ftn1\" name=\"_ftnref1\">[1]<\/a>.<\/strong> Les derniers en date, <strong>le Cr\u00e9dit agricole S.A, et ses filiales Amundi Asset Management ainsi que CNP Assurances, leader de l\u2019assurance-vie en France.<\/strong><\/p>\n<p>Ces institutions financi\u00e8res font un double constat : le tabac est la cause de 75 000 d\u00e9c\u00e8s pr\u00e9matur\u00e9s chaque ann\u00e9e en France et \u00e0 l\u2019\u00e9chelle internationale, l\u2019OMS d\u00e9nombre 8 millions de morts par an attribuables au tabagisme.  Dans le cadre de leur politique d\u2019entreprises socialement responsables, elles consid\u00e8rent qu\u2019elles ne peuvent d\u00e8s lors soutenir l\u2019industrie du tabac par leurs placements. Par ailleurs, ces institutions financi\u00e8res font le constat des autres agents \u00e9conomiques \u00e0 savoir : le tabac induit un co\u00fbt majeur pour la collectivit\u00e9 et notamment pour les entreprises. La perte de production est \u00e9valu\u00e9e \u00e0 pr\u00e8s de 9 milliards d\u2019Euros par an<a href=\"#_ftn2\" name=\"_ftnref2\">[2]<\/a>.<\/p>\n<p>Cette d\u00e9cision s\u2019inscrit dans le cadre de la mise en \u0153uvre du trait\u00e9 de l\u2019OMS, la Convention Cadre pour la Lutte Antitabac, qui appelle \u00e0 la mobilisation de l\u2019ensemble de la soci\u00e9t\u00e9 civile pour r\u00e9duire la consommation de tabac. Aujourd\u2019hui, en effet le tabagisme est appr\u00e9hend\u00e9 comme une v\u00e9ritable \u00e9pid\u00e9mie industrielle et les int\u00e9r\u00eats des fabricants de tabac sont consid\u00e9r\u00e9s comme inconciliables avec ceux de la sant\u00e9 publique. Dans cette perspective, la France, aux c\u00f4t\u00e9s de plus 180 pays dans le monde, est engag\u00e9e dans une strat\u00e9gie d\u2019ensemble qui passe \u00e9galement par le retrait de fonds dans le secteur du tabac <a href=\"#_ftn3\" name=\"_ftnref3\">[3]<\/a>.<\/p>\n<p><strong>Cette \u00e9volution du monde \u00e9conomique renforce la d\u00e9normalisation de la consommation de tabac et contribue \u00e0 r\u00e9duire l\u2019influence de son l\u2019industrie.<\/strong><\/p>\n<p>Lanc\u00e9 en Australie, le mouvement de <strong>l\u2019ONG <\/strong><a href=\"https:\/\/tobaccofreeportfolios.org\/\"><strong>Tobacco Free Portfolios<\/strong><\/a> \u00e0 l\u2019initiative de la canc\u00e9rologue le Dr Bronwyn King, a d\u00e9j\u00e0 amen\u00e9, \u00e0 ce jour, une centaine d\u2019institutions financi\u00e8res \u00e0 s\u2019engager dans le <em>Tobacco Free Finance Pledge<\/em> (banques, fonds de pensions, assurances etc.). Afin d\u2019acc\u00e9l\u00e9rer ce mouvement<strong>, <\/strong><a href=\"https:\/\/www.alliancecontreletabac.org\/\"><strong>l\u2019Alliance contre le Tabac<\/strong><\/a><strong> (ACT) vient de signer un partenariat avec l\u2019ONG australienne, dans le cadre de son projet DETAF<a href=\"#_ftn4\" name=\"_ftnref4\">[4]<\/a> (D\u00e9normalisation du Tabac en France). <\/strong><\/p>\n<p><strong>Pour le Dr Bronwyn King, <\/strong><em>\u00ab le partenariat que nous venons de signer avec l\u2019Alliance contre le tabac va permettre d\u2019acc\u00e9l\u00e9rer le mouvement de d\u00e9sengagement du financement de l\u2019industrie du tabac en France, renforcer la collaboration entre le secteur financier et le monde de la sant\u00e9 et envoyer un message clair aux Fran\u00e7ais : le tabac n\u2019est pas un produit \u00ab normal \u00bb.<\/em><\/p>\n<p><span style=\"color: #666699;\"><a style=\"color: #666699;\" href=\"https:\/\/www.generationsanstabac.org\/\">\u00a9G\u00e9n\u00e9ration Sans Tabac<\/a><\/span><\/p>\n<hr \/>\n<p><a href=\"#_ftnref1\" name=\"_ftn1\">[1]<\/a> <a href=\"https:\/\/cnct.fr\/communiques\/axa-desengage-investissement-tabac\/\">https:\/\/cnct.fr\/communiques\/axa-desengage-investissement-tabac\/<\/a><\/p>\n<p><a href=\"#_ftnref2\" name=\"_ftn2\">[2]<\/a> Le co\u00fbt social des drogues en France, Pierre Kopp, OFDT, d\u00e9cembre 2015, ISBN : 979-10-92728-09-5, <a href=\"https:\/\/www.ofdt.fr\/BDD\/publications\/docs\/epfxpkvc.pdf\">https:\/\/www.ofdt.fr\/BDD\/publications\/docs\/epfxpkvc.pdf<\/a><\/p>\n<p><a href=\"#_ftnref3\" name=\"_ftn3\">[3]<\/a> Directives pour l\u2019application de l\u2019article 5.3 de la Convention-cadre de l\u2019OMS pour la lutte antitabac sur la protection des politiques de sant\u00e9 publique en mati\u00e8re de lutte antitabac face aux int\u00e9r\u00eats commerciaux et autres de l\u2019industrie du tabac  <a href=\"https:\/\/www.who.int\/fctc\/treaty_instruments\/article_5_3_fr.pdf\">https:\/\/www.who.int\/fctc\/treaty_instruments\/article_5_3_fr.pdf<\/a><\/p>\n<p><a href=\"#_ftnref4\" name=\"_ftn4\">[4]<\/a> DETAF est un projet triennal financ\u00e9 par le fonds de lutte contre les addictions et pilot\u00e9 par l\u2019Alliance contre le tabac en collaboration avec 6 de ses membres et 2 partenaires internationaux.<\/p>\n<p><span style=\"color: #999999;\"><strong><a style=\"color: #999999;\" href=\"http:\/\/www.cnct.fr\/\" target=\"_blank\" rel=\"noopener noreferrer\">\u00a9Comit\u00e9 National Contre le Tabagisme |<\/a><\/strong><\/span><\/p>\n","protected":false},"excerpt":{"rendered":"<p>Un nombre croissant d\u2019institutions financi\u00e8res d\u00e9cident aujourd\u2019hui de se d\u00e9sengager du tabac. Les derniers en date, le Cr\u00e9dit agricole et CNP Assurances<\/p>\n","protected":false},"featured_media":19761,"template":"","tags":[],"thematique":[499,491],"class_list":["post-19760","actualites","type-actualites","status-publish","has-post-thumbnail","hentry","thematique-lobby","thematique-politiques-publiques"],"acf":[],"_links":{"self":[{"href":"https:\/\/www.generationsanstabac.org\/fr\/wp-json\/wp\/v2\/actualites\/19760","targetHints":{"allow":["GET"]}}],"collection":[{"href":"https:\/\/www.generationsanstabac.org\/fr\/wp-json\/wp\/v2\/actualites"}],"about":[{"href":"https:\/\/www.generationsanstabac.org\/fr\/wp-json\/wp\/v2\/types\/actualites"}],"version-history":[{"count":0,"href":"https:\/\/www.generationsanstabac.org\/fr\/wp-json\/wp\/v2\/actualites\/19760\/revisions"}],"wp:featuredmedia":[{"embeddable":true,"href":"https:\/\/www.generationsanstabac.org\/fr\/wp-json\/wp\/v2\/media\/19761"}],"wp:attachment":[{"href":"https:\/\/www.generationsanstabac.org\/fr\/wp-json\/wp\/v2\/media?parent=19760"}],"wp:term":[{"taxonomy":"post_tag","embeddable":true,"href":"https:\/\/www.generationsanstabac.org\/fr\/wp-json\/wp\/v2\/tags?post=19760"},{"taxonomy":"thematique","embeddable":true,"href":"https:\/\/www.generationsanstabac.org\/fr\/wp-json\/wp\/v2\/thematique?post=19760"}],"curies":[{"name":"wp","href":"https:\/\/api.w.org\/{rel}","templated":true}]}}