{"id":19755,"date":"2020-05-26T14:47:17","date_gmt":"2020-05-26T12:47:17","guid":{"rendered":"https:\/\/www.generationsanstabac.org\/actualites\/3e-observatoire-industrie-du-tabac-face-a-la-covid19\/"},"modified":"2020-05-26T14:47:17","modified_gmt":"2020-05-26T12:47:17","slug":"3e-observatoire-industrie-du-tabac-face-a-la-covid19","status":"publish","type":"actualites","link":"https:\/\/www.generationsanstabac.org\/fr\/actualites\/3e-observatoire-industrie-du-tabac-face-a-la-covid19\/","title":{"rendered":"Troisi\u00e8me observatoire de l\u2019Industrie du tabac face \u00e0 la pand\u00e9mie de COVID19"},"content":{"rendered":"<p><a href=\"https:\/\/exposetobacco.org\/\">STOP<\/a>, est un organisme de veille \u00e0 l\u2019\u00e9chelle internationale qui suit les pratiques d\u2019interf\u00e9rence de  l\u2019industrie du tabac dans les politiques publiques. L\u2019organisme a relev\u00e9 depuis le d\u00e9but de la pand\u00e9mie un regain d\u2019activit\u00e9 de cette l\u2019industrie dans de nombreux pays \u00e0 travers le monde. Cette recrudescence de la pr\u00e9sence de l\u2019industrie de tabac est li\u00e9e de tr\u00e8s pr\u00e8s \u00e0 la pand\u00e9mie Covid19 qui lui permet de blanchir son image. Pour rendre compte de ces agissements, STOP assure une vigilance et rend compte des initiatives en mati\u00e8re de responsabilit\u00e9 sociale des entreprises (RSE) comme processus d\u2019am\u00e9lioration de l\u2019image des fabricants, en particulier via des dons cibl\u00e9s en mat\u00e9riel, \u00e9quipements ou en argent. Ces compte-rendu ne sont pas exhaustifs. Ils visent \u00e0 illustrer et partager les principaux faits et les tendances \u00e9mergentes observ\u00e9s \u00e0 partir de sources multiples. L\u2019organisation appelle \u00e9galement \u00e0 la vigilance des lecteurs pour faire remonter des activit\u00e9s compl\u00e9mentaires et les invite \u00e0 diffuser les donn\u00e9es du pr\u00e9sent document.<\/p>\n<p><a href=\"https:\/\/www.generationsanstabac.org\/actualites\/observatoire-de-lindustrie-du-tabac-face-a-la-pandemie-de-covid-19\/\">La premi\u00e8re \u00e9dition <\/a>a couvert une p\u00e9riode de 4 semaines allant du 20 mars au 16 avril<a href=\"https:\/\/www.generationsanstabac.org\/actualites\/2e-observatoire-industrie-du-tabac-pandemie-covid-19\/\">, la deuxi\u00e8me porte sur la p\u00e9riode du 17 avril au 1er mai<\/a>, celle-ci du 1er au 15 mai,  le prochain num\u00e9ro de cet observatoire sera diffus\u00e9 le 4 juin 2020.<\/p>\n<p><strong><u>Tendances majeures \u00e0 retenir : <\/u><\/strong><\/p>\n<ul>\n<li>Poursuite des activit\u00e9s de responsabilit\u00e9 sociale des entreprises (RSE) :BAT a mis en avant sa politique de responsabilit\u00e9 sociale d\u2019entreprise pendant l\u2019\u00e9pid\u00e9mie et a publi\u00e9 un plan de travail dans le cadre d\u2019une <a href=\"https:\/\/www.bat.com\/group\/sites\/uk__9d9kcy.nsf\/vwPagesWebLive\/DOBPBP5R\/$FILE\/medMDBPBNHY.pdf?openelement\">lettre ouverte<\/a> du pr\u00e9sident-directeur g\u00e9n\u00e9ral, Jack Bowles. PMI et Altria ont \u00e9galement tous deux insist\u00e9 sur leur politique de RSE pendant cette situation et ont communiqu\u00e9 sur leurs engagements lors des assembl\u00e9es g\u00e9n\u00e9rales annuelles d\u00e9but mai.<\/li>\n<li>Atteinte aux droits humains : La pression et l&rsquo;interf\u00e9rence accrues de l\u2019industrie du tabac pour rouvrir des usines ou continuer \u00e0 produire contre l&rsquo;avis des autorit\u00e9s sanitaires ont mis en danger nombre de ses travailleurs. Cela a contribu\u00e9 \u00e0 la diss\u00e9mination du virus en particulier parmi les employ\u00e9s o\u00f9 de nombreux cas positifs ont \u00e9t\u00e9 diagnostiqu\u00e9s, induisant des quarantaines et des d\u00e9c\u00e8s.<\/li>\n<li>Poursuite des campagnes marketing : <a href=\"https:\/\/www.tobaccofreekids.org\/media\/2020\/2020_05_covid-marketing\">Campaign for Tobacco-Free Kids<\/a> (CTFK) a enqu\u00eat\u00e9 et signal\u00e9 les tentatives d&rsquo;entreprises de tabac utilisant le confinement et les conseils pour rester \u00e0 la maison (StayAtHome) pour promouvoir leurs marques sur les r\u00e9seaux sociaux. A titre d\u2019exemple, le fabricant BAT a promu des masques de sa marque de tabac \u00ab Glo \u00bb , port\u00e9s par des influenceurs au <a href=\"https:\/\/theconversation.com\/coronavirus-big-tobacco-sees-an-opportunity-in-the-pandemic-138188\">Kazakhstan<\/a>.<\/li>\n<li>Poursuite de l\u2019interf\u00e9rence de l\u2019industrie dans la politique et la recherche : Les structures de fa\u00e7ade de l\u2019industrie du tabac, telles la Fondation PMI pour un monde sans fum\u00e9e, instrumentalise les r\u00e9sultats de recherche pour d\u00e9fendre leurs int\u00e9r\u00eats pour sous-entendre l\u2019absence de pertinence de la mesure d\u2019interdiction de vente de tabac pendant le confinement<\/li>\n<\/ul>\n<h4><\/h4>\n<p>&nbsp;<\/p>\n<p><span style=\"color: #666699;\"><a style=\"color: #666699;\" href=\"https:\/\/www.generationsanstabac.org\/\">\u00a9G\u00e9n\u00e9ration Sans Tabac<\/a><\/span><\/p>\n<p><span style=\"color: #999999;\"><strong><a style=\"color: #999999;\" href=\"http:\/\/www.cnct.fr\/\" target=\"_blank\" rel=\"noopener noreferrer\">\u00a9Comit\u00e9 National Contre le Tabagisme |<\/a><\/strong><\/span><\/p>\n<p><em><a href=\"#_ftnref1\" name=\"_ftn1\"><\/a><\/em><\/p>\n","protected":false},"excerpt":{"rendered":"<p>Cette recrudescence de la pr\u00e9sence de l\u2019industrie de tabac est li\u00e9e de tr\u00e8s pr\u00e8s \u00e0 la pand\u00e9mie Covid19 qui lui permet de blanchir son image.<\/p>\n","protected":false},"featured_media":10270,"template":"","tags":[],"thematique":[499,507],"class_list":["post-19755","actualites","type-actualites","status-publish","has-post-thumbnail","hentry","thematique-lobby","thematique-marketing-publicite"],"acf":[],"_links":{"self":[{"href":"https:\/\/www.generationsanstabac.org\/fr\/wp-json\/wp\/v2\/actualites\/19755","targetHints":{"allow":["GET"]}}],"collection":[{"href":"https:\/\/www.generationsanstabac.org\/fr\/wp-json\/wp\/v2\/actualites"}],"about":[{"href":"https:\/\/www.generationsanstabac.org\/fr\/wp-json\/wp\/v2\/types\/actualites"}],"version-history":[{"count":0,"href":"https:\/\/www.generationsanstabac.org\/fr\/wp-json\/wp\/v2\/actualites\/19755\/revisions"}],"wp:featuredmedia":[{"embeddable":true,"href":"https:\/\/www.generationsanstabac.org\/fr\/wp-json\/wp\/v2\/media\/10270"}],"wp:attachment":[{"href":"https:\/\/www.generationsanstabac.org\/fr\/wp-json\/wp\/v2\/media?parent=19755"}],"wp:term":[{"taxonomy":"post_tag","embeddable":true,"href":"https:\/\/www.generationsanstabac.org\/fr\/wp-json\/wp\/v2\/tags?post=19755"},{"taxonomy":"thematique","embeddable":true,"href":"https:\/\/www.generationsanstabac.org\/fr\/wp-json\/wp\/v2\/thematique?post=19755"}],"curies":[{"name":"wp","href":"https:\/\/api.w.org\/{rel}","templated":true}]}}