{"id":19753,"date":"2020-05-26T14:24:50","date_gmt":"2020-05-26T12:24:50","guid":{"rendered":"https:\/\/www.generationsanstabac.org\/actualites\/juul-renonce-marche-coree-du-sud\/"},"modified":"2020-05-26T14:24:50","modified_gmt":"2020-05-26T12:24:50","slug":"juul-renonce-marche-coree-du-sud","status":"publish","type":"actualites","link":"https:\/\/www.generationsanstabac.org\/fr\/actualites\/juul-renonce-marche-coree-du-sud\/","title":{"rendered":"Juul renonce au march\u00e9 Sud-cor\u00e9en"},"content":{"rendered":"<p>Le fabricant am\u00e9ricain de cigarettes \u00e9lectroniques Juul (propri\u00e9t\u00e9 de Altria, fabricant de Marlboro, entre autres) a d\u00e9clar\u00e9 qu&rsquo;il mettrait fin \u00e0 son activit\u00e9 en Cor\u00e9e du Sud, un an seulement apr\u00e8s son entr\u00e9e sur le march\u00e9.<\/p>\n<p>Dans un communiqu\u00e9, la soci\u00e9t\u00e9 a d\u00e9clar\u00e9 qu\u2019elle avait entam\u00e9 un processus de restructuration depuis le d\u00e9but de l\u2019ann\u00e9e, visant \u00e0 a fois \u00e0 r\u00e9duire les co\u00fbts et \u00e0 apporter des innovations \u00e0 ses produits.<\/p>\n<p>En octobre 2019, le minist\u00e8re de la Sant\u00e9 de la Cor\u00e9e du Sud avait d\u00e9j\u00e0 conseill\u00e9 aux gens d&rsquo;arr\u00eater de vapoter suite \u00e0 l\u2019\u00e9mergence croissante de probl\u00e8mes sanitaires : en particulier, un cas de pneumonie attribu\u00e9 \u00e0 la consommation de cigarettes \u00e9lectroniques avait \u00e9t\u00e9 d\u00e9tect\u00e9 chez une personne de trente ans, et a incit\u00e9 les diff\u00e9rents magasins \u00e0 suspendre la vente de ces produits, y compris ceux fabriqu\u00e9s par Juul Labs.<\/p>\n<p>En d\u00e9cembre, les autorit\u00e9s sanitaires sud-cor\u00e9ennes ont d\u00e9clar\u00e9 avoir trouv\u00e9 de l&rsquo;ac\u00e9tate de vitamine E (associ\u00e9 \u00e0 l\u2019apparition de maladies pulmonaires) dans certains produits de cigarette \u00e9lectronique liquide fabriqu\u00e9s par Juul Labs, qui en a publiquement ni\u00e9 l\u2019utilisation.<\/p>\n<p>Juul Labs avait lanc\u00e9 de nouveaux produits sp\u00e9cialement con\u00e7us pour le march\u00e9 cor\u00e9en en mai 2019, mais la firme a indiqu\u00e9 dans son communiqu\u00e9 que les performances commerciales \u00e9taient en de\u00e7\u00e0 de ses pr\u00e9visions.<\/p>\n<p>Le d\u00e9part de Juul de Cor\u00e9e du Sud marque un nouveau revers pour le g\u00e9ant am\u00e9ricain de la cigarette \u00e9lectronique, qui, accus\u00e9 d\u2019avoir d\u00e9clench\u00e9 une \u00e9pid\u00e9mie aupr\u00e8s des jeunes g\u00e9n\u00e9rations et confront\u00e9 \u00e0 une crise sans pr\u00e9c\u00e9dent aux Etats-Unis, peine \u00e0 rassurer les march\u00e9s financiers de la p\u00e9rennit\u00e9 de son mod\u00e8le \u00e9conomique.<\/p>\n<p><strong>Source :<\/strong><\/p>\n<p>Reuters, E-cigarette maker Juul Labs to exit South Korea after year of health controversies, 6 mai 2020<\/p>\n<p><a href=\"https:\/\/www.reuters.com\/article\/us-southkorea-vaping-juul\/e-cigarette-maker-juul-labs-to-exit-south-korea-after-year-of-health-controversies-idUSKBN22I1C9\">https:\/\/www.reuters.com\/article\/us-southkorea-vaping-juul\/e-cigarette-maker-juul-labs-to-exit-south-korea-after-year-of-health-controversies-idUSKBN22I1C9<\/a><\/p>\n<p><span style=\"color: #666699;\"><a style=\"color: #666699;\" href=\"https:\/\/www.generationsanstabac.org\/\">\u00a9G\u00e9n\u00e9ration Sans Tabac<\/a><\/span><\/p>\n<hr \/>\n<div class=\"entry-content\">\n<p><span style=\"color: #999999;\"><strong><a style=\"color: #999999;\" href=\"http:\/\/www.cnct.fr\/\" target=\"_blank\" rel=\"noopener noreferrer\">\u00a9Comit\u00e9 National Contre le Tabagisme |<\/a><\/strong><\/span><\/p>\n<\/div>\n<div class=\"date-wrapper\">\n<div class=\"grid-container\"><\/div>\n<\/div>\n","protected":false},"excerpt":{"rendered":"<p>Le fabricant de cigarettes \u00e9lectroniques Juul a d\u00e9clar\u00e9 qu&rsquo;il mettrait fin \u00e0 son activit\u00e9 en Cor\u00e9e du Sud, un an seulement apr\u00e8s son entr\u00e9e sur le march\u00e9.<\/p>\n","protected":false},"featured_media":19754,"template":"","tags":[],"thematique":[516],"class_list":["post-19753","actualites","type-actualites","status-publish","has-post-thumbnail","hentry","thematique-nouveaux-produits"],"acf":[],"_links":{"self":[{"href":"https:\/\/www.generationsanstabac.org\/fr\/wp-json\/wp\/v2\/actualites\/19753","targetHints":{"allow":["GET"]}}],"collection":[{"href":"https:\/\/www.generationsanstabac.org\/fr\/wp-json\/wp\/v2\/actualites"}],"about":[{"href":"https:\/\/www.generationsanstabac.org\/fr\/wp-json\/wp\/v2\/types\/actualites"}],"version-history":[{"count":0,"href":"https:\/\/www.generationsanstabac.org\/fr\/wp-json\/wp\/v2\/actualites\/19753\/revisions"}],"wp:featuredmedia":[{"embeddable":true,"href":"https:\/\/www.generationsanstabac.org\/fr\/wp-json\/wp\/v2\/media\/19754"}],"wp:attachment":[{"href":"https:\/\/www.generationsanstabac.org\/fr\/wp-json\/wp\/v2\/media?parent=19753"}],"wp:term":[{"taxonomy":"post_tag","embeddable":true,"href":"https:\/\/www.generationsanstabac.org\/fr\/wp-json\/wp\/v2\/tags?post=19753"},{"taxonomy":"thematique","embeddable":true,"href":"https:\/\/www.generationsanstabac.org\/fr\/wp-json\/wp\/v2\/thematique?post=19753"}],"curies":[{"name":"wp","href":"https:\/\/api.w.org\/{rel}","templated":true}]}}