{"id":19750,"date":"2020-05-25T09:01:03","date_gmt":"2020-05-25T07:01:03","guid":{"rendered":"https:\/\/www.generationsanstabac.org\/actualites\/journee-mondiale-sans-tabac-lindustrie-du-tabac-cible-les-jeunes\/"},"modified":"2020-05-25T09:01:03","modified_gmt":"2020-05-25T07:01:03","slug":"journee-mondiale-sans-tabac-lindustrie-du-tabac-cible-les-jeunes","status":"publish","type":"actualites","link":"https:\/\/www.generationsanstabac.org\/fr\/actualites\/journee-mondiale-sans-tabac-lindustrie-du-tabac-cible-les-jeunes\/","title":{"rendered":"Journ\u00e9e Mondiale Sans Tabac : l&rsquo;industrie du tabac cible les jeunes &#8211; illustrations"},"content":{"rendered":"<p>Depuis 1987, l&rsquo;OMS met en place la Journ\u00e9e mondiale sans tabac le 31 mai 2020. Cette ann\u00e9e, le th\u00e8me choisi est le suivant : <strong>\u00ab Pr\u00e9venir l&rsquo;utilisation du tabac et de la nicotine chez les jeunes et les prot\u00e9ger de la manipulation mise en place par les industriels du tabac \u00bb.<\/strong><\/p>\n<p>En r\u00e9ponse aux campagnes m\u00e9diatiques agressives des industriels du tabac, en particulier sur les m\u00e9dias sociaux, l\u2019OMS propose cette ann\u00e9e une contre-campagne \u00e0 l&rsquo;occasion de la Journ\u00e9e mondiale sans tabac. Son objectif est d&rsquo;informer les jeunes pour qu&rsquo;ils puissent \u00e0 leur tour devenir des acteurs de la lutte contre le tabagisme. Les compagnies de tabac visent \u00e0 normaliser l&rsquo;usage du tabac et \u00e0 promouvoir leurs produits addictifs aupr\u00e8s des jeunes g\u00e9n\u00e9rations afin qu&rsquo;elles puissent continuer \u00e0 gagner de l&rsquo;argent.<\/p>\n<p><iframe title=\"L\u2019industrie du tabac et les industries connexes attirent les enfants\u2026\" width=\"500\" height=\"375\" src=\"https:\/\/www.youtube.com\/embed\/3H-aqaRQqeY?start=2&#038;feature=oembed\" frameborder=\"0\" allow=\"accelerometer; autoplay; clipboard-write; encrypted-media; gyroscope; picture-in-picture; web-share\" referrerpolicy=\"strict-origin-when-cross-origin\" allowfullscreen><\/iframe><\/p>\n<p>Parmi les strat\u00e9gies mises en \u0153uvre pour cibler les jeunes, on rel\u00e8ve notamment :<\/p>\n<ol>\n<li>Philip Morris s&rsquo;est associ\u00e9 \u00e0 un service postal en Ukraine pour offrir la livraison \u00e0 domicile de HEETS, les cigarettes de tabac utilis\u00e9es pour son produit de tabac chauff\u00e9. Mais, dans le cadre d&rsquo;une exp\u00e9rience sociale, une adolescente de 16 ans a d\u00e9couvert qu&rsquo;elle pouvait commander ces cigarettes via l&rsquo;application de l\u2019entreprise partenaire et les faire livrer \u00e0 son domicile sans qu\u2019il y ait besoin de v\u00e9rifier son \u00e2ge. Cette omission donne aux consommateurs mineurs un acc\u00e8s facile au tabac, sans m\u00eame quitter leur domicile.<\/li>\n<li>British American Tobacco affirme avoir mis en place une politique interdisant l&rsquo;utilisation de mod\u00e8les ou d&rsquo;influenceurs de moins de 25 ans dans ses publicit\u00e9s. La soci\u00e9t\u00e9 de tabac a cependant enfreint sa propre r\u00e8gle selon un rapport publi\u00e9 en ao\u00fbt 2019. Elle a \u00e9t\u00e9 prise \u00e0 payer deux influenceurs Instagram, \u00e2g\u00e9s de 21 et 24 ans, pour promouvoir son produit de tabac chauff\u00e9, glo, sur les r\u00e9seaux sociaux.<\/li>\n<li>Philip Morris a annonc\u00e9 le lancement de nouveaux packagings pour ses cigarettes Marlboro en utilisant des emballages sur le th\u00e8me de la musique en \u00e9dition limit\u00e9e en Isra\u00ebl. Les annonces comportaient le slogan \u00ab Quel est votre son ? \u00bb tandis que l&#8217;emballage exclusif en \u00e9dition limit\u00e9e a \u00e9t\u00e9 con\u00e7u pour ressembler \u00e0 un haut-parleur.<\/li>\n<li>British American Tobacco utilise des hashtags sans aucun rapport avec le tabac, la nicotine ou les cigarettes \u00e9lectroniques dans les publications sur les r\u00e9seaux sociaux, notamment pour sa cigarette \u00e9lectronique vype. Pour s&rsquo;ins\u00e9rer dans les discussions sur les m\u00e9dias sociaux, la soci\u00e9t\u00e9 a utilis\u00e9 des hashtags li\u00e9s aux \u00e9v\u00e9nements de la culture pop ax\u00e9s sur les jeunes, notamment #Oscars2019, #bestactor et #londonfashionweek.<\/li>\n<li>M\u00eame si Philip Morris investit massivement dans des campagnes de relations publiques pour convaincre les consommateurs qu&rsquo;elle veut un monde sans fum\u00e9e, la soci\u00e9t\u00e9 de tabac a lanc\u00e9 une nouvelle marque de cigarettes \u00e0 haute teneur en goudron et en nicotine en Indon\u00e9sie. Pour promouvoir cette nouvelle marque, Philip Morris Bold, le fabricant a lanc\u00e9 sa campagne publicitaire \u00ab You Decide \u00bb, en utilisant les th\u00e8mes de l&rsquo;ind\u00e9pendance et de la spontan\u00e9it\u00e9 visant sp\u00e9cifiquement les jeunes.<\/li>\n<\/ol>\n<p>&nbsp;<\/p>\n<p><a href=\"https:\/\/exposetobacco.org\/news\/10-ways-to-target-youth\/\">Pour en savoir plus<\/a><\/p>\n<p>&nbsp;<\/p>\n<p><a href=\"https:\/\/www.generationsanstabac.org\/\">\u00a9G\u00e9n\u00e9ration Sans Tabac<\/a><\/p>\n<hr \/>\n<p><span style=\"color: #999999;\"><strong><a style=\"color: #999999;\" href=\"http:\/\/www.cnct.fr\/\" target=\"_blank\" rel=\"noopener noreferrer\">\u00a9Comit\u00e9 National Contre le Tabagisme |<\/a><\/strong><\/span><\/p>\n","protected":false},"excerpt":{"rendered":"<p>En r\u00e9ponse aux campagnes m\u00e9diatiques agressives des industriels du tabac, l\u2019OMS propose une contre-campagne \u00e0 l&rsquo;occasion de la Journ\u00e9e mondiale sans tabac.<\/p>\n","protected":false},"featured_media":9883,"template":"","tags":[],"thematique":[507],"class_list":["post-19750","actualites","type-actualites","status-publish","has-post-thumbnail","hentry","thematique-marketing-publicite"],"acf":[],"_links":{"self":[{"href":"https:\/\/www.generationsanstabac.org\/fr\/wp-json\/wp\/v2\/actualites\/19750","targetHints":{"allow":["GET"]}}],"collection":[{"href":"https:\/\/www.generationsanstabac.org\/fr\/wp-json\/wp\/v2\/actualites"}],"about":[{"href":"https:\/\/www.generationsanstabac.org\/fr\/wp-json\/wp\/v2\/types\/actualites"}],"version-history":[{"count":0,"href":"https:\/\/www.generationsanstabac.org\/fr\/wp-json\/wp\/v2\/actualites\/19750\/revisions"}],"wp:featuredmedia":[{"embeddable":true,"href":"https:\/\/www.generationsanstabac.org\/fr\/wp-json\/wp\/v2\/media\/9883"}],"wp:attachment":[{"href":"https:\/\/www.generationsanstabac.org\/fr\/wp-json\/wp\/v2\/media?parent=19750"}],"wp:term":[{"taxonomy":"post_tag","embeddable":true,"href":"https:\/\/www.generationsanstabac.org\/fr\/wp-json\/wp\/v2\/tags?post=19750"},{"taxonomy":"thematique","embeddable":true,"href":"https:\/\/www.generationsanstabac.org\/fr\/wp-json\/wp\/v2\/thematique?post=19750"}],"curies":[{"name":"wp","href":"https:\/\/api.w.org\/{rel}","templated":true}]}}