{"id":19749,"date":"2020-05-25T08:51:00","date_gmt":"2020-05-25T06:51:00","guid":{"rendered":"https:\/\/www.generationsanstabac.org\/actualites\/fondation-philip-morris-pour-un-monde-sans-fumee\/"},"modified":"2020-05-25T08:51:00","modified_gmt":"2020-05-25T06:51:00","slug":"fondation-philip-morris-pour-un-monde-sans-fumee","status":"publish","type":"actualites","link":"https:\/\/www.generationsanstabac.org\/fr\/actualites\/fondation-philip-morris-pour-un-monde-sans-fumee\/","title":{"rendered":"La Fondation Philip Morris pour \u00ab un monde sans fum\u00e9e \u00bb"},"content":{"rendered":"<p style=\"text-align: justify;\">La Fondation \u00ab pour un monde sans fum\u00e9e \u00bb fut mise en place en septembre 2017  par le cigarettier Philip Morris. <a href=\"https:\/\/tobaccotactics.org\/wiki\/foundation-for-a-smoke-free-world\/\">Celle-ci <\/a>affirme au contraire, encore aujourd\u2019hui, \u00eatre une \u00ab <em>organisation ind\u00e9pendante \u00e0 but non lucratif engag\u00e9e dans la r\u00e9duction des d\u00e9c\u00e8s et des maladies caus\u00e9es par le tabagisme <\/em>\u00bb.<\/p>\n<p style=\"text-align: justify;\">L\u2019analyse de son budget concernant les produits de l\u2019ann\u00e9e 2019 r\u00e9v\u00e8le une tout autre situation. Plus de deux ans apr\u00e8s avoir d\u00e9clar\u00e9 vouloir obtenir d&rsquo;autres bailleurs de fonds, cette fondation reste uniquement financ\u00e9e par <a href=\"https:\/\/tobaccotactics.org\/wiki\/philip-morris-international\/\">Philip Morris International<\/a> (PMI) qui l\u2019utilise comme outil dans sa strat\u00e9gie de relations publiques<\/p>\n<p style=\"text-align: justify;\">Philip Morris est une soci\u00e9t\u00e9 multinationale qui a export\u00e9 en 2019, plus de <a href=\"https:\/\/philipmorrisinternational.gcs-web.com\/static-files\/96ae3fdd-5033-4042-865f-7657c0f465d2\">700 milliards de cigarettes dans le monde<\/a>, avec un chiffre d&rsquo;affaires net de <a href=\"https:\/\/philipmorrisinternational.gcs-web.com\/static-files\/96ae3fdd-5033-4042-865f-7657c0f465d2\">78 milliards de dollars US<\/a> alors m\u00eame que cette entreprise a affirm\u00e9 \u00ab vouloir cesser la vente de cigarettes classiques \u00bb<\/p>\n<p style=\"text-align: justify;\">La Fondation <a href=\"https:\/\/tobaccotactics.org\/wiki\/foundation-for-a-smoke-free-world\/\">s\u2019affiche comme une organisation scientifique,<\/a> cependant, pr\u00e8s d&rsquo;un tiers (31%, soit 24,5 millions de dollars) de son budget a \u00e9t\u00e9 consacr\u00e9, entre autres, aux salaires, aux relations publiques et aux frais juridiques. Selon la premi\u00e8re analyse de la d\u00e9claration de revenus effectu\u00e9e par le Tobacco Control Research Group (TCRG) de l&rsquo;Universit\u00e9 de Bath, partenaire de STOP, seule la moiti\u00e9 environ (41 millions de dollars) a a concern\u00e9 des financements de subventions.<\/p>\n<p style=\"text-align: justify;\">Le Tobacco Control Research Group a par ailleurs constat\u00e9 que de nombreuses<a href=\"https:\/\/tobaccotactics.org\/wiki\/foundation-for-a-smoke-free-world-grantees\/\"> subventions<\/a> financent ce qui rel\u00e8ve davantage de relations publiques et d\u2019activit\u00e9s de lobbying que de recherche scientifique. Ces financements comprennent  la prise en charge des actualit\u00e9s de <a href=\"https:\/\/www.vida.com\/news\/\">VIDA<\/a>, un site \u00e9cran de l\u2019industrie du tabac pour \u00ab accro\u00eetre la sensibilisation du public aux causes des dangers du tabagisme et \u00e0 la disponibilit\u00e9 d\u2019alternatives \u00bb ; le R\u00e9seau international des organisations de consommateurs de nicotine <a href=\"https:\/\/tobaccotactics.org\/wiki\/international-network-of-nicotine-consumer-organisations-innco\/\">(INNCO<\/a>) pour \u00ab promouvoir la r\u00e9duction des m\u00e9faits du tabac sur la sc\u00e8ne mondiale \u00bb et la <a href=\"https:\/\/www.conradchallenge.org\/conrad-foundation\">Fondation Conrad<\/a> pour organiser des concours scientifiques pour les enfants. Toutes ces structures d\u00e9veloppent un m\u00eame message associ\u00e9 \u00e0 la promotion des nouveaux produits du cigarettier.<\/p>\n<p style=\"text-align: justify;\"><a href=\"https:\/\/www.thelancet.com\/journals\/lancet\/article\/PIIS0140-6736(19)31347-9\/fulltext\">La Fondation travaille encore largement<\/a> avec les organisations de lobbying et relations publiques, avec les cabinets juridiques et les agences de communication ayant des liens historiques et \/ ou actuels avec l&rsquo;industrie du tabac. Les soci\u00e9t\u00e9s Ogilvy et Ruder Finn qui ont travaill\u00e9 avec Philip Morris pendant des d\u00e9cennies pour aider \u00e0 cr\u00e9er des doutes sur les m\u00e9faits du tabac, en constituent une illustration.<\/p>\n<p style=\"text-align: justify;\">En d\u00e9pit de d\u00e9penses financi\u00e8res massives aupr\u00e8s de ces agences de communication et relations publiques, La Fondation semble avoir du mal \u00e0 obtenir une l\u00e9gitimit\u00e9 et \u00e0 \u00e9tablir des liens cr\u00e9dibles avec les \u00e9tablissements universitaires. Seuls 16% des boursiers de la Fondation sont bas\u00e9s dans un \u00e9tablissement universitaire.<\/p>\n<p style=\"text-align: justify;\">La Fondation semble \u00e9galement avoir de plus en plus de mal \u00e0 recruter du personnel. La Fondation a d\u00e9pens\u00e9 des sommes \u00e9normes pour tenter de trouver de nouveaux employ\u00e9s. Elle a d\u00e9pens\u00e9 plus de 852000 $ en consultants en recrutement en 2019, <a href=\"https:\/\/www.smokefreeworld.org\/sites\/default\/files\/uploads\/documents\/fsfw_2018_form_990-pf_public_inspection.pdf\">soit 11 fois plus que ses d\u00e9penses de recrutement en 2018.<\/a><\/p>\n<p style=\"text-align: justify;\">Il appara\u00eet ainsi que la Fondation est avant tout un groupe de fa\u00e7ade pour le cigarettier Philip Morris. Ce dernier y investit des sommes cons\u00e9quentes \u00e0 des fins essentiellement de relations publiques. Les sommes sont n\u00e9anmoins sensiblement moindres que les investissements du m\u00eame cigarettier dans les sports m\u00e9caniques afin de promouvoir directement ses produits.<\/p>\n<p style=\"text-align: justify;\">Dans cette perspective, les autorit\u00e9s sanitaires alertent sur les v\u00e9ritables finalit\u00e9s de cette structure au service du cigarettier qui sont incompatibles avec les objectifs de sant\u00e9 publique.<\/p>\n<p style=\"text-align: justify;\"><a href=\"https:\/\/www.generationsanstabac.org\/\">\u00a9G\u00e9n\u00e9ration Sans Tabac<\/a><\/p>\n<hr \/>\n<p style=\"text-align: justify;\"><span style=\"color: #999999;\"><strong><a style=\"color: #999999;\" href=\"http:\/\/www.cnct.fr\/\" target=\"_blank\" rel=\"noopener noreferrer\">\u00a9Comit\u00e9 National Contre le Tabagisme |<\/a><\/strong><\/span><\/p>\n","protected":false},"excerpt":{"rendered":"<p>La Fondation affirme \u00eatre une \u00ab organisation ind\u00e9pendante \u00e0 but non lucratif engag\u00e9e dans la r\u00e9duction des d\u00e9c\u00e8s et des maladies caus\u00e9es par le tabagisme \u00bb.<\/p>\n","protected":false},"featured_media":19614,"template":"","tags":[],"thematique":[499,507],"class_list":["post-19749","actualites","type-actualites","status-publish","has-post-thumbnail","hentry","thematique-lobby","thematique-marketing-publicite"],"acf":[],"_links":{"self":[{"href":"https:\/\/www.generationsanstabac.org\/fr\/wp-json\/wp\/v2\/actualites\/19749","targetHints":{"allow":["GET"]}}],"collection":[{"href":"https:\/\/www.generationsanstabac.org\/fr\/wp-json\/wp\/v2\/actualites"}],"about":[{"href":"https:\/\/www.generationsanstabac.org\/fr\/wp-json\/wp\/v2\/types\/actualites"}],"version-history":[{"count":0,"href":"https:\/\/www.generationsanstabac.org\/fr\/wp-json\/wp\/v2\/actualites\/19749\/revisions"}],"wp:featuredmedia":[{"embeddable":true,"href":"https:\/\/www.generationsanstabac.org\/fr\/wp-json\/wp\/v2\/media\/19614"}],"wp:attachment":[{"href":"https:\/\/www.generationsanstabac.org\/fr\/wp-json\/wp\/v2\/media?parent=19749"}],"wp:term":[{"taxonomy":"post_tag","embeddable":true,"href":"https:\/\/www.generationsanstabac.org\/fr\/wp-json\/wp\/v2\/tags?post=19749"},{"taxonomy":"thematique","embeddable":true,"href":"https:\/\/www.generationsanstabac.org\/fr\/wp-json\/wp\/v2\/thematique?post=19749"}],"curies":[{"name":"wp","href":"https:\/\/api.w.org\/{rel}","templated":true}]}}