{"id":19748,"date":"2020-05-20T09:34:44","date_gmt":"2020-05-20T07:34:44","guid":{"rendered":"https:\/\/www.generationsanstabac.org\/actualites\/la-consommation-de-tabac-dalcool-et-de-cannabis-en-baisse-chez-les-adolescents\/"},"modified":"2020-05-20T09:34:44","modified_gmt":"2020-05-20T07:34:44","slug":"la-consommation-de-tabac-dalcool-et-de-cannabis-en-baisse-chez-les-adolescents","status":"publish","type":"actualites","link":"https:\/\/www.generationsanstabac.org\/fr\/actualites\/la-consommation-de-tabac-dalcool-et-de-cannabis-en-baisse-chez-les-adolescents\/","title":{"rendered":"La consommation de tabac, d&rsquo;alcool et de cannabis en baisse chez les adolescents"},"content":{"rendered":"<p style=\"text-align: justify;\">Le classement des adolescents fran\u00e7ais consommateurs de tabac, d&rsquo;alcool, et de cannabis chute de plusieurs places par rapport \u00e0 2014, r\u00e9v\u00e8le une note de l&rsquo;Observatoire fran\u00e7ais des drogues et des toxicomanies (OFDT)<a href=\"https:\/\/www.ofdt.fr\/publications\/collections\/notes\/les-consommations-dalcool-de-tabac-et-de-cannabis-chez-les-eleves-de-1113-et-15-ans-hbsc-et-enclass-france-2018\/\">[1]<\/a>, publi\u00e9e ce mardi 19 mai. Cette communication se fonde sur les constats de l\u2019enqu\u00eate Health Behaviour in School-Aged Children (HBSC)<a href=\"http:\/\/ouv.fr\/sites\/drogues.gouv.fr\/files\/atoms\/files\/note-ofdt_hbsc_2020.pdf\">[2]<\/a> men\u00e9e en 2018 sous l\u2019\u00e9gide de l\u2019Organisation Mondiale de la Sant\u00e9 (OMS). L\u2019adolescence \u00e9tant une p\u00e9riode cruciale dans la d\u00e9termination des comportements de sant\u00e9, l\u2019OMS r\u00e9alise cette enqu\u00eate internationale tous les quatre ans afin de suivre l\u2019\u00e9volution des consommations de substances psychoactives et publier un panorama du bien-\u00eatre et de la sant\u00e9 des jeunes d\u2019Am\u00e9rique du Nord et d\u2019Europe.<\/p>\n<p style=\"text-align: justify;\">Au moyen de l\u2019enqu\u00eate EnCLASS, les adolescents fran\u00e7ais scolaris\u00e9s dans le secondaire ont \u00e9t\u00e9 interrog\u00e9s sur leurs habitudes de consommations et\/ou tentatives.<br \/>\nAlors que les jeunes fran\u00e7ais occupaient les premi\u00e8res places du classement \u00e0 l\u2019issue de l\u2019enqu\u00eate HBSC de 2014, celle-ci constate, en 2018, que les niveaux d\u2019exp\u00e9rimentation ont diminu\u00e9, passant de :<br \/>\n\u2022 6,6% \u00e0 4,1% chez les adolescents de 11 ans,<br \/>\n\u2022 24.5% \u00e0 14.0% chez les adolescents de 13 ans,<br \/>\n\u2022 51,8% \u00e0 33% chez les adolescents de 15 ans.<\/p>\n<p style=\"text-align: justify;\">En outre, pour les jeunes \u00e2g\u00e9s de 15 ans, l\u2019enqu\u00eate s\u2019int\u00e9resse \u00e9galement \u00e0 leur usage au cours du mois pr\u00e9c\u00e9dent. L\u00e0 encore, une baisse est observ\u00e9e entre 2014 (26,5%) et 2018 (17,6%).<\/p>\n<p style=\"text-align: justify;\">D\u00e9sormais, les adolescents fran\u00e7ais entre 11 et 15 ans occupent la dixi\u00e8me place du classement international. Les premiers rangs sont d\u00e9sormais occup\u00e9s par l&rsquo;Italie, la Bulgarie et la Lituanie. L\u2019Angleterre, la Suisse, l&rsquo;Allemagne ou encore le Pays de Galles enregistrent les pr\u00e9valences les plus \u00e9lev\u00e9es.<\/p>\n<p style=\"text-align: justify;\">Si les r\u00e9sultats de l\u2019enqu\u00eate sont encourageants et attestent de changements positifs dans les habitudes des jeunes fran\u00e7ais, il convient de rappeler qu\u2019un tiers des adolescents exp\u00e9rimente la cigarette d\u2019ici la fin du coll\u00e8ge et que la France est au-dessus de la moyenne europ\u00e9enne.<\/p>\n<p style=\"text-align: justify;\"><span style=\"color: #666699;\"><a style=\"color: #666699;\" href=\"https:\/\/www.generationsanstabac.org\/\">\u00a9G\u00e9n\u00e9ration Sans Tabac<\/a><\/span><\/p>\n<hr \/>\n<p style=\"text-align: justify;\">[1] <a href=\"https:\/\/www.ofdt.fr\/publications\/collections\/notes\/les-consommations-dalcool-de-tabac-et-de-cannabis-chez-les-eleves-de-1113-et-15-ans-hbsc-et-enclass-france-2018\/\">https:\/\/www.ofdt.fr\/publications\/collections\/notes\/les-consommations-dalcool-de-tabac-et-de-cannabis-chez-les-eleves-de-1113-et-15-ans-hbsc-et-enclass-france-2018\/<\/a><\/p>\n<p style=\"text-align: justify;\">[2] <a href=\"https:\/\/www.drogues.gouv.fr\/sites\/drogues.gouv.fr\/files\/atoms\/files\/note-ofdt_hbsc_2020.pdf\">https:\/\/www.drogues.gouv.fr\/sites\/drogues.gouv.fr\/files\/atoms\/files\/note-ofdt_hbsc_2020.pdf<\/a><\/p>\n<p style=\"text-align: justify;\"><span style=\"color: #e8e8e8;\"><strong><a style=\"color: #e8e8e8;\" href=\"http:\/\/dnf.asso.fr\/\/\" target=\"_blank\" rel=\"noopener noreferrer\"> \u00a9DNF &#8211; Pour un Monde ZeroTabac |<\/a><\/strong><\/span><\/p>\n","protected":false},"excerpt":{"rendered":"<p>Le classement des jeunes fran\u00e7ais consommateurs de tabac, d&rsquo;alcool, et de cannabis chute de plusieurs places par rapport \u00e0 2014 selon une note de l&rsquo;OFDT.<\/p>\n","protected":false},"featured_media":15134,"template":"","tags":[],"thematique":[474],"class_list":["post-19748","actualites","type-actualites","status-publish","has-post-thumbnail","hentry","thematique-sante"],"acf":[],"_links":{"self":[{"href":"https:\/\/www.generationsanstabac.org\/fr\/wp-json\/wp\/v2\/actualites\/19748","targetHints":{"allow":["GET"]}}],"collection":[{"href":"https:\/\/www.generationsanstabac.org\/fr\/wp-json\/wp\/v2\/actualites"}],"about":[{"href":"https:\/\/www.generationsanstabac.org\/fr\/wp-json\/wp\/v2\/types\/actualites"}],"version-history":[{"count":0,"href":"https:\/\/www.generationsanstabac.org\/fr\/wp-json\/wp\/v2\/actualites\/19748\/revisions"}],"wp:featuredmedia":[{"embeddable":true,"href":"https:\/\/www.generationsanstabac.org\/fr\/wp-json\/wp\/v2\/media\/15134"}],"wp:attachment":[{"href":"https:\/\/www.generationsanstabac.org\/fr\/wp-json\/wp\/v2\/media?parent=19748"}],"wp:term":[{"taxonomy":"post_tag","embeddable":true,"href":"https:\/\/www.generationsanstabac.org\/fr\/wp-json\/wp\/v2\/tags?post=19748"},{"taxonomy":"thematique","embeddable":true,"href":"https:\/\/www.generationsanstabac.org\/fr\/wp-json\/wp\/v2\/thematique?post=19748"}],"curies":[{"name":"wp","href":"https:\/\/api.w.org\/{rel}","templated":true}]}}