{"id":19742,"date":"2020-05-18T13:04:35","date_gmt":"2020-05-18T11:04:35","guid":{"rendered":"https:\/\/www.generationsanstabac.org\/actualites\/justice-cuisante-defaite-pour-les-cigarettiers-en-suisse\/"},"modified":"2020-05-18T13:04:35","modified_gmt":"2020-05-18T11:04:35","slug":"justice-cuisante-defaite-pour-les-cigarettiers-en-suisse","status":"publish","type":"actualites","link":"https:\/\/www.generationsanstabac.org\/fr\/actualites\/justice-cuisante-defaite-pour-les-cigarettiers-en-suisse\/","title":{"rendered":"Justice : cuisante d\u00e9faite pour les cigarettiers en Suisse"},"content":{"rendered":"<p>En Suisse, le Tribunal f\u00e9d\u00e9ral suisse a rendu son verdict : la direction des Douanes devra fournir \u00e0 Oxysuisse, une association militant contre le tabagisme, des informations sur le prix de vente au d\u00e9tail des marques de cigarettes pour les ann\u00e9es 2014 et 2015. Cette d\u00e9cision met fin \u00e0 une bataille juridique de trois ans, et pour laquelle l\u2019industrie du tabac a d\u00e9ploy\u00e9 une d\u00e9fense acharn\u00e9e.<\/p>\n<p>Comme le mentionne Oxysuisse dans son communiqu\u00e9 de presse, l\u2019association, qui soup\u00e7onne les trois grandes compagnies de tabac d\u2019une entente secr\u00e8te sur les prix, souhaite enqu\u00eater sur le sujet.<\/p>\n<p>La Suisse, un des rares pays du monde \u00e0 ne pas avoir ratifi\u00e9 la Convention-Cadre de l\u2019Organisation Mondiale de la Sant\u00e9 pour la Lutte AntiTabac (CCLAT), est <a href=\"https:\/\/www.generationsanstabac.org\/actualites\/la-suisse-est-la-patrie-des-multinationales-du-tabac\/\">un v\u00e9ritable eldorado<\/a> pour l\u2019industrie du tabac.<\/p>\n<p>L\u2019industrie du tabac r\u00e9alise des b\u00e9n\u00e9fices records en Suisse : dans aucun autre pays d\u2019Europe, les cigarettiers ne d\u00e9gagent une si grande marge b\u00e9n\u00e9ficiaire par paquet de cigarettes. Si l\u2019on prend la marque la plus vendue, par exemple, la marge b\u00e9n\u00e9ficiaire brute s\u2019\u00e9l\u00e8ve \u00e0 3,40 francs suisses par paquet, soit un peu plus de 3,20 euros. En comparaison, en France, cette derni\u00e8re s\u2019\u00e9l\u00e8ve \u00e0 0,69 euros, soit un rapport de un \u00e0 cinq.<\/p>\n<p>Pour cause, la politique fiscale suisse sur les paquets de cigarettes est particuli\u00e8rement faible, et bloqu\u00e9e depuis 2013. Alors que dans tous les pays frontaliers, les taxes sur le tabac d\u00e9passent largement le taux recommand\u00e9 par l\u2019OMS, soit 70%, le Conseil national et le Conseil des \u00c9tats refusent de prendre des mesures correspondantes, afin d\u2019\u00e9viter que le prix du tabac devienne \u00ab dissuasif pour la consommation \u00bb.<\/p>\n<p>Cette politique, d\u00e9sastreuse sur un plan sanitaire (le tabagisme entra\u00eene la mort de pr\u00e8s de 10 000 personnes par an en Suisse), est \u00e9galement un gouffre financier : l\u2019absence de politique fiscale volontariste entra\u00eene un manque \u00e0 gagner de 200 millions de francs suisse (190 millions d\u2019euros).<\/p>\n<p>Si la suspicion d\u2019entente sur les prix entre les compagnies de tabac \u00e9tait av\u00e9r\u00e9e, OxySuisse plaide pour la mise en place des mesures suivantes :<\/p>\n<ul>\n<li><em> Appliquer la loi sur les cartels pour en obtenir le d\u00e9mant\u00e8lement, et demander le remboursement des sommes per\u00e7ues ill\u00e9galement. <\/em><\/li>\n<li><em> Alerter l\u2019office de surveillance des prix pour un examen approfondi des pratiques de prix concert\u00e9es des multinationales du tabac. <\/em><\/li>\n<\/ul>\n<p><span style=\"color: #666699;\"><a style=\"color: #666699;\" href=\"https:\/\/www.generationsanstabac.org\/\">\u00a9G\u00e9n\u00e9ration Sans Tabac<\/a><\/span><\/p>\n<hr \/>\n<p><span style=\"color: #e8e8e8;\"><strong><a style=\"color: #e8e8e8;\" href=\"http:\/\/www.cnct.fr\/\" target=\"_blank\" rel=\"noopener noreferrer\">\u00a9Comit\u00e9 National Contre le Tabagisme |<\/a><\/strong><\/span><\/p>\n","protected":false},"excerpt":{"rendered":"<p>La Suisse, un des rares pays du monde \u00e0 ne pas avoir ratifi\u00e9 la CCLAT, est un v\u00e9ritable eldorado pour l\u2019industrie du tabac.<\/p>\n","protected":false},"featured_media":15129,"template":"","tags":[],"thematique":[502],"class_list":["post-19742","actualites","type-actualites","status-publish","has-post-thumbnail","hentry","thematique-justice"],"acf":[],"_links":{"self":[{"href":"https:\/\/www.generationsanstabac.org\/fr\/wp-json\/wp\/v2\/actualites\/19742","targetHints":{"allow":["GET"]}}],"collection":[{"href":"https:\/\/www.generationsanstabac.org\/fr\/wp-json\/wp\/v2\/actualites"}],"about":[{"href":"https:\/\/www.generationsanstabac.org\/fr\/wp-json\/wp\/v2\/types\/actualites"}],"version-history":[{"count":0,"href":"https:\/\/www.generationsanstabac.org\/fr\/wp-json\/wp\/v2\/actualites\/19742\/revisions"}],"wp:featuredmedia":[{"embeddable":true,"href":"https:\/\/www.generationsanstabac.org\/fr\/wp-json\/wp\/v2\/media\/15129"}],"wp:attachment":[{"href":"https:\/\/www.generationsanstabac.org\/fr\/wp-json\/wp\/v2\/media?parent=19742"}],"wp:term":[{"taxonomy":"post_tag","embeddable":true,"href":"https:\/\/www.generationsanstabac.org\/fr\/wp-json\/wp\/v2\/tags?post=19742"},{"taxonomy":"thematique","embeddable":true,"href":"https:\/\/www.generationsanstabac.org\/fr\/wp-json\/wp\/v2\/thematique?post=19742"}],"curies":[{"name":"wp","href":"https:\/\/api.w.org\/{rel}","templated":true}]}}