{"id":19717,"date":"2020-05-11T08:21:14","date_gmt":"2020-05-11T06:21:14","guid":{"rendered":"https:\/\/www.generationsanstabac.org\/actualites\/quand-armee-americaine-se-saisit-fleau-tabagisme-rangs\/"},"modified":"2020-05-11T08:21:14","modified_gmt":"2020-05-11T06:21:14","slug":"quand-armee-americaine-se-saisit-fleau-tabagisme-rangs","status":"publish","type":"actualites","link":"https:\/\/www.generationsanstabac.org\/fr\/actualites\/quand-armee-americaine-se-saisit-fleau-tabagisme-rangs\/","title":{"rendered":"Quand l\u2019arm\u00e9e am\u00e9ricaine se saisit du fl\u00e9au du tabagisme dans ses rangs"},"content":{"rendered":"<p style=\"text-align: justify;\">Les Centres pour le contr\u00f4le et la pr\u00e9vention des maladies<a href=\"https:\/\/www.cdc.gov\/\">[1]<\/a> (CDC) estiment que parmi les fumeurs am\u00e9ricains de moins de 18 ans, se sont 5,6 millions qui d\u00e9c\u00e9deront des suites d\u2019une pathologie li\u00e9e au tabagisme, soit 1 am\u00e9ricain sur 13 aujourd\u2019hui \u00e2g\u00e9 de moins de 18 ans.<\/p>\n<p style=\"text-align: justify;\">En d\u00e9cembre dernier, les Etats-Unis amendaient la loi f\u00e9d\u00e9rale relative \u00e0 la nourriture, aux drogues et aux cosm\u00e9tiques et augmentaient par-l\u00e0 l\u2019\u00e2ge l\u00e9gal minimum de vente de produits du tabac \u00e0 21 ans. A compter du 1er ao\u00fbt prochain, les points de vente au d\u00e9tail n\u2019auront donc plus l\u2019autorisation de vendre des cigarettes, du tabac \u00e0 shisha, des cigarettes \u00e9lectroniques et leurs e-liquides ou encore du tabac sans fum\u00e9e \u00e0 toute personne n\u2019ayant pas 21 ans.<\/p>\n<p style=\"text-align: justify;\">Le Minist\u00e8re am\u00e9ricain de la D\u00e9fense a, de mani\u00e8re exemplaire, d\u00e9j\u00e0 pris ses dispositions pour garantir l\u2019effectivit\u00e9 de cette interdiction. Avant le 1er juillet 2020, tous les points de vente implant\u00e9s dans les installations du Minist\u00e8re, y compris les navires de guerre, devront avoir mis en place des affiches informatives \u00e0 l\u2019attention de leur client\u00e8le.<\/p>\n<p style=\"text-align: justify;\">Cet engagement dans la lutte contre le tabagisme n\u2019est pas nouveau. Apr\u00e8s avoir identifi\u00e9 que la pr\u00e9valence tabagique \u00e9tait la plus \u00e9lev\u00e9e chez les militaires de moins de 25 ans, le Centre de sant\u00e9 public de l\u2019arm\u00e9e<a href=\"https:\/\/phc.amedd.army.mil\/Pages\/default.aspx\">[2]<\/a> (APHC) s\u2019est donn\u00e9 pour objectif d\u2019\u00e9liminer le tabagisme au sein de l\u2019arm\u00e9e d\u2019ici 2025. Or, les citoyens am\u00e9ricains qui seront soldats en 2025 sont actuellement scolaris\u00e9s dans le second degr\u00e9. Il est donc compr\u00e9hensible que pour \u00e9radiquer le fl\u00e9au du tabagisme au sein de l\u2019arm\u00e9e am\u00e9ricaine, les initiatives<a href=\"https:\/\/phc.amedd.army.mil\/topics\/healthyliving\/tfl\/Pages\/TFLEducation.aspx\">[3]<\/a> se concentrent en priorit\u00e9 sur les jeunes et tout particuli\u00e8rement sur les mineurs.<\/p>\n<p style=\"text-align: justify;\">D\u2019apr\u00e8s Corey Fitzgerald, travailleur social en sant\u00e9 publique au sein de l\u2019APHC, des recherches ont \u00e9tabli l\u2019opportunit\u00e9 d\u2019augmenter l\u2019\u00e2ge l\u00e9gal de vente des produits du tabac \u00e0 21 ans pour r\u00e9duire l\u2019initiation et la consommation de tabac chez les jeunes et ce, en majeure partie parce que ce public est tout particuli\u00e8rement cibl\u00e9 par les industriels du tabac<a href=\"ttps:\/\/www.army.mil\/article\/235285\/dod_to_implement_t21_policies_for_tobacco_sales_beginning_in_august\">[4]<\/a>.<\/p>\n<p style=\"text-align: justify;\"><span style=\"color: #666699;\"><a style=\"color: #666699;\" href=\"https:\/\/www.generationsanstabac.org\/\">\u00a9G\u00e9n\u00e9ration Sans Tabac<\/a><\/span><\/p>\n<hr \/>\n<p style=\"text-align: justify;\">[1] <a href=\"https:\/\/www.cdc.gov\/\">https:\/\/www.cdc.gov\/<\/a><\/p>\n<p style=\"text-align: justify;\">[2] <a href=\"https:\/\/phc.amedd.army.mil\/Pages\/default.aspx\">https:\/\/phc.amedd.army.mil\/Pages\/default.aspx<\/a><\/p>\n<p style=\"text-align: justify;\">[3] <a href=\"https:\/\/phc.amedd.army.mil\/topics\/healthyliving\/tfl\/Pages\/TFLEducation.aspx\">https:\/\/phc.amedd.army.mil\/topics\/healthyliving\/tfl\/Pages\/TFLEducation.aspx<\/a><\/p>\n<p style=\"text-align: justify;\">[4] <a href=\"https:\/\/www.army.mil\/article\/235285\/dod_to_implement_t21_policies_for_tobacco_sales_beginning_in_august\">https:\/\/www.army.mil\/article\/235285\/dod_to_implement_t21_policies_for_tobacco_sales_beginning_in_august<\/a><\/p>\n<p style=\"text-align: justify;\"><span style=\"color: #e8e8e8;\"><strong><a style=\"color: #e8e8e8;\" href=\"http:\/\/dnf.asso.fr\/\/\" target=\"_blank\" rel=\"noopener noreferrer\"> \u00a9DNF &#8211; Pour un Monde ZeroTabac |<\/a><\/strong><\/span><\/p>\n","protected":false},"excerpt":{"rendered":"<p>D\u00e8s ao\u00fbt 2020, les points de vente au d\u00e9tail n\u2019auront donc plus l\u2019autorisation de vendre des produits du tabac et liquides aux jeunes n\u2019ayant pas 21 ans.<\/p>\n","protected":false},"featured_media":19544,"template":"","tags":[],"thematique":[474],"class_list":["post-19717","actualites","type-actualites","status-publish","has-post-thumbnail","hentry","thematique-sante"],"acf":[],"_links":{"self":[{"href":"https:\/\/www.generationsanstabac.org\/fr\/wp-json\/wp\/v2\/actualites\/19717","targetHints":{"allow":["GET"]}}],"collection":[{"href":"https:\/\/www.generationsanstabac.org\/fr\/wp-json\/wp\/v2\/actualites"}],"about":[{"href":"https:\/\/www.generationsanstabac.org\/fr\/wp-json\/wp\/v2\/types\/actualites"}],"version-history":[{"count":0,"href":"https:\/\/www.generationsanstabac.org\/fr\/wp-json\/wp\/v2\/actualites\/19717\/revisions"}],"wp:featuredmedia":[{"embeddable":true,"href":"https:\/\/www.generationsanstabac.org\/fr\/wp-json\/wp\/v2\/media\/19544"}],"wp:attachment":[{"href":"https:\/\/www.generationsanstabac.org\/fr\/wp-json\/wp\/v2\/media?parent=19717"}],"wp:term":[{"taxonomy":"post_tag","embeddable":true,"href":"https:\/\/www.generationsanstabac.org\/fr\/wp-json\/wp\/v2\/tags?post=19717"},{"taxonomy":"thematique","embeddable":true,"href":"https:\/\/www.generationsanstabac.org\/fr\/wp-json\/wp\/v2\/thematique?post=19717"}],"curies":[{"name":"wp","href":"https:\/\/api.w.org\/{rel}","templated":true}]}}