{"id":19710,"date":"2020-05-05T15:18:39","date_gmt":"2020-05-05T13:18:39","guid":{"rendered":"https:\/\/www.generationsanstabac.org\/actualites\/canada-jeunes-vapoteurs-ont-double-en-deux-ans\/"},"modified":"2020-05-05T15:18:39","modified_gmt":"2020-05-05T13:18:39","slug":"canada-jeunes-vapoteurs-ont-double-en-deux-ans","status":"publish","type":"actualites","link":"https:\/\/www.generationsanstabac.org\/fr\/actualites\/canada-jeunes-vapoteurs-ont-double-en-deux-ans\/","title":{"rendered":"Canada : les jeunes vapoteurs ont plus que doubl\u00e9 en l\u2019espace de deux ans"},"content":{"rendered":"<p>Une \u00e9tude<a href=\"#_ftn1\" name=\"_ftnref1\">[1]<\/a> mesurant les tendances de vapotage chez les jeunes au Canada a \u00e9t\u00e9 publi\u00e9e le 4 mai 2020 dans le Journal of the American Medical Association &#8211; Pediatrics (JAMA Pediatrics). L&rsquo;\u00e9tude a \u00e9t\u00e9 dirig\u00e9e par le professeur David Hammond de l&rsquo;Universit\u00e9 de Waterloo<a href=\"#_ftn2\" name=\"_ftnref2\">[2]<\/a>. Les principaux enseignements de cette \u00e9tude sont :<\/p>\n<ul>\n<li>La progression du vapotage chez les jeunes de 16 \u00e0 19 ans au Canada : la proportion de vapoteurs dans cette tranche d\u2019\u00e2ge a plus que doubl\u00e9 sur une p\u00e9riode de deux ans, de 2017 \u00e0 2019. Le vapotage chez les jeunes est ainsi pass\u00e9 de 8,4% en 2017 \u00e0 17,8% en 2019, soit une augmentation de 112%.<\/li>\n<\/ul>\n<p>Il appara\u00eet \u00e9galement une augmentation de la fr\u00e9quence chez ces jeunes vapoteurs.<\/p>\n<ul>\n<li>Cette progression du vapotage chez les jeunes est li\u00e9e \u00e0 l\u2019entr\u00e9e des fabricants de tabac sur le march\u00e9 canadien, suite \u00e0 la l\u00e9galisation des cigarettes \u00e9lectroniques avec de la nicotine en mai 2018.<\/li>\n<li>Il s\u2019ensuit L\u2019adoption par le gouvernement f\u00e9d\u00e9ral et les diff\u00e9rentes provinces de toute une s\u00e9rie de mesures visant \u00e0 r\u00e9duire cette consommation <a href=\"#_ftn3\" name=\"_ftnref3\">[3]<\/a>.<\/li>\n<li>L&rsquo;\u00e9tude a \u00e9galement mesur\u00e9 les tendances en mati\u00e8re de consommation de cigarettes \u00e9lectroniques chez les jeunes aux \u00c9tats-Unis<a href=\"#_ftn4\" name=\"_ftnref4\">[4]<\/a> et en Angleterre. On constate une augmentation \u00e9galement tr\u00e8s importante aux Etats Unis avec une pr\u00e9valence passant de 11,1% en 2017 \u00e0 18,5% en 2019. La hausse enregistr\u00e9e en Angleterre est relativement plus faible, de 8,7% en 2017 \u00e0 12,6% en 2019 mais elle n\u2019est pas n\u00e9gligeable. Cette moindre \u00e9volution s\u2019explique probablement par le fait que l&rsquo;Angleterre a instaur\u00e9 de plus grandes restrictions en mati\u00e8re de publicit\u00e9 pour les cigarettes \u00e9lectroniques que le Canada ou les \u00c9tats-Unis. En outre l&rsquo;Angleterre a transpos\u00e9 une des directives de l\u2019Union Europ\u00e9enne sur les produits du tabac qui pr\u00e9voit une concentration maximale de nicotine de 20 mg \/ ml. Une telle mesure n&rsquo;existe ni au Canada ni aux \u00c9tats-Unis. Certains niveaux de nicotine dans les produits de cigarettes \u00e9lectroniques Juul, Vype et Logic au Canada sont de 59 mg \/ ml, ou 57 mg \/ ml, soit presque le triple du maximum autoris\u00e9 au sein de l&rsquo;UE<a href=\"#_ftn5\" name=\"_ftnref5\">[5]<\/a>.<\/li>\n<\/ul>\n<hr \/>\n<p><a href=\"#_ftnref1\" name=\"_ftn1\">[1]<\/a> Les chiffres indiqu\u00e9s dans les notes ci-dessus pour la pr\u00e9valence de vapotage chez les jeunes concernent les 30 derniers jours, ce qui est le plus couramment utilis\u00e9 pour la pr\u00e9valence du tabagisme chez les jeunes.<\/p>\n<p><a href=\"#_ftnref2\" name=\"_ftn2\">[2]<\/a> David Hammond, Vicki L. Rynard, Jessica L. Reid \u201cChanges in Prevalence of Vaping Among Youths in the United States, Canada, and England from 2017 to 2019\u201d <em>JAMA Pediatrics<\/em>, p<strong>ublished online May 4, 2020. doi:10.1001\/jamapediatrics.2020.0901<\/strong><\/p>\n<p><a href=\"#_ftnref3\" name=\"_ftn3\">[3]<\/a> <a href=\"https:\/\/www.generationsanstabac.org\/actualites\/durcissement-legislation-vapotage-canadav\/\">https:\/\/www.generationsanstabac.org\/actualites\/durcissement-legislation-vapotage-canadav\/<\/a><\/p>\n<p><a href=\"#_ftnref4\" name=\"_ftn4\">[4]<\/a> <a href=\"https:\/\/www.cdc.gov\/tobacco\/basic_information\/e-cigarettes\/surgeon-general-advisory\/index.html\">https:\/\/www.cdc.gov\/tobacco\/basic_information\/e-cigarettes\/surgeon-general-advisory\/index.html<\/a><\/p>\n<p><a href=\"#_ftnref5\" name=\"_ftn5\">[5]<\/a> <a href=\"https:\/\/www.economie.gouv.fr\/dgccrf\/Publications\/Vie-pratique\/Fiches-pratiques\/cigarette-electronique\">https:\/\/www.economie.gouv.fr\/dgccrf\/Publications\/Vie-pratique\/Fiches-pratiques\/cigarette-electronique<\/a><\/p>\n","protected":false},"excerpt":{"rendered":"<p>la proportion de jeunes vapoteurs \u00e2g\u00e9s de 16 \u00e0 19 ans a plus que doubl\u00e9 au Canada sur une p\u00e9riode de deux ans, de 2017 \u00e0 2019<\/p>\n","protected":false},"featured_media":19681,"template":"","tags":[],"thematique":[516,474],"class_list":["post-19710","actualites","type-actualites","status-publish","has-post-thumbnail","hentry","thematique-nouveaux-produits","thematique-sante"],"acf":[],"_links":{"self":[{"href":"https:\/\/www.generationsanstabac.org\/fr\/wp-json\/wp\/v2\/actualites\/19710","targetHints":{"allow":["GET"]}}],"collection":[{"href":"https:\/\/www.generationsanstabac.org\/fr\/wp-json\/wp\/v2\/actualites"}],"about":[{"href":"https:\/\/www.generationsanstabac.org\/fr\/wp-json\/wp\/v2\/types\/actualites"}],"version-history":[{"count":0,"href":"https:\/\/www.generationsanstabac.org\/fr\/wp-json\/wp\/v2\/actualites\/19710\/revisions"}],"wp:featuredmedia":[{"embeddable":true,"href":"https:\/\/www.generationsanstabac.org\/fr\/wp-json\/wp\/v2\/media\/19681"}],"wp:attachment":[{"href":"https:\/\/www.generationsanstabac.org\/fr\/wp-json\/wp\/v2\/media?parent=19710"}],"wp:term":[{"taxonomy":"post_tag","embeddable":true,"href":"https:\/\/www.generationsanstabac.org\/fr\/wp-json\/wp\/v2\/tags?post=19710"},{"taxonomy":"thematique","embeddable":true,"href":"https:\/\/www.generationsanstabac.org\/fr\/wp-json\/wp\/v2\/thematique?post=19710"}],"curies":[{"name":"wp","href":"https:\/\/api.w.org\/{rel}","templated":true}]}}