{"id":19701,"date":"2020-05-04T08:05:23","date_gmt":"2020-05-04T06:05:23","guid":{"rendered":"https:\/\/www.generationsanstabac.org\/actualites\/covid19-nicotine-prudence-interpretation-observations-fragiles\/"},"modified":"2020-05-04T08:05:23","modified_gmt":"2020-05-04T06:05:23","slug":"covid19-nicotine-prudence-interpretation-observations-fragiles","status":"publish","type":"actualites","link":"https:\/\/www.generationsanstabac.org\/fr\/actualites\/covid19-nicotine-prudence-interpretation-observations-fragiles\/","title":{"rendered":"Covid19 et nicotine, prudence sur l\u2019interpr\u00e9tation d\u2019observations \u00ab fragiles \u00bb"},"content":{"rendered":"<p>Des chercheurs de l&rsquo;Universit\u00e9 de Bath, partenaire de l\u2019organisation <a href=\"https:\/\/exposetobacco.org\/\">STOP<\/a> (organisme de veille \u00e0 l\u2019\u00e9chelle internationale qui suit les pratiques d\u2019interf\u00e9rence de  l\u2019industrie du tabac dans les politiques publiques), ont publi\u00e9 l\u2019analyse de deux \u00e9tudes controvers\u00e9es r\u00e9alis\u00e9es par des m\u00e9decins\/chercheurs \u00e0 l\u2019H\u00f4pital de la Piti\u00e9-Salp\u00eatri\u00e8re \u00e0 Paris qui \u00e9mettent l\u2019hypoth\u00e8se que la consommation de nicotine pourrait prot\u00e9ger contre le risque de contracter le COVID19.<\/p>\n<p>Ces chercheurs de Bath indiquent que les r\u00e9sultats de ces deux \u00e9tudes, qui ne sont pas encore formellement publi\u00e9es dans des revues scientifiques \u00e0 comit\u00e9 de lecture,  vont \u00e0 l\u2019encontre de ceux d\u00e9j\u00e0 publi\u00e9s portant sur les liens entre tabagisme et COVID19, et les m\u00e9canismes physiopathologiques concernant cette infection.<\/p>\n<p>Ce document publi\u00e9<a href=\"#_ftn1\" name=\"_ftnref1\">[1]<\/a> fait \u00e9tat de faiblesses m\u00e9thodologiques concernant ces deux \u00e9tudes.<\/p>\n<p>A titre d\u2019illustration : la majorit\u00e9 des sujets suivis sont des professionnels de sant\u00e9 chez qui, d\u2019une part, la pr\u00e9valence tabagique est bien moindre qu\u2019en population g\u00e9n\u00e9rale, et, d\u2019autre part, les risques d\u2019exposition \u00e0 une infection au virus Covid19 sont plus \u00e9lev\u00e9s de par leur activit\u00e9 professionnelle. Il est d\u00e8s lors difficile de comparer cet \u00e9chantillon \u00ab biais\u00e9 \u00bb \u00e0 la population g\u00e9n\u00e9rale et de conclure \u00e0 l\u2019existence d\u2019un lien prouv\u00e9 entre tabagisme et risque de contracter l\u2019infection. De plus, n\u2019ont pas \u00e9t\u00e9 pris en compte dans cette \u00e9tude les patients Covid + les plus s\u00e9v\u00e8res, c\u2019est-\u00e0-dire ceux hospitalis\u00e9s en r\u00e9animation.<\/p>\n<p>Les autorit\u00e9s sanitaires fran\u00e7aises ont imm\u00e9diatement alert\u00e9 la population afin de pr\u00e9venir contre des interpr\u00e9tations erron\u00e9es, en rappelant  qu\u2019il s\u2019agissait d\u2019\u00e9tudes observationnelles, qui ne permettent pas de conclure et qui s\u2019inscrivent dans un processus g\u00e9n\u00e9ral de recherches. Les pouvoirs publics ont \u00e0 juste titre  rappel\u00e9 la n\u00e9cessit\u00e9 pour les fumeurs d\u2019arr\u00eater de fumer le plus vite possible, et ont alert\u00e9 les non-fumeurs quant aux risques de consommer de la nicotine.<\/p>\n<p>A ce titre, les autorit\u00e9s fran\u00e7aises ont promulgu\u00e9 un arr\u00eat\u00e9 limitant les ventes de substituts nicotiniques afin d\u2019\u00e9viter des achats de panique et des consommations inappropri\u00e9es.<\/p>\n<p><a href=\"https:\/\/www.generationsanstabac.org\/\">\u00a9G\u00e9n\u00e9ration Sans Tabac<\/a><\/p>\n<hr \/>\n<p><a href=\"#_ftnref1\" name=\"_ftn1\">[1]<\/a> <a href=\"https:\/\/exposetobacco.org\/news\/flawed-covid19-studies\/\">https:\/\/exposetobacco.org\/news\/flawed-covid19-studies\/<\/a><\/p>\n<p><span style=\"color: #e8e8e8;\"><strong><a style=\"color: #e8e8e8;\" href=\"http:\/\/www.cnct.fr\/\" target=\"_blank\" rel=\"noopener noreferrer\"> \u00a9Comit\u00e9 National Contre le Tabagisme |<\/a><\/strong><\/span><\/p>\n","protected":false},"excerpt":{"rendered":"<p>Des m\u00e9decins fran\u00e7ais \u00e9mettent l\u2019hypoth\u00e8se que la consommation de nicotine pourrait prot\u00e9ger contre le risque de contracter le COVID19.<\/p>\n","protected":false},"featured_media":15092,"template":"","tags":[],"thematique":[474],"class_list":["post-19701","actualites","type-actualites","status-publish","has-post-thumbnail","hentry","thematique-sante"],"acf":[],"_links":{"self":[{"href":"https:\/\/www.generationsanstabac.org\/fr\/wp-json\/wp\/v2\/actualites\/19701","targetHints":{"allow":["GET"]}}],"collection":[{"href":"https:\/\/www.generationsanstabac.org\/fr\/wp-json\/wp\/v2\/actualites"}],"about":[{"href":"https:\/\/www.generationsanstabac.org\/fr\/wp-json\/wp\/v2\/types\/actualites"}],"version-history":[{"count":0,"href":"https:\/\/www.generationsanstabac.org\/fr\/wp-json\/wp\/v2\/actualites\/19701\/revisions"}],"wp:featuredmedia":[{"embeddable":true,"href":"https:\/\/www.generationsanstabac.org\/fr\/wp-json\/wp\/v2\/media\/15092"}],"wp:attachment":[{"href":"https:\/\/www.generationsanstabac.org\/fr\/wp-json\/wp\/v2\/media?parent=19701"}],"wp:term":[{"taxonomy":"post_tag","embeddable":true,"href":"https:\/\/www.generationsanstabac.org\/fr\/wp-json\/wp\/v2\/tags?post=19701"},{"taxonomy":"thematique","embeddable":true,"href":"https:\/\/www.generationsanstabac.org\/fr\/wp-json\/wp\/v2\/thematique?post=19701"}],"curies":[{"name":"wp","href":"https:\/\/api.w.org\/{rel}","templated":true}]}}