{"id":19689,"date":"2020-04-28T10:02:06","date_gmt":"2020-04-28T08:02:06","guid":{"rendered":"https:\/\/www.generationsanstabac.org\/actualites\/smoke-free-partnership-tabagisme-et-covid-19-ce-quil-faut-retenir\/"},"modified":"2020-04-28T10:02:06","modified_gmt":"2020-04-28T08:02:06","slug":"smoke-free-partnership-tabagisme-et-covid-19-ce-quil-faut-retenir","status":"publish","type":"actualites","link":"https:\/\/www.generationsanstabac.org\/fr\/actualites\/smoke-free-partnership-tabagisme-et-covid-19-ce-quil-faut-retenir\/","title":{"rendered":"Tabagisme et COVID-19 : ce qu\u2019il faut retenir"},"content":{"rendered":"<p style=\"text-align: justify;\">Dans ce contexte exceptionnel de pand\u00e9mie, \u00e0 l\u2019heure o\u00f9 de nombreuses informations contradictoires circulent sur les effets du tabagisme et de la nicotine sur le COVID-19, la coalition Smoke Free Partnership fait le point des \u00e9l\u00e9ments probants \u00e0 ce jour, et appelle les gouvernements \u00e0 la vigilance \u00e0 plusieurs niveaux.<\/p>\n<p style=\"text-align: justify;\">D\u2019abord, il est av\u00e9r\u00e9 que la consommation de tabac est associ\u00e9e \u00e0 des risques plus \u00e9lev\u00e9s de complications graves et de d\u00e9c\u00e8s par Covid-19. Le tabagisme \u00e9tant un facteur de risque pour l\u2019hypertension et le diab\u00e8te, il est ainsi un facteur de risque direct et indirect de contracter une forme s\u00e9v\u00e8re de COVID-19. Selon les donn\u00e9es disponibles \u00e0 ce jour, on estime que les fumeurs sont davantage susceptibles de souffrir de sympt\u00f4mes graves et de finir en soins intensifs, d\u2019avoir recours \u00e0 un syst\u00e8me de ventilation m\u00e9canique ou de d\u00e9c\u00e9der, par rapport aux patients non-fumeurs.<\/p>\n<p style=\"text-align: justify;\">L\u2019Alliance Smoke Free Partnership appelle les gouvernements \u00e0 renforcer la lutte antitabac, en s\u2019appuyant sur la soci\u00e9t\u00e9 civile, au niveau europ\u00e9en et des Etats membres comme au niveau mondial. Cela permettrait d\u2019att\u00e9nuer la gravit\u00e9 de la crise sanitaire \u00e0 court terme, et permettrait la durabilit\u00e9 des syst\u00e8mes de sant\u00e9 \u00e0 long-terme. Il est donc indispensable pour les gouvernements de soutenir la pr\u00e9vention contre le tabagisme, les campagnes d\u2019arr\u00eat imm\u00e9diat, ainsi que la production et la diffusion d\u2019informations ind\u00e9pendantes et fiables.<\/p>\n<p style=\"text-align: justify;\">Enfin, Smoke Free Partnership tire la sonnette d\u2019alarme quant aux op\u00e9rations entreprises ces derni\u00e8res semaines par l\u2019industrie du tabac en mati\u00e8re de responsabilit\u00e9 sociale des entreprises. Il est n\u00e9cessaire que les gouvernements prennent des mesures pour emp\u00eacher les cigarettiers de tirer profit de ces actions, compte tenu de l\u2019ampleur de l\u2019impact sanitaire directement li\u00e9 \u00e0 l\u2019activit\u00e9 de ces derniers. L\u2019article 5.3 de la Convention-cadre de l\u2019Organisation Mondiale de la Sant\u00e9 pour la Lutte Antitabac (CCLAT) pr\u00e9voit une r\u00e9glementation stricte des interactions entre l\u2019industrie du tabac et les d\u00e9cideurs publics, tandis que l\u2019article 13 interdit toute forme de publicit\u00e9 directe ou indirecte en faveur des produits du tabac.<\/p>\n<h3 style=\"text-align: center;\"><a href=\"https:\/\/www.generationsanstabac.org\/wp-content\/uploads\/2020\/04\/D\u00e9claration-de-la-Coalition-Smoke-Free-Partnership-sur-le-COVID-19-et-la-lutte-antitabac.pdf\">D\u00e9claration de la Coalition Smoke-Free Partnership sur le COVID-19 et la lutte antitabac<\/a> (en fran\u00e7ais)<\/h3>\n<hr \/>\n<p><a href=\"https:\/\/www.generationsanstabac.org\/\">\u00a9G\u00e9n\u00e9ration Sans Tabac<\/a><\/p>\n<p><span style=\"color: #e8e8e8;\"><strong><a style=\"color: #e8e8e8;\" href=\"http:\/\/www.cnct.fr\/\" target=\"_blank\" rel=\"noopener noreferrer\">Comit\u00e9 National Contre le Tabagisme |<\/a><\/strong><\/span><\/p>\n","protected":false},"excerpt":{"rendered":"<p>La coalition Smoke-Free Partnership fait le point des \u00e9l\u00e9ments probants \u00e0 ce jour, et appelle les gouvernements \u00e0 la vigilance \u00e0 plusieurs niveaux.<\/p>\n","protected":false},"featured_media":9826,"template":"","tags":[],"thematique":[474],"class_list":["post-19689","actualites","type-actualites","status-publish","has-post-thumbnail","hentry","thematique-sante"],"acf":[],"_links":{"self":[{"href":"https:\/\/www.generationsanstabac.org\/fr\/wp-json\/wp\/v2\/actualites\/19689","targetHints":{"allow":["GET"]}}],"collection":[{"href":"https:\/\/www.generationsanstabac.org\/fr\/wp-json\/wp\/v2\/actualites"}],"about":[{"href":"https:\/\/www.generationsanstabac.org\/fr\/wp-json\/wp\/v2\/types\/actualites"}],"version-history":[{"count":0,"href":"https:\/\/www.generationsanstabac.org\/fr\/wp-json\/wp\/v2\/actualites\/19689\/revisions"}],"wp:featuredmedia":[{"embeddable":true,"href":"https:\/\/www.generationsanstabac.org\/fr\/wp-json\/wp\/v2\/media\/9826"}],"wp:attachment":[{"href":"https:\/\/www.generationsanstabac.org\/fr\/wp-json\/wp\/v2\/media?parent=19689"}],"wp:term":[{"taxonomy":"post_tag","embeddable":true,"href":"https:\/\/www.generationsanstabac.org\/fr\/wp-json\/wp\/v2\/tags?post=19689"},{"taxonomy":"thematique","embeddable":true,"href":"https:\/\/www.generationsanstabac.org\/fr\/wp-json\/wp\/v2\/thematique?post=19689"}],"curies":[{"name":"wp","href":"https:\/\/api.w.org\/{rel}","templated":true}]}}